{"id":37116,"date":"2025-08-08T14:21:54","date_gmt":"2025-08-08T12:21:54","guid":{"rendered":"https:\/\/www.iceagetv.com\/radiosite\/?p=37116"},"modified":"2025-08-08T14:21:58","modified_gmt":"2025-08-08T12:21:58","slug":"un-immeuble-sest-effondre-en-plein-centre-ville-a-amiens-des-recherches-en-cours-pour-determiner-si-des-personnes-se-trouvaient-a-linterieur","status":"publish","type":"post","link":"https:\/\/www.iceagetv.com\/radiosite\/un-immeuble-sest-effondre-en-plein-centre-ville-a-amiens-des-recherches-en-cours-pour-determiner-si-des-personnes-se-trouvaient-a-linterieur\/","title":{"rendered":"Un immeuble s\u2019est effondr\u00e9 en plein centre-ville \u00e0 Amiens &#8211; Des recherches en cours pour d\u00e9terminer si des personnes se trouvaient \u00e0 l&rsquo;int\u00e9rieur"},"content":{"rendered":"\n<p class=\"\">Ce vendredi, \u00e0 la mi-journ\u00e9e, un immeuble &#8211; un ancien h\u00f4tel Ibis &#8211; s&rsquo;est effondr\u00e9 dans le centre-ville d&rsquo;Amiens, selon<a href=\"https:\/\/www.courrier-picard.fr\/id651080\/article\/2025-08-08\/lancien-hotel-ibis-seffondre-dans-le-centre-ville-damiens\" target=\"_blank\" rel=\"noreferrer noopener\">&nbsp;Le Courrier Picard<\/a>.<\/p>\n\n\n\n<p class=\"\">Les secours se sont rendus sur place. Un p\u00e9rim\u00e8tre de s\u00e9curit\u00e9 a \u00e9t\u00e9 dress\u00e9. A l&rsquo;heure actuelle, les secours m\u00e8nent des recherches pour savoir \u00ab\u00a0s&rsquo;il y avait des personnes \u00e0 l&rsquo;int\u00e9rieur au moment du sinistre ou bien si le b\u00e2timent \u00e9tait inoccup\u00e9\u00a0\u00bb, d\u00e9clare la pr\u00e9fecture.<\/p>\n\n\n\n<p class=\"\">Les causes de cet effondrement ne sont pas connues. \u00ab\u00a0Des personnes vivant dans le secteur ont \u00e9t\u00e9 \u00e9vacu\u00e9es. Elles peuvent \u00eatre accueillies au gymnase de la Veillere, situ\u00e9 \u00e0 proximit\u00e9 du lieu d\u2019effondrement\u00a0\u00bb, indique Le Courrier Picard.&nbsp;<\/p>\n\n\n\n<p class=\"\"><a href=\"https:\/\/www.francebleu.fr\/infos\/faits-divers-justice\/un-immeuble-s-effondre-dans-le-centre-ville-d-amiens-8201300\" target=\"_blank\" rel=\"noreferrer noopener\">ICI<\/a>&nbsp;ajoute que&nbsp;43 sapeurs-pompiers de la Somme sont mobilis\u00e9s, trois du Pas-de-Calais de la brigade cynophile ainsi que des pompiers sp\u00e9cialis\u00e9s en sauvetage et d\u00e9blaiement.<\/p>\n","protected":false},"excerpt":{"rendered":"<p>Ce vendredi, \u00e0 la mi-journ\u00e9e, un immeuble &#8211; un ancien h\u00f4tel Ibis &#8211; s&rsquo;est effondr\u00e9 dans le centre-ville d&rsquo;Amiens, selon&nbsp;Le Courrier Picard. Les secours se sont rendus sur place. Un p\u00e9rim\u00e8tre de s\u00e9curit\u00e9 a \u00e9t\u00e9 dress\u00e9. A l&rsquo;heure actuelle, les secours m\u00e8nent des recherches pour savoir \u00ab\u00a0s&rsquo;il y avait des personnes \u00e0 l&rsquo;int\u00e9rieur au moment [&hellip;]<\/p>\n","protected":false},"author":2,"featured_media":37117,"comment_status":"open","ping_status":"open","sticky":false,"template":"","format":"standard","meta":{"_jetpack_memberships_contains_paid_content":false,"footnotes":"","jetpack_publicize_message":"","jetpack_publicize_feature_enabled":true,"jetpack_social_post_already_shared":true,"jetpack_social_options":{"image_generator_settings":{"template":"highway","default_image_id":0,"font":"","enabled":true,"token":"eyJpbWciOiJodHRwczpcL1wvd3d3LmljZWFnZXR2LmNvbVwvcmFkaW9zaXRlXC93cC1jb250ZW50XC91cGxvYWRzXC8yMDI1XC8wOFwvUm9ZakpaOW8uanBnIiwidHh0IjoiVW4gaW1tZXVibGUgc1x1MjAxOWVzdCBlZmZvbmRyXHUwMGU5IGVuIHBsZWluIGNlbnRyZS12aWxsZSBcdTAwZTAgQW1pZW5zICYjODIxMTsgRGVzIHJlY2hlcmNoZXMgZW4gY291cnMgcG91ciBkXHUwMGU5dGVybWluZXIgc2kgZGVzIHBlcnNvbm5lcyBzZSB0cm91dmFpZW50IFx1MDBlMCBsJiM4MjE3O2ludFx1MDBlOXJpZXVyIiwidGVtcGxhdGUiOiJoaWdod2F5IiwiZm9udCI6IiIsImJsb2dfaWQiOjExMTAxNjQ2MX0.TqeWlkG-g0TuGwR0KrPWwl7MrypZLroNs8aSv6MvdwsMQ"},"version":2},"_wpas_customize_per_network":false},"categories":[405],"tags":[],"class_list":["post-37116","post","type-post","status-publish","format-standard","has-post-thumbnail","hentry","category-actu-france-monde"],"jetpack_publicize_connections":[],"jetpack_featured_media_url":"https:\/\/i0.wp.com\/www.iceagetv.com\/radiosite\/wp-content\/uploads\/2025\/08\/RoYjJZ9o.jpg?fit=679%2C293&ssl=1","jetpack_sharing_enabled":true,"_links":{"self":[{"href":"https:\/\/www.iceagetv.com\/radiosite\/wp-json\/wp\/v2\/posts\/37116","targetHints":{"allow":["GET"]}}],"collection":[{"href":"https:\/\/www.iceagetv.com\/radiosite\/wp-json\/wp\/v2\/posts"}],"about":[{"href":"https:\/\/www.iceagetv.com\/radiosite\/wp-json\/wp\/v2\/types\/post"}],"author":[{"embeddable":true,"href":"https:\/\/www.iceagetv.com\/radiosite\/wp-json\/wp\/v2\/users\/2"}],"replies":[{"embeddable":true,"href":"https:\/\/www.iceagetv.com\/radiosite\/wp-json\/wp\/v2\/comments?post=37116"}],"version-history":[{"count":1,"href":"https:\/\/www.iceagetv.com\/radiosite\/wp-json\/wp\/v2\/posts\/37116\/revisions"}],"predecessor-version":[{"id":37118,"href":"https:\/\/www.iceagetv.com\/radiosite\/wp-json\/wp\/v2\/posts\/37116\/revisions\/37118"}],"wp:featuredmedia":[{"embeddable":true,"href":"https:\/\/www.iceagetv.com\/radiosite\/wp-json\/wp\/v2\/media\/37117"}],"wp:attachment":[{"href":"https:\/\/www.iceagetv.com\/radiosite\/wp-json\/wp\/v2\/media?parent=37116"}],"wp:term":[{"taxonomy":"category","embeddable":true,"href":"https:\/\/www.iceagetv.com\/radiosite\/wp-json\/wp\/v2\/categories?post=37116"},{"taxonomy":"post_tag","embeddable":true,"href":"https:\/\/www.iceagetv.com\/radiosite\/wp-json\/wp\/v2\/tags?post=37116"}],"curies":[{"name":"wp","href":"https:\/\/api.w.org\/{rel}","templated":true}]}}