{"id":3712,"date":"2016-01-06T20:08:19","date_gmt":"2016-01-06T20:08:19","guid":{"rendered":"http:\/\/www.iceagetv.com\/radiosite\/?p=3712"},"modified":"2016-01-06T20:08:19","modified_gmt":"2016-01-06T20:08:19","slug":"manuel-valls-refuse-decheance-francais","status":"publish","type":"post","link":"https:\/\/www.iceagetv.com\/radiosite\/manuel-valls-refuse-decheance-francais\/","title":{"rendered":"Manuel Valls refuse la d\u00e9ch\u00e9ance pour tous les Fran\u00e7ais"},"content":{"rendered":"<p>\n\tLe premier ministre a une nouvelle fois d&eacute;fendu la mesure du gouvernement mercredi lors d&#39;une interview sur BFMTV accord&eacute;e depuis son bureau de Matignon.e d&eacute;bat est peut-&ecirc;tre &laquo;faux&raquo;, mais il existe et il bat son plein. Apr&egrave;s&nbsp;s&#39;&ecirc;tre exprim&eacute; sur Facebook durant les vacances de No&euml;l pour d&eacute;fendre la d&eacute;ch&eacute;ance de nationalit&eacute; pour les binationaux n&eacute;s Fran&ccedil;ais condamn&eacute;s pour crime terroriste, Manuel Valls a une nouvelle fois d&eacute;fendu la mesure mercredi lors d&#39;une interview sur BFMTV accord&eacute;e depuis son bureau de Matignon. L&#39;occasion de rejeter l&#39;id&eacute;e, d&eacute;fendue par certains au sein de la majorit&eacute;, d&#39;&eacute;tendre &agrave; tous les Fran&ccedil;ais la possibilit&eacute; d&#39;&ecirc;tre d&eacute;chus de leur nationalit&eacute;. &laquo;Nous ne pouvons pas cr&eacute;er des apatrides&raquo;, a expliqu&eacute; le premier ministre.\n<\/p>\n<p>\n\tDans une tribune publi&eacute;e plus t&ocirc;t dans&nbsp;L&#39;Obs, Manuel Valls avait d&eacute;plor&eacute; les &laquo;faux d&eacute;bats fond&eacute;s sur des all&eacute;gations trompeuses&raquo; qui se d&eacute;veloppent au PS, notamment sur la question de la d&eacute;ch&eacute;ance de nationalit&eacute;. Depuis la confirmation par Fran&ccedil;ois Hollande que la mesure figurerait bien dans sa r&eacute;forme de la Constitution, le premier ministre d&eacute;roule en boucle le m&ecirc;me discours. &laquo;La d&eacute;ch&eacute;ance de nationalit&eacute; ne porte pas atteinte au droit du sol, ni &agrave; la binationalit&eacute;. Elle vise exclusivement des terroristes, condamn&eacute;s pour crime&nbsp;; des Fran&ccedil;ais qui ont fait le choix de frapper des Fran&ccedil;ais.&raquo;\n<\/p>\n<p>\n\tDes solutions alternatives\n<\/p>\n<p>\n\tEn dehors de ses partisans au sein du PS, il a pour l&#39;heure du mal &agrave; convaincre le reste des socialistes.&nbsp;M&ecirc;me les proches de Fran&ccedil;ois Hollande s&#39;efforcent de chercher des solutions alternatives.&nbsp;Mercredi, c&#39;est un fid&egrave;le du pr&eacute;sident, le d&eacute;put&eacute; Bernard Roman, qui y a &eacute;t&eacute; de sa proposition: remplacer la d&eacute;ch&eacute;ance de nationalit&eacute; par&nbsp;une peine d&#39;indignit&eacute; nationale. Laquelle priverait &laquo;d&#39;un certain nombre d&#39;attributs de la nationalit&eacute; tous les auteurs d&#39;actes terroristes condamn&eacute;s&raquo; nationaux ou binationaux. Il en va ainsi au PS o&ugrave; pas un jour ne passe sans nouvelle attaque contre la mesure de Fran&ccedil;ois Hollande ou sans proposition alternative. Au point d&#39;en agacer certains, &agrave; l&#39;instar du d&eacute;put&eacute; Pascal Cherki, selon qui &laquo;la Constitution de la R&eacute;publique n&#39;est pas une motion de synth&egrave;se du PS. Stop au concours L&eacute;pine sur la d&eacute;ch&eacute;ance. Soyons s&eacute;rieux!&raquo;\n<\/p>\n<p>\n\tPour tenter de mettre de l&#39;ordre dans ses troupes, le premier secr&eacute;taire du PS s&#39;est &agrave; son tour engag&eacute; dans le d&eacute;bat. Mais la ligne du parti n&#39;est pas apparue plus claire pour autant, du moins sur la question de la d&eacute;ch&eacute;ance de la nationalit&eacute; pour les binationaux. &laquo;Faut-il l&#39;union nationale contre le terrorisme? R&eacute;ponse: oui. Faut-il mettre dans la Constitution l&#39;&eacute;tat d&#39;urgence? R&eacute;ponse: oui. Faut-il d&eacute;nier le droit d&#39;&ecirc;tre fran&ccedil;ais aux terroristes qui nous d&eacute;nient le droit d&#39;&ecirc;tre Fran&ccedil;ais? R&eacute;ponse: oui. Faut-il qu&#39;il y ait des discriminations entre Fran&ccedil;ais? R&eacute;ponse: non, pas de discrimination entre les Fran&ccedil;ais. Faut-il qu&#39;il y ait des apatrides? Non&nbsp;&raquo;, a &eacute;dict&eacute; Jean-Christophe Cambad&eacute;lis. Et donc? M&ecirc;me chez les socialistes, on se perd en interpr&eacute;tations sur ce qu&#39;a bien pu vouloir dire le patron du PS. C&#39;est que le d&eacute;bat &agrave; la direction du parti n&#39;est pas termin&eacute;. La position officielle ne sera arr&ecirc;t&eacute;e qu&#39;en d&eacute;but de semaine prochaine, ce qui laisse tout le temps aux d&eacute;tracteurs de la mesure de continuer &agrave; la d&eacute;noncer.\n<\/p>\n<p>\n\tRiposte m&eacute;diatique\n<\/p>\n<p>\n\tD&#39;o&ugrave; la riposte m&eacute;diatique de Manuel Valls dont l&#39;intensit&eacute; refl&egrave;te l&#39;ampleur du malaise au PS. &laquo;Nous devons plus que jamais mettre de c&ocirc;t&eacute; les querelles futiles!&raquo; a-t-il plaid&eacute; sur BFMTV en r&eacute;futant l&#39;id&eacute;e que la mesure pourrait cr&eacute;er deux cat&eacute;gories de Fran&ccedil;ais, nationaux et binationaux. &laquo;Mais s&#39;il y a deux cat&eacute;gories de Fran&ccedil;ais, c&#39;est une poign&eacute;e de terroristes d&#39;un c&ocirc;t&eacute;, et de l&#39;autre, l&#39;immense majorit&eacute; des Fran&ccedil;ais&raquo;, a-t-il assur&eacute; en rappelant que &laquo;cette mesure implacable s&#39;appliquera &agrave; des terroristes qui seront condamn&eacute;s pour des crimes particuli&egrave;rement graves&raquo;.\n<\/p>\n<p>\n\tQuant &agrave;&nbsp;l&#39;opposition des socialistes, &laquo;je suis convaincu que la r&eacute;vision de la Constitution sera adopt&eacute;e &agrave; une tr&egrave;s large majorit&eacute;. Ce besoin d&#39;unit&eacute; et de rassemblement que demandent les Fran&ccedil;ais va s&#39;imposer aux parlementaires&raquo;, a-t-il assur&eacute;. Au-del&agrave; des critiques, il n&#39;a pas &eacute;chapp&eacute; au premier ministre, ni au pr&eacute;sident de la R&eacute;publique, que la d&eacute;ch&eacute;ance de nationalit&eacute; &eacute;tait largement approuv&eacute;e dans les sondages: &laquo;Ce que je constate, c&#39;est le soutien et l&#39;approbation des Fran&ccedil;ais.&raquo; Manuel Valls joue l&#39;opinion contre le parti. Ce n&#39;est pas la premi&egrave;re fois. C&#39;est en partie comme cela qu&#39;il &eacute;tait arriv&eacute; &agrave; Matignon.<\/p>\n","protected":false},"excerpt":{"rendered":"<p>Le premier ministre a une nouvelle fois d&eacute;fendu la mesure du gouvernement mercredi lors d&#39;une interview sur BFMTV accord&eacute;e depuis son bureau de Matignon.e d&eacute;bat est peut-&ecirc;tre &laquo;faux&raquo;, mais il existe et il bat son plein. Apr&egrave;s&nbsp;s&#39;&ecirc;tre exprim&eacute; sur Facebook durant les vacances de No&euml;l pour d&eacute;fendre la d&eacute;ch&eacute;ance de nationalit&eacute; pour les binationaux n&eacute;s [&hellip;]<\/p>\n","protected":false},"author":2,"featured_media":3713,"comment_status":"open","ping_status":"open","sticky":false,"template":"","format":"standard","meta":{"_jetpack_memberships_contains_paid_content":false,"footnotes":"","jetpack_publicize_message":"","jetpack_publicize_feature_enabled":true,"jetpack_social_post_already_shared":false,"jetpack_social_options":{"image_generator_settings":{"template":"highway","default_image_id":0,"font":"","enabled":false},"version":2},"_wpas_customize_per_network":false},"categories":[405],"tags":[581],"class_list":["post-3712","post","type-post","status-publish","format-standard","has-post-thumbnail","hentry","category-actu-france-monde","tag-manuel-valls"],"jetpack_publicize_connections":[],"jetpack_featured_media_url":"https:\/\/i0.wp.com\/www.iceagetv.com\/radiosite\/wp-content\/uploads\/2016\/01\/Manuel-Valls.jpg?fit=805%2C453&ssl=1","jetpack_sharing_enabled":true,"_links":{"self":[{"href":"https:\/\/www.iceagetv.com\/radiosite\/wp-json\/wp\/v2\/posts\/3712","targetHints":{"allow":["GET"]}}],"collection":[{"href":"https:\/\/www.iceagetv.com\/radiosite\/wp-json\/wp\/v2\/posts"}],"about":[{"href":"https:\/\/www.iceagetv.com\/radiosite\/wp-json\/wp\/v2\/types\/post"}],"author":[{"embeddable":true,"href":"https:\/\/www.iceagetv.com\/radiosite\/wp-json\/wp\/v2\/users\/2"}],"replies":[{"embeddable":true,"href":"https:\/\/www.iceagetv.com\/radiosite\/wp-json\/wp\/v2\/comments?post=3712"}],"version-history":[{"count":1,"href":"https:\/\/www.iceagetv.com\/radiosite\/wp-json\/wp\/v2\/posts\/3712\/revisions"}],"predecessor-version":[{"id":3714,"href":"https:\/\/www.iceagetv.com\/radiosite\/wp-json\/wp\/v2\/posts\/3712\/revisions\/3714"}],"wp:featuredmedia":[{"embeddable":true,"href":"https:\/\/www.iceagetv.com\/radiosite\/wp-json\/wp\/v2\/media\/3713"}],"wp:attachment":[{"href":"https:\/\/www.iceagetv.com\/radiosite\/wp-json\/wp\/v2\/media?parent=3712"}],"wp:term":[{"taxonomy":"category","embeddable":true,"href":"https:\/\/www.iceagetv.com\/radiosite\/wp-json\/wp\/v2\/categories?post=3712"},{"taxonomy":"post_tag","embeddable":true,"href":"https:\/\/www.iceagetv.com\/radiosite\/wp-json\/wp\/v2\/tags?post=3712"}],"curies":[{"name":"wp","href":"https:\/\/api.w.org\/{rel}","templated":true}]}}