{"id":37123,"date":"2025-08-08T16:10:54","date_gmt":"2025-08-08T14:10:54","guid":{"rendered":"https:\/\/www.iceagetv.com\/radiosite\/?p=37123"},"modified":"2025-08-08T16:10:58","modified_gmt":"2025-08-08T14:10:58","slug":"un-adolescent-de-15-ans-a-ete-place-en-detention-au-danemark-il-est-soupconne-davoir-prepare-avec-deux-camarades-une-fusillade-contre-une-ecole-a-declare-la-police","status":"publish","type":"post","link":"https:\/\/www.iceagetv.com\/radiosite\/un-adolescent-de-15-ans-a-ete-place-en-detention-au-danemark-il-est-soupconne-davoir-prepare-avec-deux-camarades-une-fusillade-contre-une-ecole-a-declare-la-police\/","title":{"rendered":"Un adolescent de 15 ans a \u00e9t\u00e9 plac\u00e9 en d\u00e9tention au Danemark: Il est soup\u00e7onn\u00e9 d\u2019avoir pr\u00e9par\u00e9 avec deux camarades une fusillade contre une \u00e9cole, a d\u00e9clar\u00e9 la police"},"content":{"rendered":"\n<p class=\"\">Au Danemark, un adolescent de 15 ans a \u00e9t\u00e9 plac\u00e9 en d\u00e9tention, soup\u00e7onn\u00e9 d\u2019avoir pr\u00e9par\u00e9, avec deux camarades, une fusillade contre une \u00e9cole, a d\u00e9clar\u00e9 jeudi la police.<\/p>\n\n\n\n<p class=\"\">\u00ab&nbsp;Le vendredi 1er ao\u00fbt 2025, la police du sud-est du Jutland (ouest) a re\u00e7u une plainte concernant la planification d\u2019une fusillade dans une \u00e9cole, l\u2019\u00e9cole Sct. Michaels \u00e0 Kolding&nbsp;\u00bb dans le sud du pays, a-t-elle \u00e9crit dans un communiqu\u00e9.<\/p>\n\n\n\n<p class=\"\">Selon les autorit\u00e9s, il n\u2019existe pas \u00ab&nbsp;de danger r\u00e9el et concret pour l\u2019\u00e9cole en question ou pour des personnes en particulier&nbsp;\u00bb.<\/p>\n\n\n\n<p class=\"\">Sur la base de la plainte, trois mineurs ont \u00e9t\u00e9 arr\u00eat\u00e9s et \u00ab&nbsp;l\u2019un des suspects arr\u00eat\u00e9s, \u00e2g\u00e9 de 15 ans, a \u00e9t\u00e9 pr\u00e9sent\u00e9 \u00e0 l\u2019audience pr\u00e9liminaire pour tentative d\u2019homicide et plac\u00e9 en d\u00e9tention provisoire pour quatre semaines&nbsp;\u00bb, a pr\u00e9cis\u00e9 la police.<\/p>\n\n\n\n<p class=\"\">Les deux autres suspects n\u2019ont pas atteint la majorit\u00e9 l\u00e9gale. Ils ont \u00e9t\u00e9 lib\u00e9r\u00e9s apr\u00e8s avoir \u00e9t\u00e9 interrog\u00e9s, a indiqu\u00e9 la police, qui n\u2019a pas donn\u00e9 de d\u00e9tails sur l\u2019identit\u00e9 des suspects.<\/p>\n\n\n\n<p class=\"\">L\u2019\u00e9cole contre laquelle l\u2019attaque \u00e9tait pr\u00e9vue est un \u00e9tablissement priv\u00e9 de Kolding, la huiti\u00e8me ville du pays scandinave, dans lequel les vacances scolaires prennent fin autour du 11 ao\u00fbt. Les suspects sont \u00e9l\u00e8ves d\u2019un autre \u00e9tablissement, d\u2019apr\u00e8s un communiqu\u00e9 de la ville.<\/p>\n","protected":false},"excerpt":{"rendered":"<p>Au Danemark, un adolescent de 15 ans a \u00e9t\u00e9 plac\u00e9 en d\u00e9tention, soup\u00e7onn\u00e9 d\u2019avoir pr\u00e9par\u00e9, avec deux camarades, une fusillade contre une \u00e9cole, a d\u00e9clar\u00e9 jeudi la police. \u00ab&nbsp;Le vendredi 1er ao\u00fbt 2025, la police du sud-est du Jutland (ouest) a re\u00e7u une plainte concernant la planification d\u2019une fusillade dans une \u00e9cole, l\u2019\u00e9cole Sct. Michaels [&hellip;]<\/p>\n","protected":false},"author":2,"featured_media":37124,"comment_status":"open","ping_status":"open","sticky":false,"template":"","format":"standard","meta":{"_jetpack_memberships_contains_paid_content":false,"footnotes":"","jetpack_publicize_message":"","jetpack_publicize_feature_enabled":true,"jetpack_social_post_already_shared":true,"jetpack_social_options":{"image_generator_settings":{"template":"highway","default_image_id":0,"font":"","enabled":true,"token":"eyJpbWciOiJodHRwczpcL1wvd3d3LmljZWFnZXR2LmNvbVwvcmFkaW9zaXRlXC93cC1jb250ZW50XC91cGxvYWRzXC8yMDI1XC8wOFwvdzQ2S0FDdnkuanBnIiwidHh0IjoiVW4gYWRvbGVzY2VudCBkZSAxNSBhbnMgYSBcdTAwZTl0XHUwMGU5IHBsYWNcdTAwZTkgZW4gZFx1MDBlOXRlbnRpb24gYXUgRGFuZW1hcms6IElsIGVzdCBzb3VwXHUwMGU3b25uXHUwMGU5IGRcdTIwMTlhdm9pciBwclx1MDBlOXBhclx1MDBlOSBhdmVjIGRldXggY2FtYXJhZGVzIHVuZSBmdXNpbGxhZGUgY29udHJlIHVuZSBcdTAwZTljb2xlLCBhIGRcdTAwZTljbGFyXHUwMGU5IGxhIHBvbGljZSIsInRlbXBsYXRlIjoiaGlnaHdheSIsImZvbnQiOiIiLCJibG9nX2lkIjoxMTEwMTY0NjF9.FayNwpCZ9nUe-XINgPwwhrf_HFjmQ8JN2LA2bbk_AfkMQ"},"version":2},"_wpas_customize_per_network":false},"categories":[405],"tags":[],"class_list":["post-37123","post","type-post","status-publish","format-standard","has-post-thumbnail","hentry","category-actu-france-monde"],"jetpack_publicize_connections":[],"jetpack_featured_media_url":"https:\/\/i0.wp.com\/www.iceagetv.com\/radiosite\/wp-content\/uploads\/2025\/08\/w46KACvy.jpg?fit=679%2C293&ssl=1","jetpack_sharing_enabled":true,"_links":{"self":[{"href":"https:\/\/www.iceagetv.com\/radiosite\/wp-json\/wp\/v2\/posts\/37123","targetHints":{"allow":["GET"]}}],"collection":[{"href":"https:\/\/www.iceagetv.com\/radiosite\/wp-json\/wp\/v2\/posts"}],"about":[{"href":"https:\/\/www.iceagetv.com\/radiosite\/wp-json\/wp\/v2\/types\/post"}],"author":[{"embeddable":true,"href":"https:\/\/www.iceagetv.com\/radiosite\/wp-json\/wp\/v2\/users\/2"}],"replies":[{"embeddable":true,"href":"https:\/\/www.iceagetv.com\/radiosite\/wp-json\/wp\/v2\/comments?post=37123"}],"version-history":[{"count":1,"href":"https:\/\/www.iceagetv.com\/radiosite\/wp-json\/wp\/v2\/posts\/37123\/revisions"}],"predecessor-version":[{"id":37125,"href":"https:\/\/www.iceagetv.com\/radiosite\/wp-json\/wp\/v2\/posts\/37123\/revisions\/37125"}],"wp:featuredmedia":[{"embeddable":true,"href":"https:\/\/www.iceagetv.com\/radiosite\/wp-json\/wp\/v2\/media\/37124"}],"wp:attachment":[{"href":"https:\/\/www.iceagetv.com\/radiosite\/wp-json\/wp\/v2\/media?parent=37123"}],"wp:term":[{"taxonomy":"category","embeddable":true,"href":"https:\/\/www.iceagetv.com\/radiosite\/wp-json\/wp\/v2\/categories?post=37123"},{"taxonomy":"post_tag","embeddable":true,"href":"https:\/\/www.iceagetv.com\/radiosite\/wp-json\/wp\/v2\/tags?post=37123"}],"curies":[{"name":"wp","href":"https:\/\/api.w.org\/{rel}","templated":true}]}}