{"id":37128,"date":"2025-08-08T16:18:30","date_gmt":"2025-08-08T14:18:30","guid":{"rendered":"https:\/\/www.iceagetv.com\/radiosite\/?p=37128"},"modified":"2025-08-08T16:18:34","modified_gmt":"2025-08-08T14:18:34","slug":"la-chaleur-revient-en-force-sur-une-grande-partie-de-la-france-28-departements-sont-places-en-vigilance-orange-canicule-demain-decouvrez-la-carte","status":"publish","type":"post","link":"https:\/\/www.iceagetv.com\/radiosite\/la-chaleur-revient-en-force-sur-une-grande-partie-de-la-france-28-departements-sont-places-en-vigilance-orange-canicule-demain-decouvrez-la-carte\/","title":{"rendered":"La chaleur revient en force sur une grande partie de la France: 28 d\u00e9partements sont plac\u00e9s en vigilance orange canicule demain &#8211; D\u00e9couvrez la carte"},"content":{"rendered":"\n<p class=\"\"><strong>&nbsp;28 d\u00e9partements sont plac\u00e9s en vigilance orange canicule demain en raison des fortes chaleurs.<\/strong>&nbsp;\u00ab\u00a0Ce samedi, l&rsquo;\u00e9pisode caniculaire s&rsquo;\u00e9tend \u00e0 la Dordogne et l&rsquo;Aude ainsi qu&rsquo;au Puy de D\u00f4me et au nord des Alpes. Fortes chaleurs sur les d\u00e9partements limitrophes\u00a0\u00bb, explique M\u00e9t\u00e9o-France dans son nouveau bulletin.&nbsp;<\/p>\n\n\n\n<p class=\"\"><strong>&#8211; Qualification<\/strong>&nbsp;: \u00c9pisode de canicule n\u00e9cessitant une vigilance particuli\u00e8re notamment pour les personnes sensibles ou expos\u00e9es.<\/p>\n\n\n\n<p class=\"\"><strong>&#8211; \u00c9volution pr\u00e9vue<\/strong>&nbsp;: Samedi, les temp\u00e9ratures augmenteront avec des minimales largement comprises entre 20 et 22\u00b0C en Occitanie, et en vall\u00e9e du Rh\u00f4ne.<\/p>\n\n\n\n<p class=\"\">Dans l&rsquo;apr\u00e8s-midi, sur une grande partie de la moiti\u00e9 sud, les temp\u00e9ratures seront comprises entre 37 et 39\u00b0C, et localement on pourra atteindre les 40\u00b0C.<\/p>\n","protected":false},"excerpt":{"rendered":"<p>&nbsp;28 d\u00e9partements sont plac\u00e9s en vigilance orange canicule demain en raison des fortes chaleurs.&nbsp;\u00ab\u00a0Ce samedi, l&rsquo;\u00e9pisode caniculaire s&rsquo;\u00e9tend \u00e0 la Dordogne et l&rsquo;Aude ainsi qu&rsquo;au Puy de D\u00f4me et au nord des Alpes. Fortes chaleurs sur les d\u00e9partements limitrophes\u00a0\u00bb, explique M\u00e9t\u00e9o-France dans son nouveau bulletin.&nbsp; &#8211; Qualification&nbsp;: \u00c9pisode de canicule n\u00e9cessitant une vigilance particuli\u00e8re notamment [&hellip;]<\/p>\n","protected":false},"author":2,"featured_media":37129,"comment_status":"open","ping_status":"open","sticky":false,"template":"","format":"standard","meta":{"_jetpack_memberships_contains_paid_content":false,"footnotes":"","jetpack_publicize_message":"","jetpack_publicize_feature_enabled":true,"jetpack_social_post_already_shared":true,"jetpack_social_options":{"image_generator_settings":{"template":"highway","default_image_id":0,"font":"","enabled":true,"token":"eyJpbWciOiJodHRwczpcL1wvd3d3LmljZWFnZXR2LmNvbVwvcmFkaW9zaXRlXC93cC1jb250ZW50XC91cGxvYWRzXC8yMDI1XC8wOFwvMjgtZGVwYXJ0ZW1lbnRzLXNvbnQtcGxhY2VzLWVuLXZpZ2lsYW5jZS1vcmFuZ2UtY2FuaWN1bGUtZGVtYWluLmpwZyIsInR4dCI6IkxhIGNoYWxldXIgcmV2aWVudCBlbiBmb3JjZSBzdXIgdW5lIGdyYW5kZSBwYXJ0aWUgZGUgbGEgRnJhbmNlOiAyOCBkXHUwMGU5cGFydGVtZW50cyBzb250IHBsYWNcdTAwZTlzIGVuIHZpZ2lsYW5jZSBvcmFuZ2UgY2FuaWN1bGUgZGVtYWluICYjODIxMTsgRFx1MDBlOWNvdXZyZXogbGEgY2FydGUiLCJ0ZW1wbGF0ZSI6ImhpZ2h3YXkiLCJmb250IjoiIiwiYmxvZ19pZCI6MTExMDE2NDYxfQ.5VDsCSJmlcboj6uh6srR9quWynBioX63Xp9v6Ou1T9YMQ"},"version":2},"_wpas_customize_per_network":false},"categories":[14],"tags":[],"class_list":["post-37128","post","type-post","status-publish","format-standard","has-post-thumbnail","hentry","category-actu-meteo"],"jetpack_publicize_connections":[],"jetpack_featured_media_url":"https:\/\/i0.wp.com\/www.iceagetv.com\/radiosite\/wp-content\/uploads\/2025\/08\/28-departements-sont-places-en-vigilance-orange-canicule-demain.jpg?fit=704%2C635&ssl=1","jetpack_sharing_enabled":true,"_links":{"self":[{"href":"https:\/\/www.iceagetv.com\/radiosite\/wp-json\/wp\/v2\/posts\/37128","targetHints":{"allow":["GET"]}}],"collection":[{"href":"https:\/\/www.iceagetv.com\/radiosite\/wp-json\/wp\/v2\/posts"}],"about":[{"href":"https:\/\/www.iceagetv.com\/radiosite\/wp-json\/wp\/v2\/types\/post"}],"author":[{"embeddable":true,"href":"https:\/\/www.iceagetv.com\/radiosite\/wp-json\/wp\/v2\/users\/2"}],"replies":[{"embeddable":true,"href":"https:\/\/www.iceagetv.com\/radiosite\/wp-json\/wp\/v2\/comments?post=37128"}],"version-history":[{"count":1,"href":"https:\/\/www.iceagetv.com\/radiosite\/wp-json\/wp\/v2\/posts\/37128\/revisions"}],"predecessor-version":[{"id":37130,"href":"https:\/\/www.iceagetv.com\/radiosite\/wp-json\/wp\/v2\/posts\/37128\/revisions\/37130"}],"wp:featuredmedia":[{"embeddable":true,"href":"https:\/\/www.iceagetv.com\/radiosite\/wp-json\/wp\/v2\/media\/37129"}],"wp:attachment":[{"href":"https:\/\/www.iceagetv.com\/radiosite\/wp-json\/wp\/v2\/media?parent=37128"}],"wp:term":[{"taxonomy":"category","embeddable":true,"href":"https:\/\/www.iceagetv.com\/radiosite\/wp-json\/wp\/v2\/categories?post=37128"},{"taxonomy":"post_tag","embeddable":true,"href":"https:\/\/www.iceagetv.com\/radiosite\/wp-json\/wp\/v2\/tags?post=37128"}],"curies":[{"name":"wp","href":"https:\/\/api.w.org\/{rel}","templated":true}]}}