{"id":37132,"date":"2025-08-09T08:16:33","date_gmt":"2025-08-09T06:16:33","guid":{"rendered":"https:\/\/www.iceagetv.com\/radiosite\/?p=37132"},"modified":"2025-08-09T08:16:36","modified_gmt":"2025-08-09T06:16:36","slug":"violent-incendie-dans-laude-les-reseaux-deau-potable-de-nouveau-fonctionnels-mais-la-prudence-pronee-par-la-prefecture-pour-la-consommation","status":"publish","type":"post","link":"https:\/\/www.iceagetv.com\/radiosite\/violent-incendie-dans-laude-les-reseaux-deau-potable-de-nouveau-fonctionnels-mais-la-prudence-pronee-par-la-prefecture-pour-la-consommation\/","title":{"rendered":"Violent incendie dans l\u2019Aude\u00a0: les r\u00e9seaux d\u2019eau potable de nouveau fonctionnels, mais la prudence pr\u00f4n\u00e9e par la pr\u00e9fecture pour la consommation"},"content":{"rendered":"\n<p class=\"\">D\u00e8s le d\u00e9but de l\u2019incendie, de nombreuses communes ont \u00e9t\u00e9 impact\u00e9es par des coupures en eau potable et en \u00e9lectricit\u00e9. Si de nombreuses interventions techniques ont eu lieu pour aller vers un retour \u00e0 la normale, des foyers restaient encore priv\u00e9s d\u2019\u00e9lectricit\u00e9 ce vendredi 8 ao\u00fbt et des mesures de pr\u00e9caution s\u2019imposent pour l\u2019eau.Mardi 5\u00a0ao\u00fbt, c\u2019est en soir\u00e9e que\u00a0la premi\u00e8re alerte est venue de Saint-Laurent-de-la-Cabrerisse\u00a0:\u00a0<em>\u00ab\u00a0Notre astreinte a \u00e9t\u00e9 sollicit\u00e9e par le maire, pour des coupures d\u2019eau\u00a0\u00bb,<\/em>\u00a0pr\u00e9cisait Fr\u00e9d\u00e9ric Salin, directeur du territoire Aude pour Veolia, ce vendredi 8\u00a0ao\u00fbt. Dans la soir\u00e9e, un groupe \u00e9lectrog\u00e8ne \u00e9tait install\u00e9 au niveau du pompage de la commune. Le d\u00e9but d\u2019une longue s\u00e9rie d\u2019interventions, partag\u00e9es par les \u00e9quipes du d\u00e9l\u00e9gataire et de R\u00e9seau 11, syndicat mixte en charge de la production.\u00c0 Coustouge et Jonqui\u00e8res, deux autres groupes \u00e9lectrog\u00e8nes ont \u00e9t\u00e9 livr\u00e9s le mercredi 6\u00a0ao\u00fbt, pour relancer\u00a0<em>\u00ab\u00a0le forage et le pompage\u00a0\u00bb<\/em>. Mais en raison de canalisations touch\u00e9es par l\u2019incendie, et pour \u00e9viter la perte de l\u2019eau remise en service,\u00a0<em>\u00ab\u00a0il a fallu fermer des branchements. La remise en eau a \u00e9t\u00e9 possible ce matin.\u00a0\u00bb\u00a0<\/em>A Durban-Corbi\u00e8res, une commune qui depuis le 10\u00a0juillet\u00a0doit compter sur du citernage pour son approvisionnement en eau potable, c\u2019est<em>\u00a0\u00ab\u00a0mercredi, \u00e0 23\u00a0h, que le groupe \u00e9lectrog\u00e8ne a \u00e9t\u00e9 livr\u00e9\u00a0\u00bb<\/em>. Dans ce village, o\u00f9 l\u2019eau \u00e9tait encore coup\u00e9e ce vendredi matin, Veolia a laiss\u00e9 plusieurs bidons de gasoil, pour permettre\u00a0l\u2019alimentation du groupe \u00e9lectrog\u00e8ne, et\u00a0<em>\u00ab\u00a0assurer le week-end\u00a0\u00bb<\/em>.\u00c0 Villes\u00e8que-des-Corbi\u00e8res, un autre groupe \u00e9lectrog\u00e8ne a permis la remise en eau le jeudi 7&nbsp;ao\u00fbt. Andr\u00e9 Viola, pr\u00e9sident de R\u00e9seau 11, compl\u00e9tait l\u2019\u00e9tat des lieux en \u00e9voquant<em>&nbsp;\u00ab\u00a0un groupe \u00e9lectrog\u00e8ne qui doit \u00eatre livr\u00e9 \u00e0 Albas dans la journ\u00e9e\u00a0\u00bb<\/em>. Et n\u2019oubliait pas d\u2019\u00e9voquer les palettes de bouteille d\u2019eau distribu\u00e9es \u00e0 Saint-Laurent et Durban-Corbi\u00e8res. Au fil de ces journ\u00e9es, Veolia aura aussi \u00e9t\u00e9 particuli\u00e8rement vigilant aux ressources du syndicat intercommunal d\u2019adduction en eau de la r\u00e9gion de l\u2019Orbieu (SIARO)&nbsp;:<em>&nbsp;\u00ab\u00a0Les pompiers ont tir\u00e9 l\u2019eau sur ce r\u00e9seau, dans les communes qui n\u2019\u00e9taient pas directement impact\u00e9es.\u00a0\u00bb&nbsp;<\/em>Avec des besoins chiffr\u00e9s&nbsp;:<em>&nbsp;\u00ab\u00a0Nous sommes pass\u00e9s d\u2019une consommation journali\u00e8re moyenne de 6&nbsp;000&nbsp;m<sup>3<\/sup>&nbsp;\u00e0 7&nbsp;000&nbsp;m<sup>3<\/sup>&nbsp;pendant l\u2019incendie, soit quasiment 20&nbsp;% de besoins en plus en eau.\u00a0\u00bb&nbsp;<\/em>Du c\u00f4t\u00e9 de l\u2019eau potable, l\u2019heure pourrait donc \u00eatre \u00e0 la reprise, pr\u00e9cise Fr\u00e9d\u00e9ric Salin, qui soulignait l\u2019op\u00e9ration de&nbsp;<em>\u00ab\u00a0javellisation de l\u2019ensemble des r\u00e9servoirs pour d\u00e9sinfecter des stockages qui s\u2019\u00e9taient compl\u00e8tement vid\u00e9s\u00a0\u00bb<\/em>.<\/p>\n\n\n\n<h2 class=\"wp-block-heading\">Des analyses de l\u2019eau en cours dans neuf communes<\/h2>\n\n\n\n<p class=\"\">Mais \u00e0&nbsp;18&nbsp;h&nbsp;30, ce vendredi, la pr\u00e9fecture de l\u2019Aude misait sur la pr\u00e9caution&nbsp;:&nbsp;<em>\u00ab\u00a0Pour ce qui concerne la consommation d\u2019eau courante, des analyses sont en cours pour s\u2019assurer de la&nbsp;potabilit\u00e9 de l\u2019eau. Dans l\u2019attente de ces r\u00e9sultats, il est recommand\u00e9 de ne pas consommer l\u2019eau du robinet et d\u2019utiliser de l\u2019eau embouteill\u00e9e dans les communes de Durban, Coustouge, Saint-Laurent de la Cabrerisse, Villes\u00e8que-des-Corbi\u00e8res, Th\u00e9zan, Jonqui\u00e8res, Albas, Quintillan et Villeneuve-les-Corbi\u00e8res. Les personnes qui&nbsp;r\u00e9int\u00e8grent leur domicile dans ces communes peuvent se rapprocher de la mairie afin d\u2019obtenir des&nbsp;packs d\u2019eau.\u00a0\u00bb<\/em>&nbsp;A l\u2019exception de ces communes, la pr\u00e9fecture recommandait de&nbsp;<em>\u00ab\u00a0laisser couler les robinets int\u00e9rieurs pendant deux minutes avant de consommer l\u2019eau pour la boisson, la pr\u00e9paration de la nourriture et pour se laver\u00a0\u00bb et de&nbsp;\u00ab\u00a0laver \u00e0 l\u2019eau les l\u00e9gumes et fruits du jardin avant consommation et \u00e9plucher les l\u00e9gumes racine et&nbsp;tubercules.\u00a0\u00bb<\/em><\/p>\n\n\n\n<p class=\"\">Du c\u00f4t\u00e9 de l\u2019\u00e9lectricit\u00e9, 150 foyers priv\u00e9s&nbsp;d\u2019\u00e9lectricit\u00e9,<em>&nbsp;\u00ab\u00a0en particulier sur la commune de Fontjoncouse\u00a0\u00bb<\/em>, \u00e9taient encore recens\u00e9s \u00e0 18&nbsp;h ce vendredi (1&nbsp;300 \u00e0 11&nbsp;h), et Enedis travaillait \u00e0 une<em>&nbsp;\u00ab\u00a0r\u00e9alimentation dans les plus brefs d\u00e9lais\u00a0\u00bb<\/em>. Un chiffre symbole d\u2019un lent retour \u00e0 la normale, quand le mardi 5&nbsp;ao\u00fbt, \u00e0 23&nbsp;h, 4&nbsp;800 foyers \u00e9taient concern\u00e9s.<\/p>\n","protected":false},"excerpt":{"rendered":"<p>D\u00e8s le d\u00e9but de l\u2019incendie, de nombreuses communes ont \u00e9t\u00e9 impact\u00e9es par des coupures en eau potable et en \u00e9lectricit\u00e9. Si de nombreuses interventions techniques ont eu lieu pour aller vers un retour \u00e0 la normale, des foyers restaient encore priv\u00e9s d\u2019\u00e9lectricit\u00e9 ce vendredi 8 ao\u00fbt et des mesures de pr\u00e9caution s\u2019imposent pour l\u2019eau.Mardi 5\u00a0ao\u00fbt, [&hellip;]<\/p>\n","protected":false},"author":2,"featured_media":37133,"comment_status":"open","ping_status":"open","sticky":false,"template":"","format":"standard","meta":{"_jetpack_memberships_contains_paid_content":false,"footnotes":"","jetpack_publicize_message":"","jetpack_publicize_feature_enabled":true,"jetpack_social_post_already_shared":true,"jetpack_social_options":{"image_generator_settings":{"template":"highway","default_image_id":0,"font":"","enabled":true,"token":"eyJpbWciOiJodHRwczpcL1wvd3d3LmljZWFnZXR2LmNvbVwvcmFkaW9zaXRlXC93cC1jb250ZW50XC91cGxvYWRzXC8yMDI1XC8wOFwvbGVzLXJlc2VhdXgtZGVhdS1wb3RhYmxlLWRlLW5vdXZlYXUtZm9uY3Rpb25uZWxzLmpwZyIsInR4dCI6IlZpb2xlbnQgaW5jZW5kaWUgZGFucyBsXHUyMDE5QXVkZVx1MDBhMDogbGVzIHJcdTAwZTlzZWF1eCBkXHUyMDE5ZWF1IHBvdGFibGUgZGUgbm91dmVhdSBmb25jdGlvbm5lbHMsIG1haXMgbGEgcHJ1ZGVuY2UgcHJcdTAwZjRuXHUwMGU5ZSBwYXIgbGEgcHJcdTAwZTlmZWN0dXJlIHBvdXIgbGEgY29uc29tbWF0aW9uIiwidGVtcGxhdGUiOiJoaWdod2F5IiwiZm9udCI6IiIsImJsb2dfaWQiOjExMTAxNjQ2MX0.xwvUgkQAAqno5W3OB-_WlslTIkNTddu_rn852kpS4LoMQ"},"version":2},"_wpas_customize_per_network":false},"categories":[405],"tags":[],"class_list":["post-37132","post","type-post","status-publish","format-standard","has-post-thumbnail","hentry","category-actu-france-monde"],"jetpack_publicize_connections":[],"jetpack_featured_media_url":"https:\/\/i0.wp.com\/www.iceagetv.com\/radiosite\/wp-content\/uploads\/2025\/08\/les-reseaux-deau-potable-de-nouveau-fonctionnels.jpg?fit=722%2C381&ssl=1","jetpack_sharing_enabled":true,"_links":{"self":[{"href":"https:\/\/www.iceagetv.com\/radiosite\/wp-json\/wp\/v2\/posts\/37132","targetHints":{"allow":["GET"]}}],"collection":[{"href":"https:\/\/www.iceagetv.com\/radiosite\/wp-json\/wp\/v2\/posts"}],"about":[{"href":"https:\/\/www.iceagetv.com\/radiosite\/wp-json\/wp\/v2\/types\/post"}],"author":[{"embeddable":true,"href":"https:\/\/www.iceagetv.com\/radiosite\/wp-json\/wp\/v2\/users\/2"}],"replies":[{"embeddable":true,"href":"https:\/\/www.iceagetv.com\/radiosite\/wp-json\/wp\/v2\/comments?post=37132"}],"version-history":[{"count":1,"href":"https:\/\/www.iceagetv.com\/radiosite\/wp-json\/wp\/v2\/posts\/37132\/revisions"}],"predecessor-version":[{"id":37134,"href":"https:\/\/www.iceagetv.com\/radiosite\/wp-json\/wp\/v2\/posts\/37132\/revisions\/37134"}],"wp:featuredmedia":[{"embeddable":true,"href":"https:\/\/www.iceagetv.com\/radiosite\/wp-json\/wp\/v2\/media\/37133"}],"wp:attachment":[{"href":"https:\/\/www.iceagetv.com\/radiosite\/wp-json\/wp\/v2\/media?parent=37132"}],"wp:term":[{"taxonomy":"category","embeddable":true,"href":"https:\/\/www.iceagetv.com\/radiosite\/wp-json\/wp\/v2\/categories?post=37132"},{"taxonomy":"post_tag","embeddable":true,"href":"https:\/\/www.iceagetv.com\/radiosite\/wp-json\/wp\/v2\/tags?post=37132"}],"curies":[{"name":"wp","href":"https:\/\/api.w.org\/{rel}","templated":true}]}}