{"id":37141,"date":"2025-08-09T11:17:03","date_gmt":"2025-08-09T09:17:03","guid":{"rendered":"https:\/\/www.iceagetv.com\/radiosite\/?p=37141"},"modified":"2025-08-09T11:17:07","modified_gmt":"2025-08-09T09:17:07","slug":"incendie-meurtrier-dans-laude-une-fois-le-feu-eteint-comment-faire-renaitre-la-foret-calcinee","status":"publish","type":"post","link":"https:\/\/www.iceagetv.com\/radiosite\/incendie-meurtrier-dans-laude-une-fois-le-feu-eteint-comment-faire-renaitre-la-foret-calcinee\/","title":{"rendered":"Incendie meurtrier dans l&rsquo;Aude : une fois le feu \u00e9teint, comment faire rena\u00eetre la for\u00eat calcin\u00e9e\u00a0?"},"content":{"rendered":"\n<p class=\"\">Apr\u00e8s un incendie, la r\u00e9g\u00e9n\u00e9ration naturelle demeure le choix privil\u00e9gi\u00e9 de l&rsquo;ONF. Mais les bouleversements li\u00e9s au r\u00e9chauffement climatique rendent peu \u00e0 peu indispensables l&rsquo;action de l&rsquo;homme.<\/p>\n\n\n\n<p class=\"\">Les d\u00e9g\u00e2ts sont terribles dans le massif des Corbi\u00e8res. L&rsquo;incendie meurtrier, qui a d\u00e9but\u00e9 mardi 5 ao\u00fbt pr\u00e8s du village de Ribaute, dans l&rsquo;Aude, est le plus important connu par la France \u00ab\u00a0depuis 1949\u00a0\u00bb, a affirm\u00e9 la ministre de la Transition \u00e9cologique, Agn\u00e8s Pannier-Runacher, jeudi sur franceinfo. D\u00e9sormais fix\u00e9, il a parcouru l&rsquo;\u00e9quivalent de 17 000 hectares. Une fois le feu \u00e9teint, l&rsquo;Office national des for\u00eats (ONF), les collectivit\u00e9s et les services de l&rsquo;Etat vont devoir faire face \u00e0 une question : comment faire rena\u00eetre cette for\u00eat de ses cendres, apr\u00e8s un tel d\u00e9sastre ?<\/p>\n\n\n\n<p class=\"\">Face \u00e0 un paysage calcin\u00e9, la priorit\u00e9 consiste \u00e0 s\u00e9curiser les lieux et d&rsquo;\u00e9valuer les d\u00e9g\u00e2ts. Les agents forestiers de l&rsquo;ONF vont d&rsquo;abord identifier et couper les arbres qui menacent de tomber. Une expertise des risques secondaires d&rsquo;\u00e9rosion et d&rsquo;instabilit\u00e9 des sols sera \u00e9galement men\u00e9e. \u00ab\u00a0On fera tout cela \u00e0 l&rsquo;automne, avec l&rsquo;ambition de cicatriser les lieux pour le printemps\u00a0\u00bb, explique St\u00e9phane Villarubias, directeur de l&rsquo;agence territoriale de l&rsquo;ONF dans l&rsquo;Aude. Il faudra ensuite faire preuve de patience et attendre \u00ab\u00a0deux ou trois ann\u00e9es\u00a0\u00bb pour laisser pousser la v\u00e9g\u00e9tation existante, et d\u00e9cider d&rsquo;un reboisement artificiel ou non.<\/p>\n\n\n\n<p class=\"\">\u00ab\u00a0S&rsquo;appuyer sur ce qui revient naturellement\u00a0\u00bb<br>La surface br\u00fbl\u00e9e dans ce massif tr\u00e8s escarp\u00e9, entre Carcassonne et Narbonne, se caract\u00e9rise par une garrigue omnipr\u00e9sente, qui conf\u00e8re aux Corbi\u00e8res un aspect sauvage. Et ce, m\u00eame si des villages Saint-Laurent-de-la-Cabrerisse rappellent par endroits la pr\u00e9sence humaine. Dans ses recoins plus forestiers se trouvent des ch\u00eanes verts. Mais aussi des pins d&rsquo;Alep, des arbres dits \u00ab\u00a0pyrophiles\u00a0\u00bb, qui tirent profit du feu pour se reproduire. \u00ab\u00a0Leurs c\u00f4nes s&rsquo;ouvrent avec la chaleur et d\u00e9livrent des graines au sol\u00a0\u00bb, traduit St\u00e9phane Villarubias. Cette r\u00e9g\u00e9n\u00e9ration naturelle a les faveurs de l&rsquo;ONF et des associations environnementales.<\/p>\n\n\n\n<p class=\"\">\u00ab\u00a0Il faut d&rsquo;abord s&rsquo;appuyer sur ce qui revient naturellement pour retrouver l&rsquo;ambiance foresti\u00e8re\u00a0\u00bb d&rsquo;avant l&rsquo;incendie, appuie Christophe Chauvin, pilote du r\u00e9seau For\u00eats de France nature environnement (FNE). L&rsquo;ONF peut aider la nature en participant au d\u00e9broussaillement des v\u00e9g\u00e9taux. Il estime que dix ann\u00e9es sont ensuite n\u00e9cessaires pour que la for\u00eat reprenne quelques m\u00e8tres de hauteur et de ses couleurs. \u00ab\u00a0Il faut attendre 70 \u00e0 100 ans pour que les arbres atteignent leur hauteur de 10 \u00e0 20 m\u00e8tres\u00a0\u00bb, peut-on lire sur le site gouvernemental notre-environnement(Nouvelle fen\u00eatre).<\/p>\n\n\n\n<p class=\"\">Que faire alors lorsque la r\u00e9g\u00e9n\u00e9ration naturelle se r\u00e9v\u00e8le difficile ? Dans ce cas, la replantation par l&rsquo;homme reste privil\u00e9gi\u00e9e dans un deuxi\u00e8me temps. A titre d&rsquo;exemple, trois ans apr\u00e8s les incendies d\u00e9vastateurs de la for\u00eat des Landes, la r\u00e9partition naturelle des jeunes pousses appara\u00eet irr\u00e9guli\u00e8re au sol. Une plantation artificielle d&rsquo;arbres est d\u00e8s lors pr\u00e9vue \u00e0 compter de l&rsquo;automne.Selon St\u00e9phane Villarubias, cette solution reste co\u00fbteuse,&nbsp;<em>\u00ab\u00a0en moyenne 10&nbsp;000 euros l&rsquo;hectare\u00a0\u00bb,&nbsp;<\/em>tous arbres confondus.&nbsp;Elle le sera d&rsquo;autant plus dans l&rsquo;Aude, si l&rsquo;ONF et l&rsquo;Etat d\u00e9cident d&rsquo;actionner ce levier, alors que la s\u00e9cheresse perdure dans le d\u00e9partement, rendant la renaissance difficile, sans compter les \u00e9ventuels nouveaux feux. Leur probabilit\u00e9 s&rsquo;est d\u00e9multipli\u00e9e en raison du r\u00e9chauffement climatique, n\u00e9 des activit\u00e9s humaines.&nbsp;<em>\u00ab\u00a0D&rsquo;ici \u00e0 2050, la moiti\u00e9 des for\u00eats m\u00e9tropolitaines seront expos\u00e9es au risque d&rsquo;incendie, selon la Mission interminist\u00e9rielle relative au changement climatique et \u00e0 l&rsquo;extension des zones sensibles aux feux de for\u00eats\u00a0\u00bb<\/em>,&nbsp;<a href=\"https:\/\/www.notre-environnement.gouv.fr\/actualites\/breves\/article\/combien-de-departs-de-feux-de-forets-chaque-annee-en-france#:~:text=Il%20risque%20d'augmenter%20%C3%A0,sensibles%20aux%20feux%20de%20for%C3%AAts.\" target=\"_blank\" rel=\"noreferrer noopener\">rappelle notre-environnement(Nouvelle fen\u00eatre)<\/a>.<\/p>\n\n\n\n<h2 class=\"wp-block-heading\">Prendre en compte le r\u00e9chauffement climatique<\/h2>\n\n\n\n<p class=\"\">En plus d&rsquo;introduire des essences d&rsquo;arbres pour combler les manques, les forestiers peuvent trier les tiges naissantes en fonction de\u00a0leur inflammabilit\u00e9. Dans l&rsquo;Aude, la coupe de petits pins d&rsquo;Alep au profit des ch\u00eanes verts, lorsque ces arbres se feront concurrence, pourra \u00eatre envisag\u00e9e, rapportent les sp\u00e9cialistes. Une mani\u00e8re d&rsquo;acc\u00e9l\u00e9rer le repeuplement mixte entre r\u00e9sineux et feuillus, caract\u00e9ristique du territoire avant l&rsquo;incendie, tout en s&rsquo;adaptant mieux aux enjeux climatiques.\u00a0<em>\u00ab\u00a0Le feu va dix fois moins vite dans une for\u00eat de ch\u00eanes que de pins\u00a0\u00bb<\/em>, assure St\u00e9phane Villarubias.<em>\u00a0<\/em>La\u00a0r\u00e9silience de la for\u00eat doit aussi \u00eatre pens\u00e9e \u00e0 l&rsquo;\u00e9chelle de tout un territoire. Le d\u00e9partement de l&rsquo;Aude a la particularit\u00e9 d&rsquo;avoir perdu\u00a05\u00a0500 hectares de vignes\u00a0entre 2010 et 2020,\u00a0<a href=\"https:\/\/draaf.occitanie.agriculture.gouv.fr\/ra2020-aude-la-viticulture-predominante-malgre-son-recul-agreste-etudes-no10-a7147.html#:~:text=En%202020%2C%20la%20surface%20agricole,soit%20une%20baisse%20de%2010%20%25\" target=\"_blank\" rel=\"noreferrer noopener\">selon les services du minist\u00e8re de l&rsquo;Agriculture(Nouvelle fen\u00eatre)(Nouvelle fen\u00eatre)<\/a>.\u00a0Or ces cultures avaient historiquement une fonction de coupe-feu naturel dans les Corbi\u00e8res. Elles ont \u00e9t\u00e9 arrach\u00e9es parce que les agriculteurs n&rsquo;arrivaient plus \u00e0 vivre de leur activit\u00e9, laissant place \u00e0 de la friche, tr\u00e8s inflammable, selon les professionnels et les \u00e9lus locaux.\u00a0Pour Christophe Chauvin, le paysage forestier doit \u00eatre r\u00e9invent\u00e9 en cassant<em>&nbsp;\u00ab\u00a0toute homog\u00e9n\u00e9it\u00e9\u00a0\u00bb.<\/em>&nbsp;Cela passe, selon lui, par le r\u00e9agencement de l&rsquo;espace naturel sous forme de&nbsp;<em>\u00ab\u00a0mosa\u00efque\u00a0\u00bb<\/em>.&nbsp;<em>\u00ab\u00a0L&rsquo;id\u00e9e, c&rsquo;est de faire cohabiter ensemble des parcelles diff\u00e9rentes, qu&rsquo;elles soient foresti\u00e8res, agricoles ou d\u00e9di\u00e9es \u00e0 l&rsquo;\u00e9levage\u00a0\u00bb<\/em>, explique-t-il. L&rsquo;ONF plaide aussi pour m\u00e9langer ces terrains. L&rsquo;int\u00e9r\u00eat est double&nbsp;:&nbsp;mieux se prot\u00e9ger du feu et favoriser l&rsquo;accessibilit\u00e9 aux for\u00eats pour les services de secours.<\/p>\n\n\n\n<p class=\"\">Mercredi, le s\u00e9nateur de l&rsquo;Aude S\u00e9bastien Pia, qui habite dans les Corbi\u00e8res,&nbsp;<a href=\"https:\/\/www.franceinfo.fr\/environnement\/evenements-meteorologiques-extremes\/incendies-et-feux-de-foret\/incendie-meurtrier-dans-l-aude\/incendie-dans-l-aude-le-meilleur-des-canadair-c-etait-la-vigne-qui-malheureusement-disparait-deplorent-les-jeunes-agriculteurs_7422679.html\">a lui-m\u00eame appel\u00e9 sur franceinfo<\/a>&nbsp;\u00e0 accompagner&nbsp;l&rsquo;agriculture du pourtour m\u00e9diterran\u00e9en<em>&nbsp;\u00ab\u00a0pour qu&rsquo;elle soit beaucoup plus r\u00e9siliente et efficace pour lutter contre ce risque d&rsquo;incendie\u00a0\u00bb<\/em>. Le pr\u00e9sident des Jeunes Agriculteurs souhaite \u00e9galement&nbsp;<em>\u00ab\u00a0la r\u00e9introduction de l&rsquo;agriculture\u00a0\u00bb,&nbsp;<\/em>et la construction&nbsp;<a href=\"https:\/\/www.franceinfo.fr\/faits-divers\/incendie\/incendie-de-l-aude-les-cultures-d-hier-ne-fonctionnent-plus-sur-ce-territoire-estime-la-ministre-de-la-transition-ecologique_7422658.html\"><em>\u00ab\u00a0de retenues d&rsquo;eau\u00a0\u00bb&nbsp;<\/em>pr\u00e8s des for\u00eats<\/a>.<\/p>\n\n\n\n<p class=\"\">Trouver un syst\u00e8me<strong>&nbsp;<\/strong>subventionn\u00e9 et durable ne sera pas une mince affaire, pr\u00e9vient St\u00e9phane Villarubias<em>. \u00ab\u00a0Sur le principe, on peut bien introduire des cultures de grenades, d&rsquo;abricots, ou faire revenir la vigne pour disposer de pare-feu. Mais il faut que cela puisse \u00eatre g\u00e9r\u00e9 par les agriculteurs et \u00eatre viable l\u00e0 aussi au regard du r\u00e9chauffement climatique<\/em>.\u00a0\u00bb Cette \u00e9quation complexe&nbsp;<em>\u00ab\u00a0doit amener le pays \u00e0 avoir&nbsp;<\/em><em>beaucoup d&rsquo;humilit\u00e9\u00a0\u00bb&nbsp;<\/em>sur le plan \u00e0 d\u00e9gainer dans l&rsquo;Aude.<\/p>\n","protected":false},"excerpt":{"rendered":"<p>Apr\u00e8s un incendie, la r\u00e9g\u00e9n\u00e9ration naturelle demeure le choix privil\u00e9gi\u00e9 de l&rsquo;ONF. Mais les bouleversements li\u00e9s au r\u00e9chauffement climatique rendent peu \u00e0 peu indispensables l&rsquo;action de l&rsquo;homme. Les d\u00e9g\u00e2ts sont terribles dans le massif des Corbi\u00e8res. L&rsquo;incendie meurtrier, qui a d\u00e9but\u00e9 mardi 5 ao\u00fbt pr\u00e8s du village de Ribaute, dans l&rsquo;Aude, est le plus important [&hellip;]<\/p>\n","protected":false},"author":2,"featured_media":37142,"comment_status":"open","ping_status":"open","sticky":false,"template":"","format":"standard","meta":{"_jetpack_memberships_contains_paid_content":false,"footnotes":"","jetpack_publicize_message":"","jetpack_publicize_feature_enabled":true,"jetpack_social_post_already_shared":true,"jetpack_social_options":{"image_generator_settings":{"template":"highway","default_image_id":0,"font":"","enabled":true,"token":"eyJpbWciOiJodHRwczpcL1wvd3d3LmljZWFnZXR2LmNvbVwvcmFkaW9zaXRlXC93cC1jb250ZW50XC91cGxvYWRzXC8yMDI1XC8wOFwvY29tbWVudC1mYWlyZS1yZW5haXRyZS1sYS1mb3JldC1jYWxjaW5lZS0xMDI0eDU4Mi5qcGciLCJ0eHQiOiJJbmNlbmRpZSBtZXVydHJpZXIgZGFucyBsJiM4MjE3O0F1ZGUgOiB1bmUgZm9pcyBsZSBmZXUgXHUwMGU5dGVpbnQsIGNvbW1lbnQgZmFpcmUgcmVuYVx1MDBlZXRyZSBsYSBmb3JcdTAwZWF0IGNhbGNpblx1MDBlOWVcdTAwYTA_IiwidGVtcGxhdGUiOiJoaWdod2F5IiwiZm9udCI6IiIsImJsb2dfaWQiOjExMTAxNjQ2MX0.zR4BDX-L6181jqINBaxf6JD4DFFwL3rTde_onsCUPeUMQ"},"version":2},"_wpas_customize_per_network":false},"categories":[405],"tags":[],"class_list":["post-37141","post","type-post","status-publish","format-standard","has-post-thumbnail","hentry","category-actu-france-monde"],"jetpack_publicize_connections":[],"jetpack_featured_media_url":"https:\/\/i0.wp.com\/www.iceagetv.com\/radiosite\/wp-content\/uploads\/2025\/08\/comment-faire-renaitre-la-foret-calcinee.jpg?fit=1171%2C666&ssl=1","jetpack_sharing_enabled":true,"_links":{"self":[{"href":"https:\/\/www.iceagetv.com\/radiosite\/wp-json\/wp\/v2\/posts\/37141","targetHints":{"allow":["GET"]}}],"collection":[{"href":"https:\/\/www.iceagetv.com\/radiosite\/wp-json\/wp\/v2\/posts"}],"about":[{"href":"https:\/\/www.iceagetv.com\/radiosite\/wp-json\/wp\/v2\/types\/post"}],"author":[{"embeddable":true,"href":"https:\/\/www.iceagetv.com\/radiosite\/wp-json\/wp\/v2\/users\/2"}],"replies":[{"embeddable":true,"href":"https:\/\/www.iceagetv.com\/radiosite\/wp-json\/wp\/v2\/comments?post=37141"}],"version-history":[{"count":1,"href":"https:\/\/www.iceagetv.com\/radiosite\/wp-json\/wp\/v2\/posts\/37141\/revisions"}],"predecessor-version":[{"id":37143,"href":"https:\/\/www.iceagetv.com\/radiosite\/wp-json\/wp\/v2\/posts\/37141\/revisions\/37143"}],"wp:featuredmedia":[{"embeddable":true,"href":"https:\/\/www.iceagetv.com\/radiosite\/wp-json\/wp\/v2\/media\/37142"}],"wp:attachment":[{"href":"https:\/\/www.iceagetv.com\/radiosite\/wp-json\/wp\/v2\/media?parent=37141"}],"wp:term":[{"taxonomy":"category","embeddable":true,"href":"https:\/\/www.iceagetv.com\/radiosite\/wp-json\/wp\/v2\/categories?post=37141"},{"taxonomy":"post_tag","embeddable":true,"href":"https:\/\/www.iceagetv.com\/radiosite\/wp-json\/wp\/v2\/tags?post=37141"}],"curies":[{"name":"wp","href":"https:\/\/api.w.org\/{rel}","templated":true}]}}