{"id":37168,"date":"2025-08-10T10:05:50","date_gmt":"2025-08-10T08:05:50","guid":{"rendered":"https:\/\/www.iceagetv.com\/radiosite\/?p=37168"},"modified":"2025-08-10T10:05:55","modified_gmt":"2025-08-10T08:05:55","slug":"budget-la-gouvernement-de-francois-bayrou-annonce-vouloir-faire-2-a-25-milliards-deuros-deconomies-par-an-de-2026-a-2029-sur-lassurance-chomage","status":"publish","type":"post","link":"https:\/\/www.iceagetv.com\/radiosite\/budget-la-gouvernement-de-francois-bayrou-annonce-vouloir-faire-2-a-25-milliards-deuros-deconomies-par-an-de-2026-a-2029-sur-lassurance-chomage\/","title":{"rendered":"Budget : La gouvernement de Fran\u00e7ois Bayrou annonce vouloir faire \u00ab\u00a02 \u00e0 2,5 milliards d&rsquo;euros\u00bb d&rsquo;\u00e9conomies par an de 2026 \u00e0 2029\u00a0\u00bb sur l&rsquo;assurance-ch\u00f4mage"},"content":{"rendered":"\n<p class=\"\">Le gouvernement a adress\u00e9 aux partenaires sociaux la \u00ablettre de cadrage\u00bb sur l&rsquo;assurance-ch\u00f4mage, feuille de route fixant le cadre de la n\u00e9gociation d&rsquo;une nouvelle r\u00e9forme, avec l&rsquo;objectif d&rsquo;atteindre \u00ab2 \u00e0 2,5 milliards d&rsquo;euros\u00bb d&rsquo;\u00e9conomies par an de 2026 \u00e0 2029, selon le document consult\u00e9 ce samedi par l&rsquo;AFP.<\/p>\n\n\n\n<p class=\"\">S&rsquo;ils acceptent d&rsquo;ouvrir une n\u00e9gociation sur l&rsquo;assurance-ch\u00f4mage, patronat et syndicats sont invit\u00e9s \u00e0 s&rsquo;accorder d&rsquo;ici au 15 novembre et \u00e0 d\u00e9gager entre \u00ab2 milliards d&rsquo;euros et 2,5 milliards d&rsquo;euros\u00bb d&rsquo;\u00e9conomies par an en moyenne au cours des quatre prochaines ann\u00e9es, \u00abavec une mont\u00e9e en charge progressive\u00bb pour atteindre \u00aba minima 4 milliards d&rsquo;euros d&rsquo;\u00e9conomies en r\u00e9gime de croisi\u00e8re \u00e0 partir de 2030\u00bb, selon ce document.<\/p>\n\n\n\n<p class=\"\">Afin de \u00abfavoriser le retour rapide \u00e0 l\u2019emploi\u00bb, le document de cadrage ajoute qu\u2019il faudra \u00abmodifier la dur\u00e9e minimale d\u2019emploi et la p\u00e9riode de r\u00e9f\u00e9rence n\u00e9cessaire \u00e0 l\u2019ouverture d\u2019un droit au ch\u00f4mage qui d\u00e9termine la dur\u00e9e maximale d\u2019indemnisation\u00bb.<\/p>\n\n\n\n<p class=\"\">Comme annonc\u00e9 pr\u00e9c\u00e9demment par l\u2019ex\u00e9cutif, figure \u00e9galement au menu des discussions un durcissement des r\u00e8gles d\u2019indemnisation des salari\u00e9s s\u2019inscrivant \u00e0 France Travail \u00e0 la suite d\u2019une rupture conventionnelle.<\/p>\n","protected":false},"excerpt":{"rendered":"<p>Le gouvernement a adress\u00e9 aux partenaires sociaux la \u00ablettre de cadrage\u00bb sur l&rsquo;assurance-ch\u00f4mage, feuille de route fixant le cadre de la n\u00e9gociation d&rsquo;une nouvelle r\u00e9forme, avec l&rsquo;objectif d&rsquo;atteindre \u00ab2 \u00e0 2,5 milliards d&rsquo;euros\u00bb d&rsquo;\u00e9conomies par an de 2026 \u00e0 2029, selon le document consult\u00e9 ce samedi par l&rsquo;AFP. S&rsquo;ils acceptent d&rsquo;ouvrir une n\u00e9gociation sur l&rsquo;assurance-ch\u00f4mage, [&hellip;]<\/p>\n","protected":false},"author":2,"featured_media":37169,"comment_status":"open","ping_status":"open","sticky":false,"template":"","format":"standard","meta":{"_jetpack_memberships_contains_paid_content":false,"footnotes":"","jetpack_publicize_message":"","jetpack_publicize_feature_enabled":true,"jetpack_social_post_already_shared":true,"jetpack_social_options":{"image_generator_settings":{"template":"highway","default_image_id":0,"font":"","enabled":true,"token":"eyJpbWciOiJodHRwczpcL1wvd3d3LmljZWFnZXR2LmNvbVwvcmFkaW9zaXRlXC93cC1jb250ZW50XC91cGxvYWRzXC8yMDI1XC8wOFwvMlJONHBVMHEuanBnIiwidHh0IjoiQnVkZ2V0IDogTGEgZ291dmVybmVtZW50IGRlIEZyYW5cdTAwZTdvaXMgQmF5cm91IGFubm9uY2Ugdm91bG9pciBmYWlyZSAmIzgyMjA7MiBcdTAwZTAgMiw1IG1pbGxpYXJkcyBkJiM4MjE3O2V1cm9zXHUwMGJiIGQmIzgyMTc7XHUwMGU5Y29ub21pZXMgcGFyIGFuIGRlIDIwMjYgXHUwMGUwIDIwMjkmIzgyMjE7IHN1ciBsJiM4MjE3O2Fzc3VyYW5jZS1jaFx1MDBmNG1hZ2UiLCJ0ZW1wbGF0ZSI6ImhpZ2h3YXkiLCJmb250IjoiIiwiYmxvZ19pZCI6MTExMDE2NDYxfQ.KozZbPNwWKGimmKozV7Xj8dv--D7gMxr4wVd2Avy8U0MQ"},"version":2},"_wpas_customize_per_network":false},"categories":[405],"tags":[],"class_list":["post-37168","post","type-post","status-publish","format-standard","has-post-thumbnail","hentry","category-actu-france-monde"],"jetpack_publicize_connections":[],"jetpack_featured_media_url":"https:\/\/i0.wp.com\/www.iceagetv.com\/radiosite\/wp-content\/uploads\/2025\/08\/2RN4pU0q.jpg?fit=679%2C293&ssl=1","jetpack_sharing_enabled":true,"_links":{"self":[{"href":"https:\/\/www.iceagetv.com\/radiosite\/wp-json\/wp\/v2\/posts\/37168","targetHints":{"allow":["GET"]}}],"collection":[{"href":"https:\/\/www.iceagetv.com\/radiosite\/wp-json\/wp\/v2\/posts"}],"about":[{"href":"https:\/\/www.iceagetv.com\/radiosite\/wp-json\/wp\/v2\/types\/post"}],"author":[{"embeddable":true,"href":"https:\/\/www.iceagetv.com\/radiosite\/wp-json\/wp\/v2\/users\/2"}],"replies":[{"embeddable":true,"href":"https:\/\/www.iceagetv.com\/radiosite\/wp-json\/wp\/v2\/comments?post=37168"}],"version-history":[{"count":1,"href":"https:\/\/www.iceagetv.com\/radiosite\/wp-json\/wp\/v2\/posts\/37168\/revisions"}],"predecessor-version":[{"id":37170,"href":"https:\/\/www.iceagetv.com\/radiosite\/wp-json\/wp\/v2\/posts\/37168\/revisions\/37170"}],"wp:featuredmedia":[{"embeddable":true,"href":"https:\/\/www.iceagetv.com\/radiosite\/wp-json\/wp\/v2\/media\/37169"}],"wp:attachment":[{"href":"https:\/\/www.iceagetv.com\/radiosite\/wp-json\/wp\/v2\/media?parent=37168"}],"wp:term":[{"taxonomy":"category","embeddable":true,"href":"https:\/\/www.iceagetv.com\/radiosite\/wp-json\/wp\/v2\/categories?post=37168"},{"taxonomy":"post_tag","embeddable":true,"href":"https:\/\/www.iceagetv.com\/radiosite\/wp-json\/wp\/v2\/tags?post=37168"}],"curies":[{"name":"wp","href":"https:\/\/api.w.org\/{rel}","templated":true}]}}