{"id":37176,"date":"2025-08-10T14:54:46","date_gmt":"2025-08-10T12:54:46","guid":{"rendered":"https:\/\/www.iceagetv.com\/radiosite\/?p=37176"},"modified":"2025-08-10T14:54:51","modified_gmt":"2025-08-10T12:54:51","slug":"deux-communes-confinees-dans-le-gard-apres-lincendie-dune-usine-classee-seveso","status":"publish","type":"post","link":"https:\/\/www.iceagetv.com\/radiosite\/deux-communes-confinees-dans-le-gard-apres-lincendie-dune-usine-classee-seveso\/","title":{"rendered":"Deux communes confin\u00e9es dans le Gard apr\u00e8s l&rsquo;incendie d&rsquo;une usine class\u00e9e Seveso"},"content":{"rendered":"\n<p class=\"\">La pr\u00e9fecture du Gard demande aux habitants des communes de L\u00e9denon et de Meynes de se confiner. Un incendie est en cours \u00e0 l&rsquo;usine Hydrapro depuis dimanche matin, rapporte ICI Gard Loz\u00e8re.Un incendie est en cours dans l&rsquo;usine Hydrapro de L\u00e9denon rapporte<a href=\"https:\/\/www.francebleu.fr\/infos\/faits-divers-justice\/un-incendie-en-cours-a-l-usine-hydrapro-de-ledenon-2449948\" target=\"_blank\" rel=\"noreferrer noopener\">&nbsp;ICI (ex-France Bleu) Gard Loz\u00e8re(Nouvelle fen\u00eatre)<\/a>&nbsp;depuis 9h30, dimanche 10 ao\u00fbt. Les communes de L\u00e9denon et de Meynes sont actuellement confin\u00e9es. Ce site industriel fabrique des produits chlor\u00e9s et est class\u00e9 Seveso \u00ab\u00a0seuil haut\u00a0\u00bb. D&rsquo;importantes fum\u00e9es blanches se d\u00e9gagent sur place.<\/p>\n\n\n\n<p class=\"\">La pr\u00e9fecture du Gard demande aux&nbsp;populations situ\u00e9es dans un p\u00e9rim\u00e8tre de 825 m\u00e8tres autour de l&rsquo;usine de se confiner&nbsp;en raison des \u00e9manations de chlore potentiellement toxiques. Les journalistes de ICI Gard Loz\u00e8re indiquent que des habitants ont \u00e9t\u00e9 \u00e9vacu\u00e9s. Plusieurs routes d\u00e9partementales ont \u00e9t\u00e9 coup\u00e9es. \u00ab\u00a0<em>Le confinement implique que les personnes doivent se trouver dans un b\u00e2timent en dur. Si elles sont en voiture, elles doivent quitter le secteur<\/em>\u00ab\u00a0, pr\u00e9cise la pr\u00e9fecture du Gard \u00e0 ICI Gard-Loz\u00e8re.&nbsp;Les autorit\u00e9s ont mobilis\u00e9 78 pompiers sur place, avec 28 v\u00e9hicules. Une \u00e9quipe sp\u00e9cialis\u00e9e des Bouches-du-Rh\u00f4ne est en route vers le Gard.<\/p>\n\n\n\n<h2 class=\"wp-block-heading\">La situation<em>&nbsp;<\/em>\u00ab\u00a0s&rsquo;am\u00e9liore nettement\u00a0\u00bb<\/h2>\n\n\n\n<p class=\"\">La pr\u00e9fecture signale que des odeurs peuvent \u00eatre per\u00e7ues dans plusieurs communes des environs, notamment L\u00e9denon, Sernhac, Bezouce, Saint-Gervasy, Marguerittes, Rodilhan, Bouillargues, Manduel, Bellegarde, Joncqui\u00e8res-Saint-Vincent et Meynes. Elle recommande&nbsp;<em>\u00ab\u00a0d&rsquo;\u00e9viter le secteur\u00a0\u00bb,<\/em>&nbsp;de se<em>&nbsp;\u00ab\u00a0mettre \u00e0 l&rsquo;abri dans un b\u00e2timent en dur, en fermant les portes et les fen\u00eatres\u00a0\u00bb, \u00ab\u00a0de rester \u00e0 l&rsquo;\u00e9coute des consignes des autorit\u00e9s\u00a0\u00bb, \u00ab\u00a0d&rsquo;\u00e9viter de t\u00e9l\u00e9phoner pour laisser les r\u00e9seaux disponibles pour les secours de rester \u00e0 l&rsquo;abri\u00a0\u00bb&nbsp;<\/em>et de&nbsp;<em>\u00ab\u00a0n&rsquo;\u00e9vacuer que sur ordre des autorit\u00e9s\u00a0\u00bb.<\/em><\/p>\n\n\n\n<p class=\"\">Selon le maire de la commune de L\u00e9denon, la situation&nbsp;<em>\u00ab\u00a0s&rsquo;am\u00e9liore nettement\u00a0\u00bb. \u00ab\u00a0Les nuages de fum\u00e9e ont largement diminu\u00e9, le box dans lequel se d\u00e9roule l&rsquo;incendie est en train de redescendre en temp\u00e9rature\u00a0\u00bb<\/em>, d\u00e9clare Fr\u00e9d\u00e9ric Beaume.&nbsp;<em>\u00ab\u00a0Toutes les mati\u00e8res dangereuses qui se trouvaient dans les deux autres box ont \u00e9t\u00e9 prot\u00e9g\u00e9es\u00a0\u00bb<\/em>, ajoute l&rsquo;\u00e9lu de cette commune au nord-est de N\u00eemes., d\u00e9crivant la&nbsp;<em>\u00ab\u00a0tr\u00e8s forte lance\u00a0\u00bb&nbsp;<\/em>des pompiers, munis d&rsquo;une \u00e9chelle.<\/p>\n\n\n\n<p class=\"\">En&nbsp;<a href=\"https:\/\/france3-regions.franceinfo.fr\/occitanie\/gard\/nimes\/un-incendie-s-est-declare-dans-une-entreprise-classee-seveso-entre-ledenon-et-meynes-dans-le-gard-2807546.html\" target=\"_blank\" rel=\"noreferrer noopener\">juillet 2023, deux incidents(Nouvelle fen\u00eatre)<\/a>&nbsp;rapproch\u00e9s (le 4 et le 7 juillet) avaient provoqu\u00e9 des d\u00e9gagements de fum\u00e9es et n\u00e9cessit\u00e9 l&rsquo;intervention des pompiers sur cette usine qui fabrique des galets de chlore. L\u00e0 aussi, des communes avaient \u00e9t\u00e9 confin\u00e9es, mais aucun bless\u00e9 n&rsquo;avait \u00e9t\u00e9 \u00e0 d\u00e9plorer.<\/p>\n","protected":false},"excerpt":{"rendered":"<p>La pr\u00e9fecture du Gard demande aux habitants des communes de L\u00e9denon et de Meynes de se confiner. Un incendie est en cours \u00e0 l&rsquo;usine Hydrapro depuis dimanche matin, rapporte ICI Gard Loz\u00e8re.Un incendie est en cours dans l&rsquo;usine Hydrapro de L\u00e9denon rapporte&nbsp;ICI (ex-France Bleu) Gard Loz\u00e8re(Nouvelle fen\u00eatre)&nbsp;depuis 9h30, dimanche 10 ao\u00fbt. Les communes de L\u00e9denon [&hellip;]<\/p>\n","protected":false},"author":2,"featured_media":37177,"comment_status":"open","ping_status":"open","sticky":false,"template":"","format":"standard","meta":{"_jetpack_memberships_contains_paid_content":false,"footnotes":"","jetpack_publicize_message":"","jetpack_publicize_feature_enabled":true,"jetpack_social_post_already_shared":true,"jetpack_social_options":{"image_generator_settings":{"template":"highway","default_image_id":0,"font":"","enabled":true,"token":"eyJpbWciOiJodHRwczpcL1wvd3d3LmljZWFnZXR2LmNvbVwvcmFkaW9zaXRlXC93cC1jb250ZW50XC91cGxvYWRzXC8yMDI1XC8wOFwvRGV1eC1jb21tdW5lcy1jb25maW5lZXMtZGFucy1sZS1HYXJkLWFwcmVzLWxpbmNlbmRpZS1kdW5lLXVzaW5lLWNsYXNzZWUtU2V2ZXNvLmpwZyIsInR4dCI6IkRldXggY29tbXVuZXMgY29uZmluXHUwMGU5ZXMgZGFucyBsZSBHYXJkIGFwclx1MDBlOHMgbCYjODIxNztpbmNlbmRpZSBkJiM4MjE3O3VuZSB1c2luZSBjbGFzc1x1MDBlOWUgU2V2ZXNvIiwidGVtcGxhdGUiOiJoaWdod2F5IiwiZm9udCI6IiIsImJsb2dfaWQiOjExMTAxNjQ2MX0.-1Rx41ZbLpexd8xWU8Up-TCo0bZdAQK9t1zuoK6ivNAMQ"},"version":2},"_wpas_customize_per_network":false},"categories":[405],"tags":[],"class_list":["post-37176","post","type-post","status-publish","format-standard","has-post-thumbnail","hentry","category-actu-france-monde"],"jetpack_publicize_connections":[],"jetpack_featured_media_url":"https:\/\/i0.wp.com\/www.iceagetv.com\/radiosite\/wp-content\/uploads\/2025\/08\/Deux-communes-confinees-dans-le-Gard-apres-lincendie-dune-usine-classee-Seveso.jpg?fit=843%2C428&ssl=1","jetpack_sharing_enabled":true,"_links":{"self":[{"href":"https:\/\/www.iceagetv.com\/radiosite\/wp-json\/wp\/v2\/posts\/37176","targetHints":{"allow":["GET"]}}],"collection":[{"href":"https:\/\/www.iceagetv.com\/radiosite\/wp-json\/wp\/v2\/posts"}],"about":[{"href":"https:\/\/www.iceagetv.com\/radiosite\/wp-json\/wp\/v2\/types\/post"}],"author":[{"embeddable":true,"href":"https:\/\/www.iceagetv.com\/radiosite\/wp-json\/wp\/v2\/users\/2"}],"replies":[{"embeddable":true,"href":"https:\/\/www.iceagetv.com\/radiosite\/wp-json\/wp\/v2\/comments?post=37176"}],"version-history":[{"count":1,"href":"https:\/\/www.iceagetv.com\/radiosite\/wp-json\/wp\/v2\/posts\/37176\/revisions"}],"predecessor-version":[{"id":37178,"href":"https:\/\/www.iceagetv.com\/radiosite\/wp-json\/wp\/v2\/posts\/37176\/revisions\/37178"}],"wp:featuredmedia":[{"embeddable":true,"href":"https:\/\/www.iceagetv.com\/radiosite\/wp-json\/wp\/v2\/media\/37177"}],"wp:attachment":[{"href":"https:\/\/www.iceagetv.com\/radiosite\/wp-json\/wp\/v2\/media?parent=37176"}],"wp:term":[{"taxonomy":"category","embeddable":true,"href":"https:\/\/www.iceagetv.com\/radiosite\/wp-json\/wp\/v2\/categories?post=37176"},{"taxonomy":"post_tag","embeddable":true,"href":"https:\/\/www.iceagetv.com\/radiosite\/wp-json\/wp\/v2\/tags?post=37176"}],"curies":[{"name":"wp","href":"https:\/\/api.w.org\/{rel}","templated":true}]}}