{"id":37183,"date":"2025-08-10T16:38:15","date_gmt":"2025-08-10T14:38:15","guid":{"rendered":"https:\/\/www.iceagetv.com\/radiosite\/?p=37183"},"modified":"2025-08-10T16:38:18","modified_gmt":"2025-08-10T14:38:18","slug":"canicule-12-departements-du-sud-ouest-places-en-vigilance-rouge-a-partir-de-lundi-midi-41-en-alerte-orange","status":"publish","type":"post","link":"https:\/\/www.iceagetv.com\/radiosite\/canicule-12-departements-du-sud-ouest-places-en-vigilance-rouge-a-partir-de-lundi-midi-41-en-alerte-orange\/","title":{"rendered":"Canicule\u00a0: 12 d\u00e9partements du Sud-Ouest plac\u00e9s en vigilance rouge \u00e0 partir de lundi\u00a0midi, 41 en alerte orange"},"content":{"rendered":"\n<p class=\"\">Voici les d\u00e9partements concern\u00e9s par cette vigilance rouge \u00e0 la canicule : l&rsquo;Aude, la Charente, la Charente-Maritime, la Dordogne, la Haute-Garonne, le Gers, la Gironde, les Landes, le Lot, le Lot-et-Garonne, le Tarn et le Tarn-et-Garonne.Alors qu&rsquo;une nouvelle vague de chaleur s&rsquo;appr\u00eate \u00e0 \u00e9craser la France, 12&nbsp;d\u00e9partements du Sud-Ouest vont basculer en vigilance rouge \u00e0 la canicule&nbsp;<a href=\"https:\/\/vigilance.meteofrance.fr\/fr\/demain\" target=\"_blank\" rel=\"noreferrer noopener\">\u00e0 partir du lundi 11 ao\u00fbt<\/a>&nbsp;\u00e0 la mi-journ\u00e9e. Il s&rsquo;agit de : l&rsquo;Aude, la Charente, la Charente-Maritime, la Dordogne, la Haute-Garonne, le Gers, la Gironde, les Landes, le Lot, le Lot-et-Garonne, le Tarn et le Tarn-et-Garonne. Suivez notre direct.<\/p>\n\n\n\n<p class=\"\"><strong>Quarante-et-un&nbsp;d\u00e9partements en orange, lundi.&nbsp;<\/strong><a href=\"https:\/\/x.com\/VigiMeteoFrance\/status\/1954543577377239164\" target=\"_blank\" rel=\"noreferrer noopener\">Dans son dernier bulletin publi\u00e9 dimanche<\/a><a href=\"https:\/\/x.com\/VigiMeteoFrance\/status\/1954543577377239164\" target=\"_blank\" rel=\"noreferrer noopener\">&nbsp;apr\u00e8s-midi<\/a>, M\u00e9t\u00e9o-France rapporte par ailleurs que 41&nbsp;d\u00e9partements seront, eux, plac\u00e9s en vigilance orange&nbsp;: l&rsquo;Ain, l&rsquo;Allier, les Alpes-de-Haute-Provence, les Hautes-Alpes, les Alpes-Maritimes, l&rsquo;Ard\u00e8che, l&rsquo;Ari\u00e8ge, l&rsquo;Aveyron, les Bouches-du-Rh\u00f4ne, le Cantal, le Cher, la Corr\u00e8ze, la C\u00f4te-d&rsquo;Or, la Creuse, le Doubs, la Dr\u00f4me, le Gard, l&rsquo;H\u00e9rault, l&rsquo;Indre, l&rsquo;Indre-et-Loire, l&rsquo;Is\u00e8re, le Jura, la Loire, la Haute-Corse, la Haute-Loire, la Loz\u00e8re, la Ni\u00e8vre, le Puy-de-D\u00f4me, les Pyr\u00e9n\u00e9es-Atlantiques, les Hautes-Pyr\u00e9n\u00e9es, les Pyr\u00e9n\u00e9es-Orientales, le Rh\u00f4ne, la Sa\u00f4ne-et-Loire, la Savoie, la Haute-Savoie, les Deux-S\u00e8vres, le Var, le Vaucluse, la Vend\u00e9e, la Vienne et la Haute-Vienne.<\/p>\n\n\n\n<p class=\"\"><strong>\u00ab\u00a0Des records probables\u00a0\u00bb attendus.&nbsp;<\/strong>Le pr\u00e9visionniste anticipe un&nbsp;<em>\u00ab\u00a0pic de chaleur tr\u00e8s intense, voire exceptionnel, dans un vaste Sud-Ouest l&rsquo;apr\u00e8s-midi, avec des maximales tr\u00e8s fr\u00e9quemment sup\u00e9rieures 40\u00b0C avec localement 42\u00b0C peut-\u00eatre plus\u00a0\u00bb,&nbsp;<\/em>avec&nbsp;<em>\u00ab\u00a0des records probables\u00a0\u00bb. \u00ab\u00a0On d\u00e9passera les 30\u00b0C partout en France. Des pointes \u00e0 36\/38\u00b0C en Centre-Val-de-Loire; 32\/34\u00b0C en Ile-de-France\u00a0\u00bb,&nbsp;<\/em>rapporte-t-il aussi.<\/p>\n\n\n\n<p class=\"\"><strong>La liste des d\u00e9partements concern\u00e9s d\u00e8s dimanche.<\/strong>&nbsp;Le Jura et la Sa\u00f4ne-et-Loire ont rejoint samedi apr\u00e8s-midi la liste des 40&nbsp;d\u00e9partements d\u00e9j\u00e0 concern\u00e9s par la vigilance orange&nbsp;: les Pyr\u00e9n\u00e9es-Atlantiques, les Landes, la Gironde, la Dordogne, la Charente-Maritime, la Charente, la Corr\u00e8ze, la Haute-Vienne, le Lot-et-Garonne, le Lot, le Gers, les Hautes-Pyr\u00e9n\u00e9es, la Haute-Garonne, le Tarn-et-Garonne, l&rsquo;Aveyron, le Tarn, l&rsquo;Ari\u00e8ge, l&rsquo;Aude, les Pyr\u00e9n\u00e9es-Orientales, l&rsquo;H\u00e9rault, la Loz\u00e8re, le Gard, le Vaucluse, les Bouches-du-Rh\u00f4ne, le Var, les Alpes-Maritimes, le Cantal, le Rh\u00f4ne, le Puy-de-D\u00f4me, la Haute-Loire, la Loire, l&rsquo;Allier, l&rsquo;Ard\u00e8che, la Dr\u00f4me, l&rsquo;Is\u00e8re, la Savoie, la Haute-Savoie, l&rsquo;Ain, les Hautes-Alpes, les Alpes-de-Haute-Provence.<\/p>\n\n\n\n<p class=\"\"><strong>Un pic attendu en d\u00e9but de semaine.<\/strong>&nbsp;<em>\u00ab\u00a0La vague de chaleur d\u00e9marr\u00e9e vendredi se poursuit et s&rsquo;\u00e9tend. Le pic est attendu entre lundi et mardi. Elle devrait durer jusqu&rsquo;en fin de semaine prochaine\u00a0\u00bb<\/em>, \u00e9crit l&rsquo;institut dans ses derni\u00e8res pr\u00e9visions.&nbsp;Selon l&rsquo;institut, qui observe&nbsp;<em>\u00ab\u00a0une acc\u00e9l\u00e9ration de la survenue des vagues de chaleur\u00a0\u00bb<\/em>&nbsp;li\u00e9e au changement climatique, le pays n&rsquo;a connu que deux&nbsp;\u00e9t\u00e9s sans ce type d&rsquo;\u00e9pisode au cours des seize&nbsp;derni\u00e8res ann\u00e9es.<\/p>\n","protected":false},"excerpt":{"rendered":"<p>Voici les d\u00e9partements concern\u00e9s par cette vigilance rouge \u00e0 la canicule : l&rsquo;Aude, la Charente, la Charente-Maritime, la Dordogne, la Haute-Garonne, le Gers, la Gironde, les Landes, le Lot, le Lot-et-Garonne, le Tarn et le Tarn-et-Garonne.Alors qu&rsquo;une nouvelle vague de chaleur s&rsquo;appr\u00eate \u00e0 \u00e9craser la France, 12&nbsp;d\u00e9partements du Sud-Ouest vont basculer en vigilance rouge \u00e0 [&hellip;]<\/p>\n","protected":false},"author":2,"featured_media":37185,"comment_status":"open","ping_status":"open","sticky":false,"template":"","format":"standard","meta":{"_jetpack_memberships_contains_paid_content":false,"footnotes":"","jetpack_publicize_message":"","jetpack_publicize_feature_enabled":true,"jetpack_social_post_already_shared":true,"jetpack_social_options":{"image_generator_settings":{"template":"highway","default_image_id":0,"font":"","enabled":true,"token":"eyJpbWciOiJodHRwczpcL1wvd3d3LmljZWFnZXR2LmNvbVwvcmFkaW9zaXRlXC93cC1jb250ZW50XC91cGxvYWRzXC8yMDI1XC8wOFwvMTItZGVwYXJ0ZW1lbnRzLWR1LVN1ZC1PdWVzdC1wbGFjZXMtZW4tdmlnaWxhbmNlLXJvdWdlLmpwZyIsInR4dCI6IkNhbmljdWxlXHUwMGEwOiAxMiBkXHUwMGU5cGFydGVtZW50cyBkdSBTdWQtT3Vlc3QgcGxhY1x1MDBlOXMgZW4gdmlnaWxhbmNlIHJvdWdlIFx1MDBlMCBwYXJ0aXIgZGUgbHVuZGlcdTAwYTBtaWRpLCA0MSBlbiBhbGVydGUgb3JhbmdlIiwidGVtcGxhdGUiOiJoaWdod2F5IiwiZm9udCI6IiIsImJsb2dfaWQiOjExMTAxNjQ2MX0.PbMLJ8BeUlYxtig8stBTzgTjJGedSoB33pHBhVhaD2UMQ"},"version":2},"_wpas_customize_per_network":false},"categories":[14],"tags":[],"class_list":["post-37183","post","type-post","status-publish","format-standard","has-post-thumbnail","hentry","category-actu-meteo"],"jetpack_publicize_connections":[],"jetpack_featured_media_url":"https:\/\/i0.wp.com\/www.iceagetv.com\/radiosite\/wp-content\/uploads\/2025\/08\/12-departements-du-Sud-Ouest-places-en-vigilance-rouge.jpg?fit=620%2C559&ssl=1","jetpack_sharing_enabled":true,"_links":{"self":[{"href":"https:\/\/www.iceagetv.com\/radiosite\/wp-json\/wp\/v2\/posts\/37183","targetHints":{"allow":["GET"]}}],"collection":[{"href":"https:\/\/www.iceagetv.com\/radiosite\/wp-json\/wp\/v2\/posts"}],"about":[{"href":"https:\/\/www.iceagetv.com\/radiosite\/wp-json\/wp\/v2\/types\/post"}],"author":[{"embeddable":true,"href":"https:\/\/www.iceagetv.com\/radiosite\/wp-json\/wp\/v2\/users\/2"}],"replies":[{"embeddable":true,"href":"https:\/\/www.iceagetv.com\/radiosite\/wp-json\/wp\/v2\/comments?post=37183"}],"version-history":[{"count":1,"href":"https:\/\/www.iceagetv.com\/radiosite\/wp-json\/wp\/v2\/posts\/37183\/revisions"}],"predecessor-version":[{"id":37186,"href":"https:\/\/www.iceagetv.com\/radiosite\/wp-json\/wp\/v2\/posts\/37183\/revisions\/37186"}],"wp:featuredmedia":[{"embeddable":true,"href":"https:\/\/www.iceagetv.com\/radiosite\/wp-json\/wp\/v2\/media\/37185"}],"wp:attachment":[{"href":"https:\/\/www.iceagetv.com\/radiosite\/wp-json\/wp\/v2\/media?parent=37183"}],"wp:term":[{"taxonomy":"category","embeddable":true,"href":"https:\/\/www.iceagetv.com\/radiosite\/wp-json\/wp\/v2\/categories?post=37183"},{"taxonomy":"post_tag","embeddable":true,"href":"https:\/\/www.iceagetv.com\/radiosite\/wp-json\/wp\/v2\/tags?post=37183"}],"curies":[{"name":"wp","href":"https:\/\/api.w.org\/{rel}","templated":true}]}}