{"id":37189,"date":"2025-08-11T06:18:08","date_gmt":"2025-08-11T04:18:08","guid":{"rendered":"https:\/\/www.iceagetv.com\/radiosite\/?p=37189"},"modified":"2025-08-11T06:18:12","modified_gmt":"2025-08-11T04:18:12","slug":"feux-de-forets-25-departements-de-louest-et-du-sud-ouest-classes-orange-lundi-en-raison-dun-risque-eleve","status":"publish","type":"post","link":"https:\/\/www.iceagetv.com\/radiosite\/feux-de-forets-25-departements-de-louest-et-du-sud-ouest-classes-orange-lundi-en-raison-dun-risque-eleve\/","title":{"rendered":"Feux de for\u00eats : 25 d\u00e9partements de l&rsquo;Ouest et du Sud-Ouest class\u00e9s orange, lundi, en raison d&rsquo;un risque \u00ab\u00a0\u00e9lev\u00e9\u00a0\u00bb"},"content":{"rendered":"\n<p class=\"\">Sont concern\u00e9s : Alpes-de-Haute-Provence, Ard\u00e8che, Aude, Aveyron, Bouches-du-Rh\u00f4ne, Charente, Charente-Maritime, Deux-S\u00e8vres, Dordogne, Dr\u00f4me, Gard, Gers, Gironde, Haute-Garonne, H\u00e9rault, Indre, Landes, Lot, Lot-et-Garonne, Maine-et-Loire, Tarn-et-Garonne, Var Vaucluse, Vend\u00e9e, et Vienne.Vingt-cinq d\u00e9partements de l&rsquo;Ouest et du Sud-Ouest sont class\u00e9s en orange pour risque \u00ab\u00a0\u00e9lev\u00e9\u00a0\u00bb aux feux de for\u00eats pour la journ\u00e9e du lundi 11 ao\u00fbt. Sont concern\u00e9s : Alpes-de-Haute-Provence, Ard\u00e8che, Aude, Aveyron, Bouches-du-Rh\u00f4ne, Charente, Charente-Maritime, Deux-S\u00e8vres, Dordogne, Dr\u00f4me, Gard, Gers, Gironde, Haute-Garonne, H\u00e9rault, Indre, Landes, Lot, Lot-et-Garonne, Maine-et-Loire, Tarn-et-Garonne, Var, Vaucluse, Vend\u00e9e, et Vienne. \u00ab\u00a0Les conditions m\u00e9t\u00e9orologiques rendent le risque de d\u00e9part et de propagation de feux de for\u00eat et de v\u00e9g\u00e9tation tr\u00e8s \u00e9lev\u00e9 comparativement aux normales estivales\u00a0\u00bb, rappelle M\u00e9t\u00e9o-France(Nouvelle fen\u00eatre), dans son bulletin du dimanche 10 ao\u00fbt.Pour la journ\u00e9e de mardi, 17 d\u00e9partements seront consid\u00e9r\u00e9s en risque \u00ab\u00a0\u00e9lev\u00e9\u00a0\u00bb. Il s&rsquo;agit du Var, des Bouches-du-Rh\u00f4ne, du Vaucluse, de la Dr\u00f4me, de l&rsquo;Ard\u00e8che, du Gard, de l&rsquo;H\u00e9rault, de l&rsquo;Aude, de l&rsquo;Ari\u00e8ge, les Deux-S\u00e8vres, le Maine-et-Loire, l&rsquo;Indre-et-Loire, l&rsquo;Indre, la Vienne, le Cher, la Ni\u00e8vre et l&rsquo;Allier. En cons\u00e9quence, certaines pr\u00e9fectures ont d\u00e9cid\u00e9 d&rsquo;interdire l&rsquo;acc\u00e8s \u00e0 certains massifs<\/p>\n","protected":false},"excerpt":{"rendered":"<p>Sont concern\u00e9s : Alpes-de-Haute-Provence, Ard\u00e8che, Aude, Aveyron, Bouches-du-Rh\u00f4ne, Charente, Charente-Maritime, Deux-S\u00e8vres, Dordogne, Dr\u00f4me, Gard, Gers, Gironde, Haute-Garonne, H\u00e9rault, Indre, Landes, Lot, Lot-et-Garonne, Maine-et-Loire, Tarn-et-Garonne, Var Vaucluse, Vend\u00e9e, et Vienne.Vingt-cinq d\u00e9partements de l&rsquo;Ouest et du Sud-Ouest sont class\u00e9s en orange pour risque \u00ab\u00a0\u00e9lev\u00e9\u00a0\u00bb aux feux de for\u00eats pour la journ\u00e9e du lundi 11 ao\u00fbt. Sont concern\u00e9s [&hellip;]<\/p>\n","protected":false},"author":2,"featured_media":37191,"comment_status":"open","ping_status":"open","sticky":false,"template":"","format":"standard","meta":{"_jetpack_memberships_contains_paid_content":false,"footnotes":"","jetpack_publicize_message":"","jetpack_publicize_feature_enabled":true,"jetpack_social_post_already_shared":true,"jetpack_social_options":{"image_generator_settings":{"template":"highway","default_image_id":0,"font":"","enabled":true,"token":"eyJpbWciOiJodHRwczpcL1wvd3d3LmljZWFnZXR2LmNvbVwvcmFkaW9zaXRlXC93cC1jb250ZW50XC91cGxvYWRzXC8yMDI1XC8wOFwvU2NyZWVuc2hvdF8yMDI1MDgxMV8wNjE3MTcuanBnIiwidHh0IjoiRmV1eCBkZSBmb3JcdTAwZWF0cyA6IDI1IGRcdTAwZTlwYXJ0ZW1lbnRzIGRlIGwmIzgyMTc7T3Vlc3QgZXQgZHUgU3VkLU91ZXN0IGNsYXNzXHUwMGU5cyBvcmFuZ2UsIGx1bmRpLCBlbiByYWlzb24gZCYjODIxNzt1biByaXNxdWUgJiM4MjIwO1x1MDBlOWxldlx1MDBlOSYjODIyMTsiLCJ0ZW1wbGF0ZSI6ImhpZ2h3YXkiLCJmb250IjoiIiwiYmxvZ19pZCI6MTExMDE2NDYxfQ.k2mrt0l8gWCPH9Dty6HmQMt5DWRR8rFlAK56lNro_CIMQ"},"version":2},"_wpas_customize_per_network":false},"categories":[14],"tags":[],"class_list":["post-37189","post","type-post","status-publish","format-standard","has-post-thumbnail","hentry","category-actu-meteo"],"jetpack_publicize_connections":[],"jetpack_featured_media_url":"https:\/\/i0.wp.com\/www.iceagetv.com\/radiosite\/wp-content\/uploads\/2025\/08\/Screenshot_20250811_061717.jpg?fit=868%2C831&ssl=1","jetpack_sharing_enabled":true,"_links":{"self":[{"href":"https:\/\/www.iceagetv.com\/radiosite\/wp-json\/wp\/v2\/posts\/37189","targetHints":{"allow":["GET"]}}],"collection":[{"href":"https:\/\/www.iceagetv.com\/radiosite\/wp-json\/wp\/v2\/posts"}],"about":[{"href":"https:\/\/www.iceagetv.com\/radiosite\/wp-json\/wp\/v2\/types\/post"}],"author":[{"embeddable":true,"href":"https:\/\/www.iceagetv.com\/radiosite\/wp-json\/wp\/v2\/users\/2"}],"replies":[{"embeddable":true,"href":"https:\/\/www.iceagetv.com\/radiosite\/wp-json\/wp\/v2\/comments?post=37189"}],"version-history":[{"count":1,"href":"https:\/\/www.iceagetv.com\/radiosite\/wp-json\/wp\/v2\/posts\/37189\/revisions"}],"predecessor-version":[{"id":37192,"href":"https:\/\/www.iceagetv.com\/radiosite\/wp-json\/wp\/v2\/posts\/37189\/revisions\/37192"}],"wp:featuredmedia":[{"embeddable":true,"href":"https:\/\/www.iceagetv.com\/radiosite\/wp-json\/wp\/v2\/media\/37191"}],"wp:attachment":[{"href":"https:\/\/www.iceagetv.com\/radiosite\/wp-json\/wp\/v2\/media?parent=37189"}],"wp:term":[{"taxonomy":"category","embeddable":true,"href":"https:\/\/www.iceagetv.com\/radiosite\/wp-json\/wp\/v2\/categories?post=37189"},{"taxonomy":"post_tag","embeddable":true,"href":"https:\/\/www.iceagetv.com\/radiosite\/wp-json\/wp\/v2\/tags?post=37189"}],"curies":[{"name":"wp","href":"https:\/\/api.w.org\/{rel}","templated":true}]}}