{"id":37212,"date":"2025-08-11T11:48:46","date_gmt":"2025-08-11T09:48:46","guid":{"rendered":"https:\/\/www.iceagetv.com\/radiosite\/?p=37212"},"modified":"2025-08-11T11:48:50","modified_gmt":"2025-08-11T09:48:50","slug":"canicule-le-ministere-de-la-sante-a-mis-en-place-un-numero-gratuit-pour-obtenir-des-conseils-de-protection-face-a-la-canicule-le-0-800-06-66-66","status":"publish","type":"post","link":"https:\/\/www.iceagetv.com\/radiosite\/canicule-le-ministere-de-la-sante-a-mis-en-place-un-numero-gratuit-pour-obtenir-des-conseils-de-protection-face-a-la-canicule-le-0-800-06-66-66\/","title":{"rendered":"Canicule: Le minist\u00e8re de la Sant\u00e9 a mis en place un num\u00e9ro gratuit pour obtenir des conseils de protection face \u00e0 la canicule: le 0.800.06.66.66"},"content":{"rendered":"\n<p class=\"\">L\u2019\u00e9pisode de canicule qui a d\u00e9but\u00e9 vendredi monte d\u2019un cran lundi, avec une chaleur \u00ab d\u2019un niveau exceptionnel \u00bb annonc\u00e9e dans le sud-ouest, o\u00f9 12 d\u00e9partements sont class\u00e9s en vigilance rouge par M\u00e9t\u00e9o-France. Cette vague de chaleur, la deuxi\u00e8me \u00e0 toucher le pays cet \u00e9t\u00e9 apr\u00e8s l\u2019\u00e9pisode du 19 juin au 4 juillet, est aussi la 51e enregistr\u00e9e depuis 1947, selon M\u00e9t\u00e9o-France.<\/p>\n\n\n\n<p class=\"\"><strong>Le minist\u00e8re de la Sant\u00e9 vient d\u2019activer le num\u00e9ro vert Canicule info service. Ce num\u00e9ro permet d\u2019obtenir des conseils de protection pour vous et votre entourage. Voici le num\u00e9ro en question : 0.800.06.66.66.<\/strong><\/p>\n\n\n\n<p class=\"\">Le niveau de vigilance rouge, le plus \u00e9lev\u00e9 du \u00ab plan national canicule \u00bb (apr\u00e8s jaune et orange) \u00ab correspond \u00e0 une canicule extr\u00eame, exceptionnelle par sa dur\u00e9e, son intensit\u00e9, son extension g\u00e9ographique, et pr\u00e9sente un fort impact sanitaire pour l\u2019ensemble de la population et des impacts soci\u00e9taux (s\u00e9cheresse, approvisionnement en eau potable, am\u00e9nagement ou arr\u00eat de certaines activit\u00e9s, etc.) \u00bb, selon M\u00e9t\u00e9o-France.<\/p>\n\n\n\n<p class=\"\">De la Charente-Maritime \u00e0 l\u2019Aude sont attendues des temp\u00e9ratures maximales \u00ab tr\u00e8s fr\u00e9quemment sup\u00e9rieures \u00e0 40\u00b0C \u00bb, avec \u00ab localement \u00bb des pointes \u00e0 42\u00b0C, selon l\u2019institut national. \u00ab On pourrait s\u2019approcher de niveaux records, enregistrer des valeurs in\u00e9dites mais le record national de 46\u00b0C devrait rester hors d\u2019atteinte \u00bb, a pr\u00e9cis\u00e9 la pr\u00e9visionniste Christelle Robert lors d\u2019un point presse dimanche soir.<\/p>\n","protected":false},"excerpt":{"rendered":"<p>L\u2019\u00e9pisode de canicule qui a d\u00e9but\u00e9 vendredi monte d\u2019un cran lundi, avec une chaleur \u00ab d\u2019un niveau exceptionnel \u00bb annonc\u00e9e dans le sud-ouest, o\u00f9 12 d\u00e9partements sont class\u00e9s en vigilance rouge par M\u00e9t\u00e9o-France. Cette vague de chaleur, la deuxi\u00e8me \u00e0 toucher le pays cet \u00e9t\u00e9 apr\u00e8s l\u2019\u00e9pisode du 19 juin au 4 juillet, est aussi [&hellip;]<\/p>\n","protected":false},"author":2,"featured_media":37213,"comment_status":"open","ping_status":"open","sticky":false,"template":"","format":"standard","meta":{"_jetpack_memberships_contains_paid_content":false,"footnotes":"","jetpack_publicize_message":"","jetpack_publicize_feature_enabled":true,"jetpack_social_post_already_shared":true,"jetpack_social_options":{"image_generator_settings":{"template":"highway","default_image_id":0,"font":"","enabled":true,"token":"eyJpbWciOiJodHRwczpcL1wvd3d3LmljZWFnZXR2LmNvbVwvcmFkaW9zaXRlXC93cC1jb250ZW50XC91cGxvYWRzXC8yMDI1XC8wOFwvR3lEWEQ1U1hzQUFjQ24wLmpwZyIsInR4dCI6IkNhbmljdWxlOiBMZSBtaW5pc3RcdTAwZThyZSBkZSBsYSBTYW50XHUwMGU5IGEgbWlzIGVuIHBsYWNlIHVuIG51bVx1MDBlOXJvIGdyYXR1aXQgcG91ciBvYnRlbmlyIGRlcyBjb25zZWlscyBkZSBwcm90ZWN0aW9uIGZhY2UgXHUwMGUwIGxhIGNhbmljdWxlOiBsZSAwLjgwMC4wNi42Ni42NiIsInRlbXBsYXRlIjoiaGlnaHdheSIsImZvbnQiOiIiLCJibG9nX2lkIjoxMTEwMTY0NjF9.QtyXW7GpxrPpBgVRzILzDuen7pkbcMcAiQcmf2QN1ycMQ"},"version":2},"_wpas_customize_per_network":false},"categories":[405],"tags":[],"class_list":["post-37212","post","type-post","status-publish","format-standard","has-post-thumbnail","hentry","category-actu-france-monde"],"jetpack_publicize_connections":[],"jetpack_featured_media_url":"https:\/\/i0.wp.com\/www.iceagetv.com\/radiosite\/wp-content\/uploads\/2025\/08\/GyDXD5SXsAAcCn0.jpg?fit=680%2C680&ssl=1","jetpack_sharing_enabled":true,"_links":{"self":[{"href":"https:\/\/www.iceagetv.com\/radiosite\/wp-json\/wp\/v2\/posts\/37212","targetHints":{"allow":["GET"]}}],"collection":[{"href":"https:\/\/www.iceagetv.com\/radiosite\/wp-json\/wp\/v2\/posts"}],"about":[{"href":"https:\/\/www.iceagetv.com\/radiosite\/wp-json\/wp\/v2\/types\/post"}],"author":[{"embeddable":true,"href":"https:\/\/www.iceagetv.com\/radiosite\/wp-json\/wp\/v2\/users\/2"}],"replies":[{"embeddable":true,"href":"https:\/\/www.iceagetv.com\/radiosite\/wp-json\/wp\/v2\/comments?post=37212"}],"version-history":[{"count":1,"href":"https:\/\/www.iceagetv.com\/radiosite\/wp-json\/wp\/v2\/posts\/37212\/revisions"}],"predecessor-version":[{"id":37214,"href":"https:\/\/www.iceagetv.com\/radiosite\/wp-json\/wp\/v2\/posts\/37212\/revisions\/37214"}],"wp:featuredmedia":[{"embeddable":true,"href":"https:\/\/www.iceagetv.com\/radiosite\/wp-json\/wp\/v2\/media\/37213"}],"wp:attachment":[{"href":"https:\/\/www.iceagetv.com\/radiosite\/wp-json\/wp\/v2\/media?parent=37212"}],"wp:term":[{"taxonomy":"category","embeddable":true,"href":"https:\/\/www.iceagetv.com\/radiosite\/wp-json\/wp\/v2\/categories?post=37212"},{"taxonomy":"post_tag","embeddable":true,"href":"https:\/\/www.iceagetv.com\/radiosite\/wp-json\/wp\/v2\/tags?post=37212"}],"curies":[{"name":"wp","href":"https:\/\/api.w.org\/{rel}","templated":true}]}}