{"id":37217,"date":"2025-08-11T14:22:20","date_gmt":"2025-08-11T12:22:20","guid":{"rendered":"https:\/\/www.iceagetv.com\/radiosite\/?p=37217"},"modified":"2025-08-11T14:22:23","modified_gmt":"2025-08-11T12:22:23","slug":"emmanuel-macron-denonce-le-plan-doccupation-israelien-a-gaza-pour-le-president-francais-cest-un-desastre-annonce-dune-gravite-sans-precedent","status":"publish","type":"post","link":"https:\/\/www.iceagetv.com\/radiosite\/emmanuel-macron-denonce-le-plan-doccupation-israelien-a-gaza-pour-le-president-francais-cest-un-desastre-annonce-dune-gravite-sans-precedent\/","title":{"rendered":"Emmanuel Macron d\u00e9nonce le plan d&rsquo;occupation isra\u00e9lien \u00e0 Gaza: Pour le pr\u00e9sident fran\u00e7ais, c&rsquo;est \u00ab\u00a0un d\u00e9sastre annonc\u00e9 d&rsquo;une gravit\u00e9 sans pr\u00e9c\u00e9dent\u00a0\u00bb"},"content":{"rendered":"\n<p class=\"\">Aupr\u00e8s de&nbsp;<a href=\"https:\/\/www.bfmtv.com\/international\/moyen-orient\/palestine\/il-faut-mettre-fin-a-cette-guerre-maintenant-emmanuel-macron-appelle-a-un-cessez-le-feu-permanent-a-gaza_AN-202508110328.html\" target=\"_blank\" rel=\"noreferrer noopener\">BFMTV<\/a>, Emmanuel Macron a d\u00e9nonc\u00e9 le plan d&rsquo;occupation isra\u00e9lien \u00e0 Gaza. \u00ab\u00a0L&rsquo;annonce faite par le cabinet isra\u00e9lien d&rsquo;une expansion de son op\u00e9ration \u00e0 Gaza ville et aux camps de Mawasi et d&rsquo;une r\u00e9occupation par Isra\u00ebl constitue un d\u00e9sastre annonc\u00e9 d&rsquo;une gravit\u00e9 sans pr\u00e9c\u00e9dent et une fuite en avant dans la guerre permanente\u00a0\u00bb, d\u00e9clare le pr\u00e9sident fran\u00e7ais.<\/p>\n\n\n\n<p class=\"\">Et d&rsquo;ajouter : \u00ab\u00a0Les otages isra\u00e9liens et les populations de Gaza vont continuer d&rsquo;\u00eatre les premi\u00e8res victimes de cette strat\u00e9gie\u00a0\u00bb. Il propose \u00ab\u00a0une mission de stabilisation sous mandat de l\u2019ONU qui permettra de s\u00e9curiser la Bande de Gaza, prot\u00e9ger les populations civiles et apporter son soutien \u00e0 une gouvernance palestinienne qui seule peut r\u00e9pondre aux besoins des populations de Gaza et conduire des op\u00e9rations de d\u00e9sarmement et de d\u00e9militarisation du Hamas\u00a0\u00bb.<\/p>\n\n\n\n<p class=\"\">\u00ab\u00a0Non \u00e0 une op\u00e9ration militaire isra\u00e9lienne. Oui \u00e0 une coalition internationale sous mandat de l&rsquo;ONU pour lutter contre le terrorisme, stabiliser Gaza et soutenir ses populations et mettre en place une gouvernance de paix et de stabilit\u00e9\u00a0\u00bb, continue Emmanuel Macron aupr\u00e8s de nos confr\u00e8res.<\/p>\n","protected":false},"excerpt":{"rendered":"<p>Aupr\u00e8s de&nbsp;BFMTV, Emmanuel Macron a d\u00e9nonc\u00e9 le plan d&rsquo;occupation isra\u00e9lien \u00e0 Gaza. \u00ab\u00a0L&rsquo;annonce faite par le cabinet isra\u00e9lien d&rsquo;une expansion de son op\u00e9ration \u00e0 Gaza ville et aux camps de Mawasi et d&rsquo;une r\u00e9occupation par Isra\u00ebl constitue un d\u00e9sastre annonc\u00e9 d&rsquo;une gravit\u00e9 sans pr\u00e9c\u00e9dent et une fuite en avant dans la guerre permanente\u00a0\u00bb, d\u00e9clare le [&hellip;]<\/p>\n","protected":false},"author":2,"featured_media":37218,"comment_status":"open","ping_status":"open","sticky":false,"template":"","format":"standard","meta":{"_jetpack_memberships_contains_paid_content":false,"footnotes":"","jetpack_publicize_message":"","jetpack_publicize_feature_enabled":true,"jetpack_social_post_already_shared":true,"jetpack_social_options":{"image_generator_settings":{"template":"highway","default_image_id":0,"font":"","enabled":true,"token":"eyJpbWciOiJodHRwczpcL1wvd3d3LmljZWFnZXR2LmNvbVwvcmFkaW9zaXRlXC93cC1jb250ZW50XC91cGxvYWRzXC8yMDI1XC8wOFwvY29YcDVITUcuanBnIiwidHh0IjoiRW1tYW51ZWwgTWFjcm9uIGRcdTAwZTlub25jZSBsZSBwbGFuIGQmIzgyMTc7b2NjdXBhdGlvbiBpc3JhXHUwMGU5bGllbiBcdTAwZTAgR2F6YTogUG91ciBsZSBwclx1MDBlOXNpZGVudCBmcmFuXHUwMGU3YWlzLCBjJiM4MjE3O2VzdCAmIzgyMjA7dW4gZFx1MDBlOXNhc3RyZSBhbm5vbmNcdTAwZTkgZCYjODIxNzt1bmUgZ3Jhdml0XHUwMGU5IHNhbnMgcHJcdTAwZTljXHUwMGU5ZGVudCYjODIyMTsiLCJ0ZW1wbGF0ZSI6ImhpZ2h3YXkiLCJmb250IjoiIiwiYmxvZ19pZCI6MTExMDE2NDYxfQ.AfZ6GC7s6cG6J5NfopI7bI36iNAof6gBwNt8obP97zQMQ"},"version":2},"_wpas_customize_per_network":false},"categories":[405],"tags":[],"class_list":["post-37217","post","type-post","status-publish","format-standard","has-post-thumbnail","hentry","category-actu-france-monde"],"jetpack_publicize_connections":[],"jetpack_featured_media_url":"https:\/\/i0.wp.com\/www.iceagetv.com\/radiosite\/wp-content\/uploads\/2025\/08\/coXp5HMG.jpg?fit=679%2C293&ssl=1","jetpack_sharing_enabled":true,"_links":{"self":[{"href":"https:\/\/www.iceagetv.com\/radiosite\/wp-json\/wp\/v2\/posts\/37217","targetHints":{"allow":["GET"]}}],"collection":[{"href":"https:\/\/www.iceagetv.com\/radiosite\/wp-json\/wp\/v2\/posts"}],"about":[{"href":"https:\/\/www.iceagetv.com\/radiosite\/wp-json\/wp\/v2\/types\/post"}],"author":[{"embeddable":true,"href":"https:\/\/www.iceagetv.com\/radiosite\/wp-json\/wp\/v2\/users\/2"}],"replies":[{"embeddable":true,"href":"https:\/\/www.iceagetv.com\/radiosite\/wp-json\/wp\/v2\/comments?post=37217"}],"version-history":[{"count":1,"href":"https:\/\/www.iceagetv.com\/radiosite\/wp-json\/wp\/v2\/posts\/37217\/revisions"}],"predecessor-version":[{"id":37219,"href":"https:\/\/www.iceagetv.com\/radiosite\/wp-json\/wp\/v2\/posts\/37217\/revisions\/37219"}],"wp:featuredmedia":[{"embeddable":true,"href":"https:\/\/www.iceagetv.com\/radiosite\/wp-json\/wp\/v2\/media\/37218"}],"wp:attachment":[{"href":"https:\/\/www.iceagetv.com\/radiosite\/wp-json\/wp\/v2\/media?parent=37217"}],"wp:term":[{"taxonomy":"category","embeddable":true,"href":"https:\/\/www.iceagetv.com\/radiosite\/wp-json\/wp\/v2\/categories?post=37217"},{"taxonomy":"post_tag","embeddable":true,"href":"https:\/\/www.iceagetv.com\/radiosite\/wp-json\/wp\/v2\/tags?post=37217"}],"curies":[{"name":"wp","href":"https:\/\/api.w.org\/{rel}","templated":true}]}}