{"id":37224,"date":"2025-08-12T08:13:13","date_gmt":"2025-08-12T06:13:13","guid":{"rendered":"https:\/\/www.iceagetv.com\/radiosite\/?p=37224"},"modified":"2025-08-12T08:13:17","modified_gmt":"2025-08-12T06:13:17","slug":"malgre-la-colere-des-agriculteurs-emmanuel-macron-a-promulgue-cette-nuit-la-loi-duplomb-apres-la-censure-par-le-conseil-constitutionnel-de-sa-disposition-la-plus-contestee","status":"publish","type":"post","link":"https:\/\/www.iceagetv.com\/radiosite\/malgre-la-colere-des-agriculteurs-emmanuel-macron-a-promulgue-cette-nuit-la-loi-duplomb-apres-la-censure-par-le-conseil-constitutionnel-de-sa-disposition-la-plus-contestee\/","title":{"rendered":"Malgr\u00e9 la col\u00e8re des agriculteurs, Emmanuel Macron a promulgu\u00e9 cette nuit la loi Duplomb apr\u00e8s la censure par le Conseil constitutionnel de sa disposition la plus contest\u00e9e"},"content":{"rendered":"\n<p class=\"\">Malgr\u00e9 la col\u00e8re des agriculteurs, Emmanuel Macron a promulgu\u00e9 cette nuit la loi Duplomb apr\u00e8s la censure par le Conseil constitutionnel de sa disposition la plus contest\u00e9e, qui pr\u00e9voyait la r\u00e9introduction de l\u2019ac\u00e9tamipride, un pesticide interdit de la famille des n\u00e9onicotino\u00efdes, selon le Journal officiel publi\u00e9 ce matin.<\/p>\n\n\n\n<p class=\"\">La r\u00e9introduction \u00e0 titre d\u00e9rogatoire de l\u2019ac\u00e9tamipride a cristallis\u00e9 la contestation contre la loi Duplomb. Son retour \u00e9tait r\u00e9clam\u00e9 par certains producteurs de betteraves et de noisettes pour lutter contre les ravageurs. Le Conseil constitutionnel a estim\u00e9 que \u00abfaute d\u2019encadrement suffisant\u00bb, cette mesure \u00e9tait contraire au \u00abcadre d\u00e9fini par sa jurisprudence, d\u00e9coulant de la Charte de l\u2019environnement\u00bb, selon un communiqu\u00e9.<\/p>\n\n\n\n<p class=\"\">Dans sa d\u00e9cision, il rappelle que les n\u00e9onicotino\u00efdes \u00abont des incidences sur la biodiversit\u00e9, en particulier pour les insectes pollinisateurs et les oiseaux\u00bb et \u00abinduisent des risques pour la sant\u00e9 humaine\u00bb.<\/p>\n\n\n\n<p class=\"\">Les \u00abSages\u00bb avaient en revanche valid\u00e9 le 7 ao\u00fbt les simplifications administratives accord\u00e9es aux plus gros \u00e9levages, ainsi qu\u2019\u00e0 la construction d\u2019ouvrages de stockage d\u2019eau \u00e0 finalit\u00e9 agricole.<\/p>\n\n\n\n<p class=\"\">N\u00e9anmoins, les mesures adopt\u00e9es ne doivent pas permettre de pr\u00e9l\u00e8vement dans des nappes inertielles &#8211; qui se vident ou se remplissent lentement &#8211; et devront pouvoir \u00eatre contest\u00e9es devant un juge.<\/p>\n\n\n\n<p class=\"\">Le Conseil constitutionnel avait par ailleurs valid\u00e9 sans r\u00e9serve des dispositions tr\u00e8s attendues par certains agriculteurs facilitant l\u2019agrandissement ou la construction de b\u00e2timents d\u2019\u00e9levages de porcs ou de volailles. Passer la publicit\u00e9<\/p>\n","protected":false},"excerpt":{"rendered":"<p>Malgr\u00e9 la col\u00e8re des agriculteurs, Emmanuel Macron a promulgu\u00e9 cette nuit la loi Duplomb apr\u00e8s la censure par le Conseil constitutionnel de sa disposition la plus contest\u00e9e, qui pr\u00e9voyait la r\u00e9introduction de l\u2019ac\u00e9tamipride, un pesticide interdit de la famille des n\u00e9onicotino\u00efdes, selon le Journal officiel publi\u00e9 ce matin. La r\u00e9introduction \u00e0 titre d\u00e9rogatoire de l\u2019ac\u00e9tamipride [&hellip;]<\/p>\n","protected":false},"author":2,"featured_media":37225,"comment_status":"open","ping_status":"open","sticky":false,"template":"","format":"standard","meta":{"_jetpack_memberships_contains_paid_content":false,"footnotes":"","jetpack_publicize_message":"","jetpack_publicize_feature_enabled":true,"jetpack_social_post_already_shared":true,"jetpack_social_options":{"image_generator_settings":{"template":"highway","default_image_id":0,"font":"","enabled":true,"token":"eyJpbWciOiJodHRwczpcL1wvd3d3LmljZWFnZXR2LmNvbVwvcmFkaW9zaXRlXC93cC1jb250ZW50XC91cGxvYWRzXC8yMDI1XC8wOFwvcWltVkdZR3MuanBnIiwidHh0IjoiTWFsZ3JcdTAwZTkgbGEgY29sXHUwMGU4cmUgZGVzIGFncmljdWx0ZXVycywgRW1tYW51ZWwgTWFjcm9uIGEgcHJvbXVsZ3VcdTAwZTkgY2V0dGUgbnVpdCBsYSBsb2kgRHVwbG9tYiBhcHJcdTAwZThzIGxhIGNlbnN1cmUgcGFyIGxlIENvbnNlaWwgY29uc3RpdHV0aW9ubmVsIGRlIHNhIGRpc3Bvc2l0aW9uIGxhIHBsdXMgY29udGVzdFx1MDBlOWUiLCJ0ZW1wbGF0ZSI6ImhpZ2h3YXkiLCJmb250IjoiIiwiYmxvZ19pZCI6MTExMDE2NDYxfQ.SqAfDnddku9jKs9I03GEr8NJVdu2lqjqWgY5htveIA4MQ"},"version":2},"_wpas_customize_per_network":false},"categories":[405],"tags":[],"class_list":["post-37224","post","type-post","status-publish","format-standard","has-post-thumbnail","hentry","category-actu-france-monde"],"jetpack_publicize_connections":[],"jetpack_featured_media_url":"https:\/\/i0.wp.com\/www.iceagetv.com\/radiosite\/wp-content\/uploads\/2025\/08\/qimVGYGs.jpg?fit=679%2C293&ssl=1","jetpack_sharing_enabled":true,"_links":{"self":[{"href":"https:\/\/www.iceagetv.com\/radiosite\/wp-json\/wp\/v2\/posts\/37224","targetHints":{"allow":["GET"]}}],"collection":[{"href":"https:\/\/www.iceagetv.com\/radiosite\/wp-json\/wp\/v2\/posts"}],"about":[{"href":"https:\/\/www.iceagetv.com\/radiosite\/wp-json\/wp\/v2\/types\/post"}],"author":[{"embeddable":true,"href":"https:\/\/www.iceagetv.com\/radiosite\/wp-json\/wp\/v2\/users\/2"}],"replies":[{"embeddable":true,"href":"https:\/\/www.iceagetv.com\/radiosite\/wp-json\/wp\/v2\/comments?post=37224"}],"version-history":[{"count":1,"href":"https:\/\/www.iceagetv.com\/radiosite\/wp-json\/wp\/v2\/posts\/37224\/revisions"}],"predecessor-version":[{"id":37226,"href":"https:\/\/www.iceagetv.com\/radiosite\/wp-json\/wp\/v2\/posts\/37224\/revisions\/37226"}],"wp:featuredmedia":[{"embeddable":true,"href":"https:\/\/www.iceagetv.com\/radiosite\/wp-json\/wp\/v2\/media\/37225"}],"wp:attachment":[{"href":"https:\/\/www.iceagetv.com\/radiosite\/wp-json\/wp\/v2\/media?parent=37224"}],"wp:term":[{"taxonomy":"category","embeddable":true,"href":"https:\/\/www.iceagetv.com\/radiosite\/wp-json\/wp\/v2\/categories?post=37224"},{"taxonomy":"post_tag","embeddable":true,"href":"https:\/\/www.iceagetv.com\/radiosite\/wp-json\/wp\/v2\/tags?post=37224"}],"curies":[{"name":"wp","href":"https:\/\/api.w.org\/{rel}","templated":true}]}}