{"id":37236,"date":"2025-08-12T09:02:20","date_gmt":"2025-08-12T07:02:20","guid":{"rendered":"https:\/\/www.iceagetv.com\/radiosite\/?p=37236"},"modified":"2025-08-12T09:02:23","modified_gmt":"2025-08-12T07:02:23","slug":"incendie-en-charente-le-feu-dans-le-massif-de-la-double-est-fixe","status":"publish","type":"post","link":"https:\/\/www.iceagetv.com\/radiosite\/incendie-en-charente-le-feu-dans-le-massif-de-la-double-est-fixe\/","title":{"rendered":"Incendie en Charente : le feu dans le massif de La Double est fix\u00e9"},"content":{"rendered":"\n<p class=\"\">Plusieurs habitations ont d\u00fb \u00eatre \u00e9vacu\u00e9es, alors que 230 hectares ont \u00e9t\u00e9 d\u00e9truits.L&rsquo;incendie en Charente est fix\u00e9 depuis 6h mardi 12 ao\u00fbt au matin,&nbsp;<em>\u00ab\u00a0gr\u00e2ce \u00e0 l&rsquo;action des \u00e9quipes au sol durant toute la nuit\u00a0\u00bb<\/em>, annonce sur franceinfo, le colonel Alexandre Jouassard, porte-parole de la S\u00e9curit\u00e9 civile.&nbsp;<em>\u00ab\u00a0Plus de 270 sapeurs-pompiers ont \u00e9t\u00e9 engag\u00e9s\u00a0\u00bb<\/em>&nbsp;avec d&rsquo;importants moyens a\u00e9riens. Lundi,&nbsp;<em>\u00ab\u00a0en fin d&rsquo;apr\u00e8s-midi, nous avions plusieurs Canadair, plusieurs Dash, c&rsquo;est-\u00e0-dire des appareils qui larguent du retardant, et puis \u00e9galement un h\u00e9licopt\u00e8re bombardiers d&rsquo;eau lourd\u00a0\u00bb<\/em>, d\u00e9taille-t-il avant de souligner que&nbsp;<em>\u00ab\u00a0ces moyens ont permis d&rsquo;\u00e9viter un sinistre plus important\u00a0\u00bb.&nbsp;<\/em><\/p>\n\n\n\n<p class=\"\">Le feu a d\u00e9truit 230 hectares de v\u00e9g\u00e9tation dans le massif de La Double, selon le dernier bilan de la pr\u00e9fecture de Charente. Mardi \u00e0 8h30,<em>&nbsp;\u00ab\u00a084 engins et 328 personnels\u00a0\u00bb&nbsp;<\/em>\u00e9taient encore mobilis\u00e9s (ce chiffre ne comprend pas uniquement les pompiers). Des rotations a\u00e9riennes sont organis\u00e9es depuis 7h30. &nbsp;<\/p>\n\n\n\n<p class=\"\">La ligne LGV a \u00e9t\u00e9 ferm\u00e9e lundi soir par la SNCF et les trains ont \u00e9t\u00e9 d\u00e9tourn\u00e9s sur une ligne ferroviaire classique. La SNCF annon\u00e7ait dans la soir\u00e9e des retards importants pour les trains au d\u00e9part en gare de Bordeaux : plus d&rsquo;une heure trente pour Toulouse et Tarbes, plus de deux heures pour un train \u00e0 destination de Paris, plus de quarante minutes pour Hendaye.<\/p>\n","protected":false},"excerpt":{"rendered":"<p>Plusieurs habitations ont d\u00fb \u00eatre \u00e9vacu\u00e9es, alors que 230 hectares ont \u00e9t\u00e9 d\u00e9truits.L&rsquo;incendie en Charente est fix\u00e9 depuis 6h mardi 12 ao\u00fbt au matin,&nbsp;\u00ab\u00a0gr\u00e2ce \u00e0 l&rsquo;action des \u00e9quipes au sol durant toute la nuit\u00a0\u00bb, annonce sur franceinfo, le colonel Alexandre Jouassard, porte-parole de la S\u00e9curit\u00e9 civile.&nbsp;\u00ab\u00a0Plus de 270 sapeurs-pompiers ont \u00e9t\u00e9 engag\u00e9s\u00a0\u00bb&nbsp;avec d&rsquo;importants moyens a\u00e9riens. [&hellip;]<\/p>\n","protected":false},"author":2,"featured_media":37237,"comment_status":"open","ping_status":"open","sticky":false,"template":"","format":"standard","meta":{"_jetpack_memberships_contains_paid_content":false,"footnotes":"","jetpack_publicize_message":"","jetpack_publicize_feature_enabled":true,"jetpack_social_post_already_shared":true,"jetpack_social_options":{"image_generator_settings":{"template":"highway","default_image_id":0,"font":"","enabled":true,"token":"eyJpbWciOiJodHRwczpcL1wvd3d3LmljZWFnZXR2LmNvbVwvcmFkaW9zaXRlXC93cC1jb250ZW50XC91cGxvYWRzXC8yMDI1XC8wOFwvSW5jZW5kaWUtZW4tQ2hhcmVudGUuanBnIiwidHh0IjoiSW5jZW5kaWUgZW4gQ2hhcmVudGUgOiBsZSBmZXUgZGFucyBsZSBtYXNzaWYgZGUgTGEgRG91YmxlIGVzdCBmaXhcdTAwZTkiLCJ0ZW1wbGF0ZSI6ImhpZ2h3YXkiLCJmb250IjoiIiwiYmxvZ19pZCI6MTExMDE2NDYxfQ.H5SIutyUjjcBSEoDsHwuk5Xjma6BywZObHZhGIi9O9IMQ"},"version":2},"_wpas_customize_per_network":false},"categories":[405],"tags":[],"class_list":["post-37236","post","type-post","status-publish","format-standard","has-post-thumbnail","hentry","category-actu-france-monde"],"jetpack_publicize_connections":[],"jetpack_featured_media_url":"https:\/\/i0.wp.com\/www.iceagetv.com\/radiosite\/wp-content\/uploads\/2025\/08\/Incendie-en-Charente.jpg?fit=771%2C382&ssl=1","jetpack_sharing_enabled":true,"_links":{"self":[{"href":"https:\/\/www.iceagetv.com\/radiosite\/wp-json\/wp\/v2\/posts\/37236","targetHints":{"allow":["GET"]}}],"collection":[{"href":"https:\/\/www.iceagetv.com\/radiosite\/wp-json\/wp\/v2\/posts"}],"about":[{"href":"https:\/\/www.iceagetv.com\/radiosite\/wp-json\/wp\/v2\/types\/post"}],"author":[{"embeddable":true,"href":"https:\/\/www.iceagetv.com\/radiosite\/wp-json\/wp\/v2\/users\/2"}],"replies":[{"embeddable":true,"href":"https:\/\/www.iceagetv.com\/radiosite\/wp-json\/wp\/v2\/comments?post=37236"}],"version-history":[{"count":1,"href":"https:\/\/www.iceagetv.com\/radiosite\/wp-json\/wp\/v2\/posts\/37236\/revisions"}],"predecessor-version":[{"id":37238,"href":"https:\/\/www.iceagetv.com\/radiosite\/wp-json\/wp\/v2\/posts\/37236\/revisions\/37238"}],"wp:featuredmedia":[{"embeddable":true,"href":"https:\/\/www.iceagetv.com\/radiosite\/wp-json\/wp\/v2\/media\/37237"}],"wp:attachment":[{"href":"https:\/\/www.iceagetv.com\/radiosite\/wp-json\/wp\/v2\/media?parent=37236"}],"wp:term":[{"taxonomy":"category","embeddable":true,"href":"https:\/\/www.iceagetv.com\/radiosite\/wp-json\/wp\/v2\/categories?post=37236"},{"taxonomy":"post_tag","embeddable":true,"href":"https:\/\/www.iceagetv.com\/radiosite\/wp-json\/wp\/v2\/tags?post=37236"}],"curies":[{"name":"wp","href":"https:\/\/api.w.org\/{rel}","templated":true}]}}