{"id":37243,"date":"2025-08-12T10:48:13","date_gmt":"2025-08-12T08:48:13","guid":{"rendered":"https:\/\/www.iceagetv.com\/radiosite\/?p=37243"},"modified":"2025-08-12T10:48:17","modified_gmt":"2025-08-12T08:48:17","slug":"en-mediterranee-la-canicule-marine-attendue-en-fin-de-semaine-avec-une-intensite-bien-superieure-a-ce-que-lon-a-connu","status":"publish","type":"post","link":"https:\/\/www.iceagetv.com\/radiosite\/en-mediterranee-la-canicule-marine-attendue-en-fin-de-semaine-avec-une-intensite-bien-superieure-a-ce-que-lon-a-connu\/","title":{"rendered":"En M\u00e9diterran\u00e9e, la canicule marine attendue en fin de semaine avec une \u00ab\u00a0intensit\u00e9 bien sup\u00e9rieure\u00a0\u00bb \u00e0 ce que l&rsquo;on a connu"},"content":{"rendered":"\n<p class=\"\"><strong>Les temp\u00e9ratures augmentent dans l&rsquo;air, mais aussi dans l&rsquo;eau. La M\u00e9diterran\u00e9e pourrait bien atteindre les 30 degr\u00e9s d&rsquo;ici la fin de semaine, laissant craindre une canicule maritime.<\/strong>La canicule s&rsquo;installe peu \u00e0 peu, ce lundi, dans tout l&rsquo;hexagone avec des temp\u00e9ratures qui affichent jusqu&rsquo;\u00e0 35 degr\u00e9s dans l&rsquo;air de certaines communes install\u00e9es en bord de mer,&nbsp;<a href=\"https:\/\/france3-regions.franceinfo.fr\/provence-alpes-cote-d-azur\/bouches-du-rhone\/marseille\/canicule-les-piscines-municipales-gratuites-a-marseille-3200118.html\" target=\"_blank\" rel=\"noreferrer noopener\">notamment dans les Bouches-du-Rh\u00f4ne<\/a>. Le d\u00e9partement, comme ses voisins du Vaucluse, des Hautes-Alpes et des Alpes-de-Haute-Provence, est plac\u00e9 en vigilance orange canicule pour les lundi 11 et mardi 12 ao\u00fbt, indique&nbsp;<a href=\"https:\/\/vigilance.meteofrance.fr\/fr\/bouches-du-rhone\/demain\" target=\"_blank\" rel=\"noreferrer noopener\">M\u00e9t\u00e9o France<\/a>.<\/p>\n\n\n\n<p class=\"\">Mais qu&rsquo;en est-il de la temp\u00e9rature de l&rsquo;eau ? La M\u00e9diterran\u00e9e pourrait atteindre 30\u00b0C degr\u00e9s en fin de semaine.D\u00e9passer la canicule de 2023 ?<\/p>\n\n\n\n<p class=\"\"><em>\u00ab\u00a0Avec l&rsquo;arr\u00eat du mistral, la mer se r\u00e9chauffe depuis quelques jours\u00a0\u00bb<\/em>, indique Paul Marquis, m\u00e9t\u00e9orologue pour La m\u00e9t\u00e9o du 13.&nbsp;<em>\u00ab\u00a0On va d\u00e9passer les moyennes de saison pour se rapprocher des 28\/29\u00b0C \u00e0 horizon une semaine\u00a0\u00bb<\/em>, rench\u00e9rit-il, et&nbsp;<em>\u00ab\u00a0et c&rsquo;est bien parti pour durer 10 jours, jusqu&rsquo;au 20 ao\u00fbt\u00a0\u00bb<\/em>.<\/p>\n\n\n\n<p class=\"\">Le m\u00e9t\u00e9orologue affirme que ces temp\u00e9ratures marines telles qu&rsquo;elles sont pr\u00e9vues devraient d\u00e9passer les donn\u00e9es de la canicule d&rsquo;ao\u00fbt 2023 et se rapprocher peu \u00e0 peu de celles d&rsquo;ao\u00fbt 2003 (en termes de dur\u00e9e).\u00a0<em>\u00ab\u00a0Son intensit\u00e9 sera bien sup\u00e9rieure \u00e0 ce que l&rsquo;on a pu conna\u00eetre jusqu&rsquo;\u00e0 pr\u00e9sent\u00a0\u00bb,<\/em>\u00a0explique le sp\u00e9cialiste.On pourra sans doute parler de canicule marine qui d\u00e9signe une p\u00e9riode prolong\u00e9e pendant laquelle les eaux de surface de la mer vont augmenter de mani\u00e8re significative.<\/p>\n\n\n\n<p class=\"\">Toutefois, il va falloir attendre la fin de semaine pour peut-\u00eatre se baigner dans une eau \u00e0 30 degr\u00e9s.&nbsp;<em>\u00ab\u00a0\u00c7a ne sera pas avant dimanche\u00a0\u00bb<\/em>, affirme Paul Marquis. Pour le moment, le thermom\u00e8tre indique 25 degr\u00e9s \u00e0 Marseille, 27 degr\u00e9s dans les eaux corses, tout ce qu&rsquo;il y a de plus normal pour un mois d&rsquo;ao\u00fbt.<\/p>\n\n\n\n<h2 class=\"wp-block-heading\">Un premier record en juin<\/h2>\n\n\n\n<p class=\"\">En juin dernier, lors de la premi\u00e8re canicule de l&rsquo;\u00e9t\u00e9, la Mediterrann\u00e9e a d\u00e9j\u00e0 subi de grandes variations de ses temp\u00e9ratures.&nbsp;<a href=\"https:\/\/france3-regions.franceinfo.fr\/provence-alpes-cote-d-azur\/alpes-maritimes\/plus-3-c-en-10-jours-la-temperature-de-la-mediterranee-atteint-des-records-inquietants-3179649.html\" target=\"_blank\" rel=\"noreferrer noopener\">La surface de l&rsquo;eau indiquait entre 24 et 25 degr\u00e9s au niveau de Juan-les-Pins, soit cinq unit\u00e9s de plus que la moyenne saisonni\u00e8re<\/a>. Jamais la M\u00e9diterran\u00e9e n&rsquo;avait \u00e9t\u00e9 aussi chaude pour un mois de juin.<\/p>\n\n\n\n<p class=\"\">Et quelques semaines plus tard,&nbsp;<a href=\"https:\/\/france3-regions.franceinfo.fr\/provence-alpes-cote-d-azur\/bouches-du-rhone\/marseille\/une-des-temperatures-les-plus-fraiches-un-28-juillet-depuis-15-ans-le-mistral-fait-chuter-la-temperature-de-la-mer-3194220.html\" target=\"_blank\" rel=\"noreferrer noopener\">les temp\u00e9ratures ont drastiquement chut\u00e9 jusqu&rsquo;\u00e0 redescendre \u00e0 15 degr\u00e9s<\/a>. La Mediterran\u00e9e s&rsquo;est retrouv\u00e9e plus froide que la Manche avec le retour du Mistral sur les cotes azur\u00e9ennes (effet upwelling).<\/p>\n","protected":false},"excerpt":{"rendered":"<p>Les temp\u00e9ratures augmentent dans l&rsquo;air, mais aussi dans l&rsquo;eau. La M\u00e9diterran\u00e9e pourrait bien atteindre les 30 degr\u00e9s d&rsquo;ici la fin de semaine, laissant craindre une canicule maritime.La canicule s&rsquo;installe peu \u00e0 peu, ce lundi, dans tout l&rsquo;hexagone avec des temp\u00e9ratures qui affichent jusqu&rsquo;\u00e0 35 degr\u00e9s dans l&rsquo;air de certaines communes install\u00e9es en bord de mer,&nbsp;notamment [&hellip;]<\/p>\n","protected":false},"author":2,"featured_media":37244,"comment_status":"open","ping_status":"open","sticky":false,"template":"","format":"standard","meta":{"_jetpack_memberships_contains_paid_content":false,"footnotes":"","jetpack_publicize_message":"","jetpack_publicize_feature_enabled":true,"jetpack_social_post_already_shared":true,"jetpack_social_options":{"image_generator_settings":{"template":"highway","default_image_id":0,"font":"","enabled":true,"token":"eyJpbWciOiJodHRwczpcL1wvd3d3LmljZWFnZXR2LmNvbVwvcmFkaW9zaXRlXC93cC1jb250ZW50XC91cGxvYWRzXC8yMDI1XC8wOFwvbGEtY2FuaWN1bGUtbWFyaW5lLmpwZyIsInR4dCI6IkVuIE1cdTAwZTlkaXRlcnJhblx1MDBlOWUsIGxhIGNhbmljdWxlIG1hcmluZSBhdHRlbmR1ZSBlbiBmaW4gZGUgc2VtYWluZSBhdmVjIHVuZSAmIzgyMjA7aW50ZW5zaXRcdTAwZTkgYmllbiBzdXBcdTAwZTlyaWV1cmUmIzgyMjE7IFx1MDBlMCBjZSBxdWUgbCYjODIxNztvbiBhIGNvbm51IiwidGVtcGxhdGUiOiJoaWdod2F5IiwiZm9udCI6IiIsImJsb2dfaWQiOjExMTAxNjQ2MX0.S20oDsaojKQWAEb7d2zlk2r6JLC8HIouKPycswo2mFsMQ"},"version":2},"_wpas_customize_per_network":false},"categories":[14],"tags":[],"class_list":["post-37243","post","type-post","status-publish","format-standard","has-post-thumbnail","hentry","category-actu-meteo"],"jetpack_publicize_connections":[],"jetpack_featured_media_url":"https:\/\/i0.wp.com\/www.iceagetv.com\/radiosite\/wp-content\/uploads\/2025\/08\/la-canicule-marine.jpg?fit=574%2C386&ssl=1","jetpack_sharing_enabled":true,"_links":{"self":[{"href":"https:\/\/www.iceagetv.com\/radiosite\/wp-json\/wp\/v2\/posts\/37243","targetHints":{"allow":["GET"]}}],"collection":[{"href":"https:\/\/www.iceagetv.com\/radiosite\/wp-json\/wp\/v2\/posts"}],"about":[{"href":"https:\/\/www.iceagetv.com\/radiosite\/wp-json\/wp\/v2\/types\/post"}],"author":[{"embeddable":true,"href":"https:\/\/www.iceagetv.com\/radiosite\/wp-json\/wp\/v2\/users\/2"}],"replies":[{"embeddable":true,"href":"https:\/\/www.iceagetv.com\/radiosite\/wp-json\/wp\/v2\/comments?post=37243"}],"version-history":[{"count":1,"href":"https:\/\/www.iceagetv.com\/radiosite\/wp-json\/wp\/v2\/posts\/37243\/revisions"}],"predecessor-version":[{"id":37245,"href":"https:\/\/www.iceagetv.com\/radiosite\/wp-json\/wp\/v2\/posts\/37243\/revisions\/37245"}],"wp:featuredmedia":[{"embeddable":true,"href":"https:\/\/www.iceagetv.com\/radiosite\/wp-json\/wp\/v2\/media\/37244"}],"wp:attachment":[{"href":"https:\/\/www.iceagetv.com\/radiosite\/wp-json\/wp\/v2\/media?parent=37243"}],"wp:term":[{"taxonomy":"category","embeddable":true,"href":"https:\/\/www.iceagetv.com\/radiosite\/wp-json\/wp\/v2\/categories?post=37243"},{"taxonomy":"post_tag","embeddable":true,"href":"https:\/\/www.iceagetv.com\/radiosite\/wp-json\/wp\/v2\/tags?post=37243"}],"curies":[{"name":"wp","href":"https:\/\/api.w.org\/{rel}","templated":true}]}}