{"id":37261,"date":"2025-08-13T13:28:43","date_gmt":"2025-08-13T11:28:43","guid":{"rendered":"https:\/\/www.iceagetv.com\/radiosite\/?p=37261"},"modified":"2025-08-13T13:28:47","modified_gmt":"2025-08-13T11:28:47","slug":"voici-comment-le-patron-de-lina-a-ete-interpelle-par-hasard-alors-quil-venait-de-se-faire-livrer-a-domicile-10gr-de-cocaine-par-un-jeune-homme-de-17-ans-qui-ete-suivi-par-la-bac","status":"publish","type":"post","link":"https:\/\/www.iceagetv.com\/radiosite\/voici-comment-le-patron-de-lina-a-ete-interpelle-par-hasard-alors-quil-venait-de-se-faire-livrer-a-domicile-10gr-de-cocaine-par-un-jeune-homme-de-17-ans-qui-ete-suivi-par-la-bac\/","title":{"rendered":"Voici comment le patron de l&rsquo;INA a \u00e9t\u00e9 interpell\u00e9, par hasard, alors qu&rsquo;il venait de se faire livrer \u00e0 domicile 10gr de coca\u00efne par un jeune homme de 17 ans qui \u00e9t\u00e9 suivi par la BAC"},"content":{"rendered":"\n<p class=\"\">Voici comment le patron de l&rsquo;INA a \u00e9t\u00e9 interpell\u00e9, par hasard, alors qu&rsquo;il venait de se faire livrer \u00e0 domicile 10gr de coca\u00efne par un jeune homme de 17 ans qui \u00e9t\u00e9 suivi par la BAC. Tout a d\u00e9but\u00e9 par une filature d&rsquo;un jeune homme de 17 ans par des policiers de la BAC (brigade anticriminalit\u00e9), qui l&rsquo;ont suivi jusque dans la cour int\u00e9rieure d&rsquo;un b\u00e2timent, a relat\u00e9 \u00e0 l&rsquo;AFP une source polici\u00e8re. A sa sortie, ils l&rsquo;interpellent et d\u00e9couvrent qu&rsquo;il transporte la somme de 600 euros. Le jeune homme leur affirme \u00eatre all\u00e9 voir un ami.<\/p>\n\n\n\n<p class=\"\">Les policiers prennent alors contact avec \u00ab\u00a0l&rsquo;ami\u00a0\u00bb, qui est en fait le pr\u00e9sident de l&rsquo;Ina. Celui-ci reconna\u00eet avoir achet\u00e9 au jeune homme de la coca\u00efne pour un montant de 600 euros et remet la drogue aux policiers.<\/p>\n\n\n\n<p class=\"\">La coca\u00efne se vend g\u00e9n\u00e9ralement autour de 60 euros le gramme, au d\u00e9tail, en France. Laurent Vallet, 55 ans, a \u00e9t\u00e9 reconduit en mai pour un troisi\u00e8me mandat de cinq ans \u00e0 la t\u00eate de l&rsquo;Ina, sur proposition de Mme Dati.<\/p>\n\n\n\n<p class=\"\">Il occupe la pr\u00e9sidence de cette structure publique depuis mai 2015. Il avait alors succ\u00e9d\u00e9 \u00e0 Agn\u00e8s Saal, rest\u00e9e moins d&rsquo;un an en poste. Elle avait d\u00fb d\u00e9missionner \u00e0 la demande de la ministre de la Culture de l&rsquo;\u00e9poque, Fleur Pellerin, apr\u00e8s la r\u00e9v\u00e9lation de frais de taxi d\u00e9passant 40.000 euros en dix mois.<\/p>\n\n\n\n<p class=\"\">Interpell\u00e9 fin juillet \u00e0 Paris apr\u00e8s s&rsquo;\u00eatre fait livrer de la coca\u00efne chez lui, le pr\u00e9sident de l&rsquo;Institut national de l&rsquo;audiovisuel (Ina), Laurent Vallet, a \u00e9t\u00e9 suspendu de ses fonctions mardi par la ministre de la Culture, Rachida Dati.<\/p>\n\n\n\n<p class=\"\">\u00ab\u00a0Ayant pris connaissance par la presse de la mise en cause de Laurent Vallet (&#8230;) dans une affaire d&rsquo;achat de stup\u00e9fiants, j&rsquo;ai d\u00e9cid\u00e9 pour la s\u00e9r\u00e9nit\u00e9 de l&rsquo;institution de le suspendre imm\u00e9diatement de ses fonctions en attendant de plus amples informations\u00a0\u00bb, a indiqu\u00e9 Mme Dati sur X.<\/p>\n\n\n\n<p class=\"\">Dans un communiqu\u00e9 transmis par l&rsquo;Ina, M. Vallet a dit \u00ab\u00a0prendre acte\u00a0\u00bb de cette d\u00e9cision \u00ab\u00a0pleinement respectueuse de l&rsquo;institution\u00a0\u00bb qu&rsquo;il dirige. Selon lui, cette suspension a \u00e9t\u00e9 prononc\u00e9e \u00ab\u00a0en vue de l&rsquo;audience \u00e0 laquelle (il est) convoqu\u00e9 d\u00e9but septembre au tribunal judiciaire de Paris pour une injonction th\u00e9rapeutique\u00a0\u00bb.<\/p>\n\n\n\n<p class=\"\">Un peu plus t\u00f4t, une source judiciaire avait indiqu\u00e9 \u00e0 l&rsquo;AFP que M. Vallet avait \u00e9t\u00e9 \u00ab\u00a0orient\u00e9 vers une injonction th\u00e9rapeutique\u00a0\u00bb car il s&rsquo;agissait d&rsquo;une premi\u00e8re interpellation. \u00ab\u00a0J&rsquo;ai conscience du caract\u00e8re \u00e0 tous \u00e9gards n\u00e9faste et condamnable de la consommation de stup\u00e9fiants. J&rsquo;ai mis en place le dispositif indispensable visant \u00e0 y mettre un terme d\u00e9finitif et me soumettrai \u00e0 toute obligation que la justice estimera n\u00e9cessaire\u00a0\u00bb, a assur\u00e9 le dirigeant.<\/p>\n","protected":false},"excerpt":{"rendered":"<p>Voici comment le patron de l&rsquo;INA a \u00e9t\u00e9 interpell\u00e9, par hasard, alors qu&rsquo;il venait de se faire livrer \u00e0 domicile 10gr de coca\u00efne par un jeune homme de 17 ans qui \u00e9t\u00e9 suivi par la BAC. Tout a d\u00e9but\u00e9 par une filature d&rsquo;un jeune homme de 17 ans par des policiers de la BAC (brigade [&hellip;]<\/p>\n","protected":false},"author":2,"featured_media":37262,"comment_status":"open","ping_status":"open","sticky":false,"template":"","format":"standard","meta":{"_jetpack_memberships_contains_paid_content":false,"footnotes":"","jetpack_publicize_message":"","jetpack_publicize_feature_enabled":true,"jetpack_social_post_already_shared":true,"jetpack_social_options":{"image_generator_settings":{"template":"highway","default_image_id":0,"font":"","enabled":true,"token":"eyJpbWciOiJodHRwczpcL1wvd3d3LmljZWFnZXR2LmNvbVwvcmFkaW9zaXRlXC93cC1jb250ZW50XC91cGxvYWRzXC8yMDI1XC8wOFwvaUJjcXdqRFkuanBnIiwidHh0IjoiVm9pY2kgY29tbWVudCBsZSBwYXRyb24gZGUgbCYjODIxNztJTkEgYSBcdTAwZTl0XHUwMGU5IGludGVycGVsbFx1MDBlOSwgcGFyIGhhc2FyZCwgYWxvcnMgcXUmIzgyMTc7aWwgdmVuYWl0IGRlIHNlIGZhaXJlIGxpdnJlciBcdTAwZTAgZG9taWNpbGUgMTBnciBkZSBjb2NhXHUwMGVmbmUgcGFyIHVuIGpldW5lIGhvbW1lIGRlIDE3IGFucyBxdWkgXHUwMGU5dFx1MDBlOSBzdWl2aSBwYXIgbGEgQkFDIiwidGVtcGxhdGUiOiJoaWdod2F5IiwiZm9udCI6IiIsImJsb2dfaWQiOjExMTAxNjQ2MX0.LuDQOyj6_sPvUWojXwDfzBQp-O9QCkXgY8OtCg8iKaQMQ"},"version":2},"_wpas_customize_per_network":false},"categories":[405],"tags":[],"class_list":["post-37261","post","type-post","status-publish","format-standard","has-post-thumbnail","hentry","category-actu-france-monde"],"jetpack_publicize_connections":[],"jetpack_featured_media_url":"https:\/\/i0.wp.com\/www.iceagetv.com\/radiosite\/wp-content\/uploads\/2025\/08\/iBcqwjDY.jpg?fit=679%2C293&ssl=1","jetpack_sharing_enabled":true,"_links":{"self":[{"href":"https:\/\/www.iceagetv.com\/radiosite\/wp-json\/wp\/v2\/posts\/37261","targetHints":{"allow":["GET"]}}],"collection":[{"href":"https:\/\/www.iceagetv.com\/radiosite\/wp-json\/wp\/v2\/posts"}],"about":[{"href":"https:\/\/www.iceagetv.com\/radiosite\/wp-json\/wp\/v2\/types\/post"}],"author":[{"embeddable":true,"href":"https:\/\/www.iceagetv.com\/radiosite\/wp-json\/wp\/v2\/users\/2"}],"replies":[{"embeddable":true,"href":"https:\/\/www.iceagetv.com\/radiosite\/wp-json\/wp\/v2\/comments?post=37261"}],"version-history":[{"count":1,"href":"https:\/\/www.iceagetv.com\/radiosite\/wp-json\/wp\/v2\/posts\/37261\/revisions"}],"predecessor-version":[{"id":37263,"href":"https:\/\/www.iceagetv.com\/radiosite\/wp-json\/wp\/v2\/posts\/37261\/revisions\/37263"}],"wp:featuredmedia":[{"embeddable":true,"href":"https:\/\/www.iceagetv.com\/radiosite\/wp-json\/wp\/v2\/media\/37262"}],"wp:attachment":[{"href":"https:\/\/www.iceagetv.com\/radiosite\/wp-json\/wp\/v2\/media?parent=37261"}],"wp:term":[{"taxonomy":"category","embeddable":true,"href":"https:\/\/www.iceagetv.com\/radiosite\/wp-json\/wp\/v2\/categories?post=37261"},{"taxonomy":"post_tag","embeddable":true,"href":"https:\/\/www.iceagetv.com\/radiosite\/wp-json\/wp\/v2\/tags?post=37261"}],"curies":[{"name":"wp","href":"https:\/\/api.w.org\/{rel}","templated":true}]}}