{"id":37274,"date":"2025-08-13T17:53:28","date_gmt":"2025-08-13T15:53:28","guid":{"rendered":"https:\/\/www.iceagetv.com\/radiosite\/?p=37274"},"modified":"2025-08-13T17:53:32","modified_gmt":"2025-08-13T15:53:32","slug":"lincendie-meurtrier-qui-a-ravage-17-000-hectares-dans-laude-pourrait-avoir-une-cause-criminelle-affirme-le-procureur-de-montpellier","status":"publish","type":"post","link":"https:\/\/www.iceagetv.com\/radiosite\/lincendie-meurtrier-qui-a-ravage-17-000-hectares-dans-laude-pourrait-avoir-une-cause-criminelle-affirme-le-procureur-de-montpellier\/","title":{"rendered":"L&rsquo;incendie meurtrier qui a ravag\u00e9 17 000 hectares dans l&rsquo;Aude \u00ab\u00a0pourrait avoir une cause criminelle\u00a0\u00bb, affirme le procureur de Montpellier"},"content":{"rendered":"\n<p class=\"\">&lsquo;incendie d&rsquo;<a href=\"https:\/\/www.franceinfo.fr\/environnement\/evenements-meteorologiques-extremes\/incendies-et-feux-de-foret\/incendie-meurtrier-dans-l-aude\/incendie-dans-l-aude-l-ampleur-des-degats-vue-du-ciel_7422619.html\">une ampleur exceptionnelle<\/a>, qui a fait un mort et deux bless\u00e9s graves&nbsp;<a href=\"https:\/\/www.franceinfo.fr\/environnement\/evenements-meteorologiques-extremes\/incendies-et-feux-de-foret\/incendie-meurtrier-dans-l-aude\/incendie-meurtrier-dans-l-aude-feu-hors-normes-consignes-de-securite-ce-qu-il-faut-savoir-sur-ce-brasier-d-ampleur_7421533.html\">dans l&rsquo;Aude<\/a>, et parcouru 17 000 hectares,&nbsp;<em>\u00ab\u00a0pourrait avoir une cause criminelle r\u00e9sultant d&rsquo;un acte volontaire\u00a0\u00bb<\/em>, a d\u00e9clar\u00e9 le procureur de la R\u00e9publique de Montpellier, mercredi 13 ao\u00fbt.<\/p>\n\n\n\n<p class=\"\">Les\u00a0<em>\u00ab\u00a0experts estiment qu&rsquo;au regard des conditions de d\u00e9part du feu, celui-ci pourrait avoir une cause criminelle r\u00e9sultant d&rsquo;un acte volontaire. Toutefois, cette premi\u00e8re expertise demande n\u00e9cessairement \u00e0 \u00eatre confirm\u00e9e par des investigations compl\u00e9mentaires\u00a0\u00bb<\/em>, ajoute-t-il dans un communiqu\u00e9.<em>Au fur et \u00e0 mesure des investigations des gendarmes et des services sp\u00e9cialis\u00e9s, il est apparu\u00a0que cet incendie avait une origine anthropique<\/em>\u00a0(humaine),\u00a0<em>toute cause naturelle \u00e9tant exclue\u00a0\u00bb<\/em>, ajoute encore le parquet. Cet incendie particuli\u00e8rement destructeur a commenc\u00e9 le 5 ao\u00fbt dans l&rsquo;apr\u00e8s-midi entre les communes de Ribaute et Lagrasse, le long de la route d\u00e9partement D212 reliant les deux communes. Le feu s&rsquo;est \u00e9tendu \u00e0 cinq communes au moins et a parcouru 17 000 hectares, dont 2 000 hectares de cultures. Une personne est morte, deux autres ont \u00e9t\u00e9 bless\u00e9es gravement et plusieurs ont \u00e9t\u00e9 bless\u00e9es l\u00e9g\u00e8rement.\u00a0<\/p>\n","protected":false},"excerpt":{"rendered":"<p>&lsquo;incendie d&rsquo;une ampleur exceptionnelle, qui a fait un mort et deux bless\u00e9s graves&nbsp;dans l&rsquo;Aude, et parcouru 17 000 hectares,&nbsp;\u00ab\u00a0pourrait avoir une cause criminelle r\u00e9sultant d&rsquo;un acte volontaire\u00a0\u00bb, a d\u00e9clar\u00e9 le procureur de la R\u00e9publique de Montpellier, mercredi 13 ao\u00fbt. Les\u00a0\u00ab\u00a0experts estiment qu&rsquo;au regard des conditions de d\u00e9part du feu, celui-ci pourrait avoir une cause criminelle [&hellip;]<\/p>\n","protected":false},"author":2,"featured_media":37275,"comment_status":"open","ping_status":"open","sticky":false,"template":"","format":"standard","meta":{"_jetpack_memberships_contains_paid_content":false,"footnotes":"","jetpack_publicize_message":"","jetpack_publicize_feature_enabled":true,"jetpack_social_post_already_shared":true,"jetpack_social_options":{"image_generator_settings":{"template":"highway","default_image_id":0,"font":"","enabled":true,"token":"eyJpbWciOiJodHRwczpcL1wvd3d3LmljZWFnZXR2LmNvbVwvcmFkaW9zaXRlXC93cC1jb250ZW50XC91cGxvYWRzXC8yMDI1XC8wOFwvTGluY2VuZGllLW1ldXJ0cmllci1xdWktYS1yYXZhZ2UtMTctMDAwLWhlY3RhcmVzLWRhbnMtbEF1ZGUuanBnIiwidHh0IjoiTCYjODIxNztpbmNlbmRpZSBtZXVydHJpZXIgcXVpIGEgcmF2YWdcdTAwZTkgMTcgMDAwIGhlY3RhcmVzIGRhbnMgbCYjODIxNztBdWRlICYjODIyMDtwb3VycmFpdCBhdm9pciB1bmUgY2F1c2UgY3JpbWluZWxsZSYjODIyMTssIGFmZmlybWUgbGUgcHJvY3VyZXVyIGRlIE1vbnRwZWxsaWVyIiwidGVtcGxhdGUiOiJoaWdod2F5IiwiZm9udCI6IiIsImJsb2dfaWQiOjExMTAxNjQ2MX0.DXRqdfMrwyy6zAC5L784WtgscmJruAprTqeu4cOY7wUMQ"},"version":2},"_wpas_customize_per_network":false},"categories":[405],"tags":[],"class_list":["post-37274","post","type-post","status-publish","format-standard","has-post-thumbnail","hentry","category-actu-france-monde"],"jetpack_publicize_connections":[],"jetpack_featured_media_url":"https:\/\/i0.wp.com\/www.iceagetv.com\/radiosite\/wp-content\/uploads\/2025\/08\/Lincendie-meurtrier-qui-a-ravage-17-000-hectares-dans-lAude.jpg?fit=777%2C411&ssl=1","jetpack_sharing_enabled":true,"_links":{"self":[{"href":"https:\/\/www.iceagetv.com\/radiosite\/wp-json\/wp\/v2\/posts\/37274","targetHints":{"allow":["GET"]}}],"collection":[{"href":"https:\/\/www.iceagetv.com\/radiosite\/wp-json\/wp\/v2\/posts"}],"about":[{"href":"https:\/\/www.iceagetv.com\/radiosite\/wp-json\/wp\/v2\/types\/post"}],"author":[{"embeddable":true,"href":"https:\/\/www.iceagetv.com\/radiosite\/wp-json\/wp\/v2\/users\/2"}],"replies":[{"embeddable":true,"href":"https:\/\/www.iceagetv.com\/radiosite\/wp-json\/wp\/v2\/comments?post=37274"}],"version-history":[{"count":2,"href":"https:\/\/www.iceagetv.com\/radiosite\/wp-json\/wp\/v2\/posts\/37274\/revisions"}],"predecessor-version":[{"id":37277,"href":"https:\/\/www.iceagetv.com\/radiosite\/wp-json\/wp\/v2\/posts\/37274\/revisions\/37277"}],"wp:featuredmedia":[{"embeddable":true,"href":"https:\/\/www.iceagetv.com\/radiosite\/wp-json\/wp\/v2\/media\/37275"}],"wp:attachment":[{"href":"https:\/\/www.iceagetv.com\/radiosite\/wp-json\/wp\/v2\/media?parent=37274"}],"wp:term":[{"taxonomy":"category","embeddable":true,"href":"https:\/\/www.iceagetv.com\/radiosite\/wp-json\/wp\/v2\/categories?post=37274"},{"taxonomy":"post_tag","embeddable":true,"href":"https:\/\/www.iceagetv.com\/radiosite\/wp-json\/wp\/v2\/tags?post=37274"}],"curies":[{"name":"wp","href":"https:\/\/api.w.org\/{rel}","templated":true}]}}