{"id":37312,"date":"2025-08-15T11:27:01","date_gmt":"2025-08-15T09:27:01","guid":{"rendered":"https:\/\/www.iceagetv.com\/radiosite\/?p=37312"},"modified":"2025-08-15T11:27:05","modified_gmt":"2025-08-15T09:27:05","slug":"epinay-sur-seine-lolivier-plante-en-memoire-dilan-halimi-jeune-francais-juif-torture-a-mort-en-2006-par-le-gang-des-barbares-a-ete-tronconne-en-pleine-nuit-francois-bayrou-denonce-la","status":"publish","type":"post","link":"https:\/\/www.iceagetv.com\/radiosite\/epinay-sur-seine-lolivier-plante-en-memoire-dilan-halimi-jeune-francais-juif-torture-a-mort-en-2006-par-le-gang-des-barbares-a-ete-tronconne-en-pleine-nuit-francois-bayrou-denonce-la\/","title":{"rendered":"\u00c9pinay-sur-Seine : L&rsquo;olivier plant\u00e9 en m\u00e9moire d&rsquo;Ilan Halimi, jeune Fran\u00e7ais juif tortur\u00e9 \u00e0 mort en 2006 par le \u00ab\u00a0Gang des barbares \u00ab\u00a0, a \u00e9t\u00e9 tron\u00e7onn\u00e9 en pleine nuit &#8211; Fran\u00e7ois Bayrou d\u00e9nonce la \u00ab\u00a0haine antis\u00e9mite\u00a0\u00bb"},"content":{"rendered":"\n<p class=\"\"><strong>Fran\u00e7ois Bayrou \u00e9voque un \u00ab crime \u00bb qui \u00ab ne peut d\u00e9raciner la m\u00e9moire \u00bb. \u00ab L\u2019arbre pour Ilan Halimi, vivant rempart contre l\u2019oubli, a \u00e9t\u00e9 fauch\u00e9 par la haine antis\u00e9mite \u00bb, \u00e9crit le Premier ministre sur son compte X, apr\u00e8s que cet olivier a \u00e9t\u00e9 tron\u00e7onn\u00e9. \u00ab La lutte jamais achev\u00e9e contre le mortel poison de la haine est notre devoir premier \u00bb.<\/strong><strong>Un olivier plant\u00e9 \u00e0 \u00c9pinay-sur-Seine en m\u00e9moire d&rsquo;Ilan Halimi, un jeune Fran\u00e7ais de confession juive s\u00e9questr\u00e9 et tortur\u00e9 \u00e0 mort en 2006 par le \u00abgang des barbares \u00bb, a \u00e9t\u00e9 abattu de fa\u00e7on malveillante, a fait savoir le maire de la ville Herv\u00e9 Chevreau.<\/strong><\/p>\n\n\n\n<p class=\"\">Les faits se sont produits dans la nuit de mercredi \u00e0 jeudi, a pr\u00e9cis\u00e9 l&rsquo;\u00e9lu de la commune de Seine-Saint-Denis, qui a indiqu\u00e9 avoir d\u00e9pos\u00e9 plainte.<\/p>\n\n\n\n<p class=\"\">Des photos montrent le tronc de cet arbre plant\u00e9 en mars 2011 probablement sectionn\u00e9 \u00e0 l&rsquo;aide d&rsquo;une tron\u00e7onneuse, \u00e0 une vingtaine de centim\u00e8tres du sol, devant une st\u00e8le rendant hommage \u00e0 Ilan Halimi.<\/p>\n\n\n\n<p class=\"\">Mathieu Hanotin, pr\u00e9sident de l&rsquo;\u00e9tablissement public territorial Plaine Commune, auquel appartient \u00c9pinay-sur-Seine, a condamn\u00e9 apr\u00e8s l&rsquo;abattage de l&rsquo;olivier \u00abun acte de vandalisme portant atteinte \u00e0 la m\u00e9moire collective de ce meurtre antis\u00e9mite\u00bb.<\/p>\n\n\n\n<p class=\"\">Il s&rsquo;est engag\u00e9 dans un communiqu\u00e9 \u00ab\u00e0 ce qu&rsquo;un nouvel arbre comm\u00e9moratif soit replant\u00e9 dans les meilleurs d\u00e9lais\u00bb.<\/p>\n\n\n\n<p class=\"\">Le d\u00e9c\u00e8s d&rsquo;Ilan Halimi, d\u00e9c\u00e8s provoqu\u00e9 une vive \u00e9motion en France.&nbsp;D\u00e9couvert nu, b\u00e2illonn\u00e9, menott\u00e9 et portant des traces de tortures et de br\u00fblures, le jeune homme \u00e9tait mort pendant son transfert \u00e0 l&rsquo;h\u00f4pital en f\u00e9vrier 2006.<\/p>\n\n\n\n<p class=\"\">Deux autres arbres plant\u00e9s en hommage \u00e0 Ilan Halimi avaient \u00e9t\u00e9 vandalis\u00e9s en 2019 \u00e0 Sainte-Genevi\u00e8ve-des-Bois, dans l&rsquo;Essonne, o\u00f9 il avait \u00e9t\u00e9 retrouv\u00e9 agonisant au bord d&rsquo;une voie ferr\u00e9e.<\/p>\n","protected":false},"excerpt":{"rendered":"<p>Fran\u00e7ois Bayrou \u00e9voque un \u00ab crime \u00bb qui \u00ab ne peut d\u00e9raciner la m\u00e9moire \u00bb. \u00ab L\u2019arbre pour Ilan Halimi, vivant rempart contre l\u2019oubli, a \u00e9t\u00e9 fauch\u00e9 par la haine antis\u00e9mite \u00bb, \u00e9crit le Premier ministre sur son compte X, apr\u00e8s que cet olivier a \u00e9t\u00e9 tron\u00e7onn\u00e9. \u00ab La lutte jamais achev\u00e9e contre le mortel [&hellip;]<\/p>\n","protected":false},"author":2,"featured_media":37313,"comment_status":"open","ping_status":"open","sticky":false,"template":"","format":"standard","meta":{"_jetpack_memberships_contains_paid_content":false,"footnotes":"","jetpack_publicize_message":"","jetpack_publicize_feature_enabled":true,"jetpack_social_post_already_shared":true,"jetpack_social_options":{"image_generator_settings":{"template":"highway","default_image_id":0,"font":"","enabled":true,"token":"eyJpbWciOiJodHRwczpcL1wvd3d3LmljZWFnZXR2LmNvbVwvcmFkaW9zaXRlXC93cC1jb250ZW50XC91cGxvYWRzXC8yMDI1XC8wOFwvd2J0N1BlelguanBnIiwidHh0IjoiXHUwMGM5cGluYXktc3VyLVNlaW5lIDogTCYjODIxNztvbGl2aWVyIHBsYW50XHUwMGU5IGVuIG1cdTAwZTltb2lyZSBkJiM4MjE3O0lsYW4gSGFsaW1pLCBqZXVuZSBGcmFuXHUwMGU3YWlzIGp1aWYgdG9ydHVyXHUwMGU5IFx1MDBlMCBtb3J0IGVuIDIwMDYgcGFyIGxlICYjODIyMDtHYW5nIGRlcyBiYXJiYXJlcyAmIzgyMjA7LCBhIFx1MDBlOXRcdTAwZTkgdHJvblx1MDBlN29ublx1MDBlOSBlbiBwbGVpbmUgbnVpdCAmIzgyMTE7IEZyYW5cdTAwZTdvaXMgQmF5cm91IGRcdTAwZTlub25jZSBsYSAmIzgyMjA7aGFpbmUgYW50aXNcdTAwZTltaXRlJiM4MjIxOyIsInRlbXBsYXRlIjoiaGlnaHdheSIsImZvbnQiOiIiLCJibG9nX2lkIjoxMTEwMTY0NjF9.wWXV55wPIXQkQZn940CoFgitu4J_koMRjxJC_AfN8s0MQ"},"version":2},"_wpas_customize_per_network":false},"categories":[405],"tags":[],"class_list":["post-37312","post","type-post","status-publish","format-standard","has-post-thumbnail","hentry","category-actu-france-monde"],"jetpack_publicize_connections":[],"jetpack_featured_media_url":"https:\/\/i0.wp.com\/www.iceagetv.com\/radiosite\/wp-content\/uploads\/2025\/08\/wbt7PezX.jpg?fit=679%2C293&ssl=1","jetpack_sharing_enabled":true,"_links":{"self":[{"href":"https:\/\/www.iceagetv.com\/radiosite\/wp-json\/wp\/v2\/posts\/37312","targetHints":{"allow":["GET"]}}],"collection":[{"href":"https:\/\/www.iceagetv.com\/radiosite\/wp-json\/wp\/v2\/posts"}],"about":[{"href":"https:\/\/www.iceagetv.com\/radiosite\/wp-json\/wp\/v2\/types\/post"}],"author":[{"embeddable":true,"href":"https:\/\/www.iceagetv.com\/radiosite\/wp-json\/wp\/v2\/users\/2"}],"replies":[{"embeddable":true,"href":"https:\/\/www.iceagetv.com\/radiosite\/wp-json\/wp\/v2\/comments?post=37312"}],"version-history":[{"count":1,"href":"https:\/\/www.iceagetv.com\/radiosite\/wp-json\/wp\/v2\/posts\/37312\/revisions"}],"predecessor-version":[{"id":37314,"href":"https:\/\/www.iceagetv.com\/radiosite\/wp-json\/wp\/v2\/posts\/37312\/revisions\/37314"}],"wp:featuredmedia":[{"embeddable":true,"href":"https:\/\/www.iceagetv.com\/radiosite\/wp-json\/wp\/v2\/media\/37313"}],"wp:attachment":[{"href":"https:\/\/www.iceagetv.com\/radiosite\/wp-json\/wp\/v2\/media?parent=37312"}],"wp:term":[{"taxonomy":"category","embeddable":true,"href":"https:\/\/www.iceagetv.com\/radiosite\/wp-json\/wp\/v2\/categories?post=37312"},{"taxonomy":"post_tag","embeddable":true,"href":"https:\/\/www.iceagetv.com\/radiosite\/wp-json\/wp\/v2\/tags?post=37312"}],"curies":[{"name":"wp","href":"https:\/\/api.w.org\/{rel}","templated":true}]}}