{"id":37319,"date":"2025-08-15T12:57:42","date_gmt":"2025-08-15T10:57:42","guid":{"rendered":"https:\/\/www.iceagetv.com\/radiosite\/?p=37319"},"modified":"2025-08-15T12:57:46","modified_gmt":"2025-08-15T10:57:46","slug":"exclu-apres-son-depart-de-la-tnt-canal-va-diffuser-davantage-de-grands-evenements-en-clair","status":"publish","type":"post","link":"https:\/\/www.iceagetv.com\/radiosite\/exclu-apres-son-depart-de-la-tnt-canal-va-diffuser-davantage-de-grands-evenements-en-clair\/","title":{"rendered":"Exclu. Apr\u00e8s son d\u00e9part de la TNT, Canal+ va diffuser davantage de grands \u00e9v\u00e9nements en clair"},"content":{"rendered":"\n<p class=\"\">Canal+ cr\u00e9\u00e9 l&rsquo;\u00e9v\u00e9nement ce vendredi 15 ao\u00fbt \u00e0 partir de 21h en diffusant en direct et en clair le match d&rsquo;ouverture de la saison 2025\/2026 de Premier League qui va voir s&rsquo;affronter Liverpool et Bournemouth. La cha\u00eene crypt\u00e9e d\u00e9taille \u00e0 T\u00e9l\u00e9-Loisirs sa strat\u00e9gie pour proposer davantage d&rsquo;\u00e9v\u00e9nements au plus grand nombre \u00e0 partir de la rentr\u00e9e.<\/p>\n\n\n\n<p class=\"\">C&rsquo;est une initiative qui ne va pas passer inaper\u00e7ue. Ce vendredi 15 ao\u00fbt \u00e0 partir de 21h, Canal+, d\u00e9sormais diffus\u00e9e&nbsp;<a href=\"https:\/\/www.programme-tv.net\/news\/tv\/379927-ou-retrouver-la-chaine-canal-apres-sa-disparition-du-canal-4-de-la-tnt-le-6-juin\/\">sur le canal 40 sur les box depuis son retrait de la TNT<\/a>,&nbsp;<strong>diffusera en clair le match d&rsquo;ouverture de Premier League opposant Liverpool \u00e0 Bournemouth.<\/strong>&nbsp;Une rencontre qui sera comment\u00e9e par Paul Tchoukriel et Bruno Cheyrou. \u00ab\u00a0<em>Nous sommes le premier partenaire de la Premier League avec une audience potentielle de 1,5 milliard gr\u00e2ce \u00e0 notre pr\u00e9sence dans plus de 50 pays<\/em>\u00ab\u00a0, rappelle aupr\u00e8s de&nbsp;<em>T\u00e9l\u00e9-Loisirs<\/em>&nbsp;G\u00e9rald-Brice Viret, le directeur g\u00e9n\u00e9ral de Canal+ France en charge des programmes et des antennes.<\/p>\n\n\n\n<h2 class=\"wp-block-heading\" id=\"95ll6\">\u00ab\u00a0<em>Nous pouvons \u00eatre en clair quand nous le voulons<\/em>\u00ab\u00a0, assure Canal+ apr\u00e8s son d\u00e9part de la TNT<\/h2>\n\n\n\n<p class=\"\">Qui poursuit : \u00ab\u00a0<em>Depuis que nous avons quitt\u00e9 la TNT,\u00a0<strong>nous pouvons \u00eatre en clair quand nous le voulons\u00a0<\/strong>dans la limite de six heures par jour. Auparavant, il nous fallait \u00e0 chaque fois demander l&rsquo;autorisation \u00e0 l&rsquo;ARCOM (le gendarme de l&rsquo;audiovisuel, ndlr), qui nous a r\u00e9guli\u00e8rement refus\u00e9 des soir\u00e9es en clair<\/em>.\u00a0<em>Cette strat\u00e9gie permet de faire d\u00e9couvrir le meilleur de Canal+ et de recruter de nouveaux abonn\u00e9s<\/em>\u00ab\u00a0. Canal+ souligne cependant avoir conserv\u00e9 son portefeuille de 10 millions d&rsquo;abonn\u00e9s en France malgr\u00e9 son absence de la TNT.Et apr\u00e8s la diffusion d&rsquo;un match de Premier League en clair ce 15 ao\u00fbt,&nbsp;<strong>la cha\u00eene crypt\u00e9e ne compte pas s&rsquo;arr\u00eater en si bon chemin.<\/strong>&nbsp;\u00ab\u00a0<em>Fin septembre, pour le lancement de la cr\u00e9ation originale Sentinelles, nous diffuserons les deux premiers \u00e9pisodes en clair. Ces soir\u00e9es en clair toucheront toutes les th\u00e9matiques de Canal+, dont la fameuse c\u00e9r\u00e9monie des C\u00e9sar. On le fera de mani\u00e8re intelligente pour la reprise d&rsquo;une grande comp\u00e9tition ou le lancement d&rsquo;un \u00e9v\u00e9nement<\/em>\u00ab\u00a0, annonce G\u00e9rald-Brice Viret. Un match de Ligue des champions sera \u00e9galement diffus\u00e9 en clair \u00e0 la rentr\u00e9e.<\/p>\n\n\n\n<h2 class=\"wp-block-heading\" id=\"4a2bf\">\u00ab\u00a0<em>Ce n&rsquo;est pas de la provocation<\/em>\u00a0\u00bb : Canal+ se d\u00e9fend de vouloir contrer le lancement de Ligue1+ ce vendredi 15 ao\u00fbt<\/h2>\n\n\n\n<p class=\"\">La retransmission en clair du match de Premier League sur Canal+ aura lieu&nbsp;<strong>au moment-m\u00eame o\u00f9 se lancera la nouvelle cha\u00eene Ligue1+<\/strong>&nbsp;avec la reprise du championnat fran\u00e7ais et la diffusion du match entre le Stade Rennais et l&rsquo;Olympique de Marseille. S&rsquo;agit-il d&rsquo;un pied de nez de la part de la cha\u00eene crypt\u00e9e, qui n&rsquo;a pour l&rsquo;heure pas pass\u00e9 d&rsquo;accord de distribution avec Ligue1+ ? \u00ab\u00a0<em>Ce n&rsquo;est pas du tout de la provocation. Cela ne fait pas partie de nos valeurs<\/em>, assure G\u00e9rald-Brice Viret.&nbsp;<strong><em>Il s&rsquo;agit vraiment d&rsquo;un hasard du calendrier.<\/em><\/strong><em>&nbsp;On leur souhaite par ailleurs un bon lancement, vous connaissez notre attachement aux clubs fran\u00e7ais ! Surtout quand on les retrouve en Ligue des champions en exclusivit\u00e9 sur Canal+<\/em>\u00ab\u00a0.<\/p>\n","protected":false},"excerpt":{"rendered":"<p>Canal+ cr\u00e9\u00e9 l&rsquo;\u00e9v\u00e9nement ce vendredi 15 ao\u00fbt \u00e0 partir de 21h en diffusant en direct et en clair le match d&rsquo;ouverture de la saison 2025\/2026 de Premier League qui va voir s&rsquo;affronter Liverpool et Bournemouth. La cha\u00eene crypt\u00e9e d\u00e9taille \u00e0 T\u00e9l\u00e9-Loisirs sa strat\u00e9gie pour proposer davantage d&rsquo;\u00e9v\u00e9nements au plus grand nombre \u00e0 partir de la [&hellip;]<\/p>\n","protected":false},"author":2,"featured_media":37320,"comment_status":"open","ping_status":"open","sticky":false,"template":"","format":"standard","meta":{"_jetpack_memberships_contains_paid_content":false,"footnotes":"","jetpack_publicize_message":"","jetpack_publicize_feature_enabled":true,"jetpack_social_post_already_shared":true,"jetpack_social_options":{"image_generator_settings":{"template":"highway","default_image_id":0,"font":"","enabled":true,"token":"eyJpbWciOiJodHRwczpcL1wvd3d3LmljZWFnZXR2LmNvbVwvcmFkaW9zaXRlXC93cC1jb250ZW50XC91cGxvYWRzXC8yMDI1XC8wOFwvZXhjbHUtYXByZXMtc29uLWRlcGFydC1kZS1sYS10bnQtY2FuYWwtdmEtZGlmZnVzZXItZGF2YW50YWdlLWRlLWdyYW5kcy1ldmVuZW1lbnRzLWVuLWNsYWlyLmpwZyIsInR4dCI6IkV4Y2x1LiBBcHJcdTAwZThzIHNvbiBkXHUwMGU5cGFydCBkZSBsYSBUTlQsIENhbmFsKyB2YSBkaWZmdXNlciBkYXZhbnRhZ2UgZGUgZ3JhbmRzIFx1MDBlOXZcdTAwZTluZW1lbnRzIGVuIGNsYWlyIiwidGVtcGxhdGUiOiJoaWdod2F5IiwiZm9udCI6IiIsImJsb2dfaWQiOjExMTAxNjQ2MX0.7im5JQjPzn1Eg8bvXDK7AT6xcKzjkPRPEJmDXx-YuRIMQ"},"version":2},"_wpas_customize_per_network":false},"categories":[68],"tags":[],"class_list":["post-37319","post","type-post","status-publish","format-standard","has-post-thumbnail","hentry","category-actu-culturelle"],"jetpack_publicize_connections":[],"jetpack_featured_media_url":"https:\/\/i0.wp.com\/www.iceagetv.com\/radiosite\/wp-content\/uploads\/2025\/08\/exclu-apres-son-depart-de-la-tnt-canal-va-diffuser-davantage-de-grands-evenements-en-clair.jpg?fit=260%2C147&ssl=1","jetpack_sharing_enabled":true,"_links":{"self":[{"href":"https:\/\/www.iceagetv.com\/radiosite\/wp-json\/wp\/v2\/posts\/37319","targetHints":{"allow":["GET"]}}],"collection":[{"href":"https:\/\/www.iceagetv.com\/radiosite\/wp-json\/wp\/v2\/posts"}],"about":[{"href":"https:\/\/www.iceagetv.com\/radiosite\/wp-json\/wp\/v2\/types\/post"}],"author":[{"embeddable":true,"href":"https:\/\/www.iceagetv.com\/radiosite\/wp-json\/wp\/v2\/users\/2"}],"replies":[{"embeddable":true,"href":"https:\/\/www.iceagetv.com\/radiosite\/wp-json\/wp\/v2\/comments?post=37319"}],"version-history":[{"count":1,"href":"https:\/\/www.iceagetv.com\/radiosite\/wp-json\/wp\/v2\/posts\/37319\/revisions"}],"predecessor-version":[{"id":37321,"href":"https:\/\/www.iceagetv.com\/radiosite\/wp-json\/wp\/v2\/posts\/37319\/revisions\/37321"}],"wp:featuredmedia":[{"embeddable":true,"href":"https:\/\/www.iceagetv.com\/radiosite\/wp-json\/wp\/v2\/media\/37320"}],"wp:attachment":[{"href":"https:\/\/www.iceagetv.com\/radiosite\/wp-json\/wp\/v2\/media?parent=37319"}],"wp:term":[{"taxonomy":"category","embeddable":true,"href":"https:\/\/www.iceagetv.com\/radiosite\/wp-json\/wp\/v2\/categories?post=37319"},{"taxonomy":"post_tag","embeddable":true,"href":"https:\/\/www.iceagetv.com\/radiosite\/wp-json\/wp\/v2\/tags?post=37319"}],"curies":[{"name":"wp","href":"https:\/\/api.w.org\/{rel}","templated":true}]}}