{"id":37362,"date":"2025-08-17T10:29:34","date_gmt":"2025-08-17T08:29:34","guid":{"rendered":"https:\/\/www.iceagetv.com\/radiosite\/?p=37362"},"modified":"2025-08-17T10:29:38","modified_gmt":"2025-08-17T08:29:38","slug":"bloquonstout-jean-luc-melenchon-et-les-responsables-de-la-france-insoumise-apportent-ce-matin-leur-soutien-a-lappel-a-tout-bloquer-le-10-septembre","status":"publish","type":"post","link":"https:\/\/www.iceagetv.com\/radiosite\/bloquonstout-jean-luc-melenchon-et-les-responsables-de-la-france-insoumise-apportent-ce-matin-leur-soutien-a-lappel-a-tout-bloquer-le-10-septembre\/","title":{"rendered":"#bloquonstout : Jean-Luc M\u00e9lenchon et les responsables de la France Insoumise apportent ce matin leur soutien \u00e0 l&rsquo;appel \u00ab\u00a0\u00e0 tout bloquer le 10 septembre\u00a0\u00bb"},"content":{"rendered":"\n<p class=\"\">Jean-Luc M\u00e9lenchon et les responsables de la France Insoumise appellent \u00e0 censurer le premier ministre, Fran\u00e7ois Bayrou, et apportent leur soutien \u00e0 l&rsquo;appel \u00e0 \u00abtout bloquer\u00bb le 10 septembre lanc\u00e9 par des internautes, dans un texte paru ce matin dans La Tribune Dimanche :<\/p>\n\n\n\n<p class=\"\">\u00abNous demandons \u00e0 tous ceux qui partagent nos principes et notre volont\u00e9 d&rsquo;action pour en finir avec le gouvernement Bayrou de se mettre imm\u00e9diatement au service des collectifs locaux qui proposent cette mobilisation et \u00e0 tout faire pour sa r\u00e9ussite\u00bb<\/p>\n\n\n\n<p class=\"\">Mais les Insoumis ne veulent pas en rester l\u00e0 et souhaitent \u00e9galement faire tomber Fran\u00e7ois Bayrou et son gouvernement dans la foul\u00e9e !<\/p>\n\n\n\n<p class=\"\">\u00abNous appelons \u00e0 une offensive d\u00e9termin\u00e9e pour faire tomber ce gouvernement. Sur le terrain par la mobilisation populaire tous azimuts et au Parlement par une motion de censure imm\u00e9diate car les deux doivent aller de pair, car faire l&rsquo;un sans l&rsquo;autre est vain ou bien incertain.&nbsp;<\/p>\n\n\n\n<p class=\"\">Nous ne laisserons pas faire et&nbsp; l&rsquo;Assembl\u00e9e nationale soit r\u00e9unie au plus vite en session extraordinaire\u00bb.<\/p>\n\n\n\n<p class=\"\">Rappelons que Jean-Luc M\u00e9lenchon n&rsquo;est pas d\u00e9put\u00e9.&nbsp;<\/p>\n","protected":false},"excerpt":{"rendered":"<p>Jean-Luc M\u00e9lenchon et les responsables de la France Insoumise appellent \u00e0 censurer le premier ministre, Fran\u00e7ois Bayrou, et apportent leur soutien \u00e0 l&rsquo;appel \u00e0 \u00abtout bloquer\u00bb le 10 septembre lanc\u00e9 par des internautes, dans un texte paru ce matin dans La Tribune Dimanche : \u00abNous demandons \u00e0 tous ceux qui partagent nos principes et notre [&hellip;]<\/p>\n","protected":false},"author":2,"featured_media":37363,"comment_status":"open","ping_status":"open","sticky":false,"template":"","format":"standard","meta":{"_jetpack_memberships_contains_paid_content":false,"footnotes":"","jetpack_publicize_message":"","jetpack_publicize_feature_enabled":true,"jetpack_social_post_already_shared":true,"jetpack_social_options":{"image_generator_settings":{"template":"highway","default_image_id":0,"font":"","enabled":true,"token":"eyJpbWciOiJodHRwczpcL1wvd3d3LmljZWFnZXR2LmNvbVwvcmFkaW9zaXRlXC93cC1jb250ZW50XC91cGxvYWRzXC8yMDI1XC8wOFwvVklGaWxndGkuanBnIiwidHh0IjoiI2Jsb3F1b25zdG91dCA6IEplYW4tTHVjIE1cdTAwZTlsZW5jaG9uIGV0IGxlcyByZXNwb25zYWJsZXMgZGUgbGEgRnJhbmNlIEluc291bWlzZSBhcHBvcnRlbnQgY2UgbWF0aW4gbGV1ciBzb3V0aWVuIFx1MDBlMCBsJiM4MjE3O2FwcGVsICYjODIyMDtcdTAwZTAgdG91dCBibG9xdWVyIGxlIDEwIHNlcHRlbWJyZSYjODIyMTsiLCJ0ZW1wbGF0ZSI6ImhpZ2h3YXkiLCJmb250IjoiIiwiYmxvZ19pZCI6MTExMDE2NDYxfQ.2qmvR4CxEOMFW7dq_ey15LgfIojPPSfSQWJ2N2znHzkMQ"},"version":2},"_wpas_customize_per_network":false},"categories":[405],"tags":[],"class_list":["post-37362","post","type-post","status-publish","format-standard","has-post-thumbnail","hentry","category-actu-france-monde"],"jetpack_publicize_connections":[],"jetpack_featured_media_url":"https:\/\/i0.wp.com\/www.iceagetv.com\/radiosite\/wp-content\/uploads\/2025\/08\/VIFilgti.jpg?fit=679%2C293&ssl=1","jetpack_sharing_enabled":true,"_links":{"self":[{"href":"https:\/\/www.iceagetv.com\/radiosite\/wp-json\/wp\/v2\/posts\/37362","targetHints":{"allow":["GET"]}}],"collection":[{"href":"https:\/\/www.iceagetv.com\/radiosite\/wp-json\/wp\/v2\/posts"}],"about":[{"href":"https:\/\/www.iceagetv.com\/radiosite\/wp-json\/wp\/v2\/types\/post"}],"author":[{"embeddable":true,"href":"https:\/\/www.iceagetv.com\/radiosite\/wp-json\/wp\/v2\/users\/2"}],"replies":[{"embeddable":true,"href":"https:\/\/www.iceagetv.com\/radiosite\/wp-json\/wp\/v2\/comments?post=37362"}],"version-history":[{"count":1,"href":"https:\/\/www.iceagetv.com\/radiosite\/wp-json\/wp\/v2\/posts\/37362\/revisions"}],"predecessor-version":[{"id":37364,"href":"https:\/\/www.iceagetv.com\/radiosite\/wp-json\/wp\/v2\/posts\/37362\/revisions\/37364"}],"wp:featuredmedia":[{"embeddable":true,"href":"https:\/\/www.iceagetv.com\/radiosite\/wp-json\/wp\/v2\/media\/37363"}],"wp:attachment":[{"href":"https:\/\/www.iceagetv.com\/radiosite\/wp-json\/wp\/v2\/media?parent=37362"}],"wp:term":[{"taxonomy":"category","embeddable":true,"href":"https:\/\/www.iceagetv.com\/radiosite\/wp-json\/wp\/v2\/categories?post=37362"},{"taxonomy":"post_tag","embeddable":true,"href":"https:\/\/www.iceagetv.com\/radiosite\/wp-json\/wp\/v2\/tags?post=37362"}],"curies":[{"name":"wp","href":"https:\/\/api.w.org\/{rel}","templated":true}]}}