{"id":37404,"date":"2025-08-19T11:52:42","date_gmt":"2025-08-19T09:52:42","guid":{"rendered":"https:\/\/www.iceagetv.com\/radiosite\/?p=37404"},"modified":"2025-08-19T11:52:47","modified_gmt":"2025-08-19T09:52:47","slug":"le-gard-lherault-et-la-lozere-places-en-vigilance-orange-pluie-inondation-et-orages-mardi-apres-midi","status":"publish","type":"post","link":"https:\/\/www.iceagetv.com\/radiosite\/le-gard-lherault-et-la-lozere-places-en-vigilance-orange-pluie-inondation-et-orages-mardi-apres-midi\/","title":{"rendered":"Le Gard, l&rsquo;H\u00e9rault et la Loz\u00e8re plac\u00e9s en vigilance orange \u00ab\u00a0pluie-inondation\u00a0\u00bb et \u00ab\u00a0orages\u00a0\u00bb mardi apr\u00e8s-midi"},"content":{"rendered":"\n<p class=\"\">Une extension de la vigilance orange n&rsquo;est pas compl\u00e8tement exclue sur certains d\u00e9partements d&rsquo;un quart sud-est du pays et en Corse\u00a0\u00bb, pr\u00e9vient encore M\u00e9t\u00e9o-France.<a href=\"https:\/\/www.franceinfo.fr\/environnement\/evenements-meteorologiques-extremes\/vagues-de-chaleur-canicules\/apres-un-episode-caniculaire-de-onze-jours-il-n-y-a-plus-aucun-departement-en-vigilance-orange_7442824.html\">Fin de la canicule<\/a>, place aux orages. Trois d\u00e9partements sont plac\u00e9s en vigilance orange pour \u00ab\u00a0orages\u00a0\u00bb et \u00ab\u00a0pluie-inondation\u00a0\u00bb, mardi 19 ao\u00fbt, \u00e0 partir de 16&nbsp;heures et jusqu&rsquo;\u00e0 minuit, a annonc\u00e9 M\u00e9t\u00e9o-France. Il s&rsquo;agit du Gard, de l&rsquo;H\u00e9rault et de la Loz\u00e8re.<\/p>\n\n\n\n<p class=\"\"><em>\u00ab\u00a0Un \u00e9pisode pluvio-orageux se met en place du Sud-Ouest au Centre-Est ainsi qu&rsquo;aux r\u00e9gions m\u00e9diterran\u00e9ennes et en Corse\u00a0\u00bb,<\/em>&nbsp;explique l&rsquo;institut. Les cumuls de pluie attendus pourront localement \u00eatre importants en peu de temps.&nbsp;<em>\u00ab\u00a0Une extension de la vigilance orange n&rsquo;est pas compl\u00e8tement exclue sur certains d\u00e9partements d&rsquo;un quart sud-est du pays et en Corse\u00a0\u00bb,<\/em>&nbsp;pr\u00e9vient M\u00e9t\u00e9o-France.<\/p>\n\n\n\n<p class=\"\">Apr\u00e8s onze jours d&rsquo;un \u00e9pisode de fortes chaleurs, la vigilance orange \u00ab\u00a0canicule\u00a0\u00bb pour les Pyr\u00e9n\u00e9es-Orientales, l&rsquo;Aude, l&rsquo;H\u00e9rault, le Gard, les Bouches-du-Rh\u00f4ne, le Var et le Vaucluse, les derniers en alerte, est lev\u00e9e depuis 6 heures mardi matin.<\/p>\n","protected":false},"excerpt":{"rendered":"<p>Une extension de la vigilance orange n&rsquo;est pas compl\u00e8tement exclue sur certains d\u00e9partements d&rsquo;un quart sud-est du pays et en Corse\u00a0\u00bb, pr\u00e9vient encore M\u00e9t\u00e9o-France.Fin de la canicule, place aux orages. Trois d\u00e9partements sont plac\u00e9s en vigilance orange pour \u00ab\u00a0orages\u00a0\u00bb et \u00ab\u00a0pluie-inondation\u00a0\u00bb, mardi 19 ao\u00fbt, \u00e0 partir de 16&nbsp;heures et jusqu&rsquo;\u00e0 minuit, a annonc\u00e9 M\u00e9t\u00e9o-France. Il [&hellip;]<\/p>\n","protected":false},"author":2,"featured_media":37406,"comment_status":"open","ping_status":"open","sticky":false,"template":"","format":"standard","meta":{"_jetpack_memberships_contains_paid_content":false,"footnotes":"","jetpack_publicize_message":"","jetpack_publicize_feature_enabled":true,"jetpack_social_post_already_shared":true,"jetpack_social_options":{"image_generator_settings":{"template":"highway","default_image_id":0,"font":"","enabled":true,"token":"eyJpbWciOiJodHRwczpcL1wvd3d3LmljZWFnZXR2LmNvbVwvcmFkaW9zaXRlXC93cC1jb250ZW50XC91cGxvYWRzXC8yMDI1XC8wOFwvTGUtR2FyZC1sSGVyYXVsdC1ldC1sYS1Mb3plcmUtcGxhY2VzLWVuLXZpZ2lsYW5jZS1vcmFuZ2UuanBnIiwidHh0IjoiTGUgR2FyZCwgbCYjODIxNztIXHUwMGU5cmF1bHQgZXQgbGEgTG96XHUwMGU4cmUgcGxhY1x1MDBlOXMgZW4gdmlnaWxhbmNlIG9yYW5nZSAmIzgyMjA7cGx1aWUtaW5vbmRhdGlvbiYjODIyMTsgZXQgJiM4MjIwO29yYWdlcyYjODIyMTsgbWFyZGkgYXByXHUwMGU4cy1taWRpIiwidGVtcGxhdGUiOiJoaWdod2F5IiwiZm9udCI6IiIsImJsb2dfaWQiOjExMTAxNjQ2MX0.WaNpy3Xz1eyOQR6G4BTVJ1oJ18dIbPGsDowpKIdi4CkMQ"},"version":2},"_wpas_customize_per_network":false},"categories":[14],"tags":[],"class_list":["post-37404","post","type-post","status-publish","format-standard","has-post-thumbnail","hentry","category-actu-meteo"],"jetpack_publicize_connections":[],"jetpack_featured_media_url":"https:\/\/i0.wp.com\/www.iceagetv.com\/radiosite\/wp-content\/uploads\/2025\/08\/Le-Gard-lHerault-et-la-Lozere-places-en-vigilance-orange.jpg?fit=801%2C396&ssl=1","jetpack_sharing_enabled":true,"_links":{"self":[{"href":"https:\/\/www.iceagetv.com\/radiosite\/wp-json\/wp\/v2\/posts\/37404","targetHints":{"allow":["GET"]}}],"collection":[{"href":"https:\/\/www.iceagetv.com\/radiosite\/wp-json\/wp\/v2\/posts"}],"about":[{"href":"https:\/\/www.iceagetv.com\/radiosite\/wp-json\/wp\/v2\/types\/post"}],"author":[{"embeddable":true,"href":"https:\/\/www.iceagetv.com\/radiosite\/wp-json\/wp\/v2\/users\/2"}],"replies":[{"embeddable":true,"href":"https:\/\/www.iceagetv.com\/radiosite\/wp-json\/wp\/v2\/comments?post=37404"}],"version-history":[{"count":1,"href":"https:\/\/www.iceagetv.com\/radiosite\/wp-json\/wp\/v2\/posts\/37404\/revisions"}],"predecessor-version":[{"id":37407,"href":"https:\/\/www.iceagetv.com\/radiosite\/wp-json\/wp\/v2\/posts\/37404\/revisions\/37407"}],"wp:featuredmedia":[{"embeddable":true,"href":"https:\/\/www.iceagetv.com\/radiosite\/wp-json\/wp\/v2\/media\/37406"}],"wp:attachment":[{"href":"https:\/\/www.iceagetv.com\/radiosite\/wp-json\/wp\/v2\/media?parent=37404"}],"wp:term":[{"taxonomy":"category","embeddable":true,"href":"https:\/\/www.iceagetv.com\/radiosite\/wp-json\/wp\/v2\/categories?post=37404"},{"taxonomy":"post_tag","embeddable":true,"href":"https:\/\/www.iceagetv.com\/radiosite\/wp-json\/wp\/v2\/tags?post=37404"}],"curies":[{"name":"wp","href":"https:\/\/api.w.org\/{rel}","templated":true}]}}