{"id":37416,"date":"2025-08-19T13:37:22","date_gmt":"2025-08-19T11:37:22","guid":{"rendered":"https:\/\/www.iceagetv.com\/radiosite\/?p=37416"},"modified":"2025-08-19T13:37:26","modified_gmt":"2025-08-19T11:37:26","slug":"ces-premiers-coups-de-secateur-inaugurent-la-saison-des-vendanges-en-champagne","status":"publish","type":"post","link":"https:\/\/www.iceagetv.com\/radiosite\/ces-premiers-coups-de-secateur-inaugurent-la-saison-des-vendanges-en-champagne\/","title":{"rendered":"Ces premiers coups de s\u00e9cateur inaugurent la saison des vendanges en Champagne"},"content":{"rendered":"\n<p class=\"\"><strong>Avant m\u00eame la publication du ban des vendanges, pr\u00e9vue pour ce mercredi 20 ao\u00fbt, certaines parcelles ont obtenu une d\u00e9rogation pour cueillir les premi\u00e8res grappes d\u00e8s la veille. C&rsquo;est notamment le cas dans la c\u00f4te des Bar, pr\u00e8s de Troyes (Aube).<\/strong>Un moment toujours tr\u00e8s attendu pour les vignerons. Le bruit des premiers coups de s\u00e9cateur et celui des premi\u00e8res grappes de raisin d\u00e9pos\u00e9es dans les caisses ont commenc\u00e9 \u00e0 r\u00e9sonner dans les vignes : les vendanges ont d\u00e9but\u00e9 en Champagne. En tout cas dans les parcelles qui ont obtenu une d\u00e9rogation pour les entamer d\u00e8s ce mardi 19 ao\u00fbt 2025.<\/p>\n\n\n\n<p class=\"\">C&rsquo;est en effet le mercredi 20 ao\u00fbt que doit \u00eatre publi\u00e9 le ban des vendanges, l&rsquo;autorisation administrative qui permet de d\u00e9clencher la saison annuelle de r\u00e9colte du raisin. Ce ban a \u00e9t\u00e9 fix\u00e9 la semaine pass\u00e9e : la date retenue survient&nbsp;<a href=\"https:\/\/france3-regions.franceinfo.fr\/grand-est\/marne\/epernay\/champagne-voici-les-dates-des-vendanges-de-2024-3028325.html\" target=\"_blank\" rel=\"noreferrer noopener\">beaucoup plus t\u00f4t qu&rsquo;en 2024 (7 septembre)<\/a>.<\/p>\n\n\n\n<p class=\"\">Mais chaque ann\u00e9e, des d\u00e9rogations sont obtenues par les vignerons qui jugent que les vendanges ne peuvent pas attendre. C&rsquo;est le cas de Jean-Fran\u00e7ois Dou\u00e9, co-g\u00e9rant du champagne Etienne Dou\u00e9 \u00e0 Montgueux (Aube).\u00a0<em>\u00ab\u00a0Nous, on pense qu&rsquo;aujourd&rsquo;hui, on est dans le bon timing. On a de la pluie qui s&rsquo;annonce, on a une vendange qui va durer une dizaine de jours. Il faut donc arriver \u00e0 une moyenne et je pense qu&rsquo;aujourd&rsquo;hui, c&rsquo;est le bon choix.\u00a0\u00bb\u00a0<\/em>Le vigneron est conscient des enjeux cruciaux qui d\u00e9coulent de cette date pr\u00e9coce :&nbsp;<em>\u00ab\u00a0Y&rsquo;a toujours un peu de stress : est-ce qu&rsquo;on a rien oubli\u00e9 ? Est-ce qu&rsquo;on fait bien ? Est-ce qu&rsquo;on ne fait pas bien ? Mais l\u00e0, je pense qu&rsquo;on a fait les bons choix.\u00a0\u00bb<\/em><\/p>\n\n\n\n<p class=\"\">Optimisme partag\u00e9 par sa soeur Virginie, co-g\u00e9rante.&nbsp;<em>\u00ab\u00a0On a des raisins qui sont vraiment sains. Donc il n&rsquo;y a pas de raison que \u00e7a se passe mal. Il faut juste qu&rsquo;on donne le maximum aujourd&rsquo;hui et demain pour rentrer des raisins corrects parce qu&rsquo;avec la pluie, on ne sait pas comment \u00e7a peut \u00e9voluer, surtout qu&rsquo;on a une acidit\u00e9 relativement basse.\u00a0\u00bb&nbsp;<\/em><\/p>\n\n\n\n<p class=\"\">Parmi les vendangeurs, cette ann\u00e9e 2025, pour le champagne Etienne Dou\u00e9 : beaucoup de d\u00e9butants, qui r\u00e9alisent leur premi\u00e8re campagne. Ils sont syst\u00e9matiquement encadr\u00e9s par un t\u00e2cheron aguerri (voir Montgueux localis\u00e9e sur\u00a0<a href=\"https:\/\/www.google.com\/maps\/d\/u\/0\/edit?mid=1OABA0ILOUNq2_KbRkrorbowKdbXsfDI&amp;usp=sharing\" target=\"_blank\" rel=\"noreferrer noopener\">la carte<\/a>\u00a0ci-dessous).La date pr\u00e9coce de ces vendanges a contraint certains vignerons \u00e0 \u00e9courter leurs cong\u00e9s, quand d&rsquo;autres ont \u00e9t\u00e9 pris de court pour r\u00e9gler&nbsp;<a href=\"https:\/\/france3-regions.franceinfo.fr\/grand-est\/marne\/groupes-facebook-prestataires-fideles-le-recrutement-des-saisonniers-un-moment-crucial-pour-des-vendanges-reussies-en-champagne-3202472.html\" target=\"_blank\" rel=\"noreferrer noopener\">l&rsquo;\u00e9pineux et r\u00e9current probl\u00e8me du recrutement des saisonniers<\/a>. Mais les grappes, elles, ne pouvaient pas attendre. En raison des conditions m\u00e9t\u00e9orologiques (un d\u00e9but d&rsquo;\u00e9t\u00e9 relativement pluvieux suivi de plusieurs jours de fortes chaleurs), les taux de sucre et d&rsquo;acidit\u00e9 ont grimp\u00e9 en fl\u00e8che, laissant pr\u00e9sager une belle r\u00e9colte.<\/p>\n\n\n\n<p class=\"\">Cette ann\u00e9e, aucun secteur champenois n&rsquo;est concern\u00e9 par un probl\u00e8me sanitaire.&nbsp;<a href=\"https:\/\/france3-regions.franceinfo.fr\/grand-est\/marne\/la-champagne-diminue-sont-rendement-de-raisin-a-9-000-kilos-par-hectare-3192285.html\" target=\"_blank\" rel=\"noreferrer noopener\">Le rendement commercial, lui, a \u00e9t\u00e9 fix\u00e9 \u00e0 9 000 kilos par hectare.&nbsp;<\/a>Un chiffre en baisse de 10% par rapport \u00e0 l&rsquo;ann\u00e9e pr\u00e9c\u00e9dente.<\/p>\n","protected":false},"excerpt":{"rendered":"<p>Avant m\u00eame la publication du ban des vendanges, pr\u00e9vue pour ce mercredi 20 ao\u00fbt, certaines parcelles ont obtenu une d\u00e9rogation pour cueillir les premi\u00e8res grappes d\u00e8s la veille. C&rsquo;est notamment le cas dans la c\u00f4te des Bar, pr\u00e8s de Troyes (Aube).Un moment toujours tr\u00e8s attendu pour les vignerons. Le bruit des premiers coups de s\u00e9cateur [&hellip;]<\/p>\n","protected":false},"author":2,"featured_media":37417,"comment_status":"open","ping_status":"open","sticky":false,"template":"","format":"standard","meta":{"_jetpack_memberships_contains_paid_content":false,"footnotes":"","jetpack_publicize_message":"","jetpack_publicize_feature_enabled":true,"jetpack_social_post_already_shared":true,"jetpack_social_options":{"image_generator_settings":{"template":"highway","default_image_id":0,"font":"","enabled":true,"token":"eyJpbWciOiJodHRwczpcL1wvd3d3LmljZWFnZXR2LmNvbVwvcmFkaW9zaXRlXC93cC1jb250ZW50XC91cGxvYWRzXC8yMDI1XC8wOFwvQ2VzLXByZW1pZXJzLWNvdXBzLWRlLXNlY2F0ZXVyLWluYXVndXJlbnQtbGEtc2Fpc29uLWRlcy12ZW5kYW5nZXMtZW4tQ2hhbXBhZ25lLmpwZyIsInR4dCI6IkNlcyBwcmVtaWVycyBjb3VwcyBkZSBzXHUwMGU5Y2F0ZXVyIGluYXVndXJlbnQgbGEgc2Fpc29uIGRlcyB2ZW5kYW5nZXMgZW4gQ2hhbXBhZ25lIiwidGVtcGxhdGUiOiJoaWdod2F5IiwiZm9udCI6IiIsImJsb2dfaWQiOjExMTAxNjQ2MX0.XHYydVXo_UvuWh0CnF8czUgy6V_7V7DoilbaScHPpyYMQ"},"version":2},"_wpas_customize_per_network":false},"categories":[17],"tags":[],"class_list":["post-37416","post","type-post","status-publish","format-standard","has-post-thumbnail","hentry","category-actu-regions"],"jetpack_publicize_connections":[],"jetpack_featured_media_url":"https:\/\/i0.wp.com\/www.iceagetv.com\/radiosite\/wp-content\/uploads\/2025\/08\/Ces-premiers-coups-de-secateur-inaugurent-la-saison-des-vendanges-en-Champagne.jpg?fit=712%2C377&ssl=1","jetpack_sharing_enabled":true,"_links":{"self":[{"href":"https:\/\/www.iceagetv.com\/radiosite\/wp-json\/wp\/v2\/posts\/37416","targetHints":{"allow":["GET"]}}],"collection":[{"href":"https:\/\/www.iceagetv.com\/radiosite\/wp-json\/wp\/v2\/posts"}],"about":[{"href":"https:\/\/www.iceagetv.com\/radiosite\/wp-json\/wp\/v2\/types\/post"}],"author":[{"embeddable":true,"href":"https:\/\/www.iceagetv.com\/radiosite\/wp-json\/wp\/v2\/users\/2"}],"replies":[{"embeddable":true,"href":"https:\/\/www.iceagetv.com\/radiosite\/wp-json\/wp\/v2\/comments?post=37416"}],"version-history":[{"count":1,"href":"https:\/\/www.iceagetv.com\/radiosite\/wp-json\/wp\/v2\/posts\/37416\/revisions"}],"predecessor-version":[{"id":37418,"href":"https:\/\/www.iceagetv.com\/radiosite\/wp-json\/wp\/v2\/posts\/37416\/revisions\/37418"}],"wp:featuredmedia":[{"embeddable":true,"href":"https:\/\/www.iceagetv.com\/radiosite\/wp-json\/wp\/v2\/media\/37417"}],"wp:attachment":[{"href":"https:\/\/www.iceagetv.com\/radiosite\/wp-json\/wp\/v2\/media?parent=37416"}],"wp:term":[{"taxonomy":"category","embeddable":true,"href":"https:\/\/www.iceagetv.com\/radiosite\/wp-json\/wp\/v2\/categories?post=37416"},{"taxonomy":"post_tag","embeddable":true,"href":"https:\/\/www.iceagetv.com\/radiosite\/wp-json\/wp\/v2\/tags?post=37416"}],"curies":[{"name":"wp","href":"https:\/\/api.w.org\/{rel}","templated":true}]}}