{"id":37429,"date":"2025-08-20T09:22:42","date_gmt":"2025-08-20T07:22:42","guid":{"rendered":"https:\/\/www.iceagetv.com\/radiosite\/?p=37429"},"modified":"2025-08-20T09:22:45","modified_gmt":"2025-08-20T07:22:45","slug":"eurovision-la-ville-de-vienne-choisie-pour-accueillir-la-70e-edition-du-concours-en-2026","status":"publish","type":"post","link":"https:\/\/www.iceagetv.com\/radiosite\/eurovision-la-ville-de-vienne-choisie-pour-accueillir-la-70e-edition-du-concours-en-2026\/","title":{"rendered":"Eurovision: la ville de Vienne choisie pour accueillir la 70e \u00e9dition du concours en 2026"},"content":{"rendered":"\n<p>La capitale autrichienne accueillera en mai prochain la 70e \u00e9dition du plus grand concours de chant de la plan\u00e8te. L&rsquo;Eurovision a attir\u00e9 l&rsquo;an dernier 166 millions de t\u00e9l\u00e9spectateurs dans 37 pays.L&rsquo;Eurovision revient \u00e0 Vienne, temple de la musique classique pr\u00e9f\u00e9r\u00e9 \u00e0 la ville de montagne Innsbruck, a annonc\u00e9 ce mercredi 20 ao\u00fbt la radio-t\u00e9l\u00e9vision publique autrichienne ORF, organisatrice l&rsquo;an prochain du concours de la chanson, dont la finale est pr\u00e9vue le 16 mai.La capitale de plus de deux millions d&rsquo;habitants s&rsquo;\u00e9tait port\u00e9e candidate avec le slogan \u00ab\u00a0Europe, shall we dance?\u00a0\u00bb (Europe, dansons-nous?), forte du succ\u00e8s de l&rsquo;\u00e9dition 2015 apr\u00e8s le triomphe de la drag-queen barbue Conchita Wurst.Cette fois, c&rsquo;est le jeune artiste JJ, contre-t\u00e9nor austro-philippin de 24 ans, qui a ramen\u00e9 le troph\u00e9e \u00e0 la maison.\u00a0\u00bbLa r\u00e9putation de Vienne, consid\u00e9r\u00e9e comme l&rsquo;une des villes les plus importantes au monde sur le plan de la musique, et sa situation au c\u0153ur de l&rsquo;Europe en font la ville h\u00f4te id\u00e9ale\u00a0\u00bb pour ce 70e concours, a comment\u00e9 dans un communiqu\u00e9 Martin Green, le directeur de l&rsquo;Eurovision, apr\u00e8s l&rsquo;annonce du lieu sur les antennes d&rsquo;ORF.<\/p>\n","protected":false},"excerpt":{"rendered":"<p>La capitale autrichienne accueillera en mai prochain la 70e \u00e9dition du plus grand concours de chant de la plan\u00e8te. L&rsquo;Eurovision a attir\u00e9 l&rsquo;an dernier 166 millions de t\u00e9l\u00e9spectateurs dans 37 pays.L&rsquo;Eurovision revient \u00e0 Vienne, temple de la musique classique pr\u00e9f\u00e9r\u00e9 \u00e0 la ville de montagne Innsbruck, a annonc\u00e9 ce mercredi 20 ao\u00fbt la radio-t\u00e9l\u00e9vision publique [&hellip;]<\/p>\n","protected":false},"author":2,"featured_media":37430,"comment_status":"open","ping_status":"open","sticky":false,"template":"","format":"standard","meta":{"_jetpack_memberships_contains_paid_content":false,"footnotes":"","jetpack_publicize_message":"","jetpack_publicize_feature_enabled":true,"jetpack_social_post_already_shared":true,"jetpack_social_options":{"image_generator_settings":{"template":"highway","default_image_id":0,"font":"","enabled":true,"token":"eyJpbWciOiJodHRwczpcL1wvd3d3LmljZWFnZXR2LmNvbVwvcmFkaW9zaXRlXC93cC1jb250ZW50XC91cGxvYWRzXC8yMDI1XC8wOFwvTC1FdXJvdmlzaW9uLTIwMjUtYS1CYWxlLWxlLTE0LW1haS0yMDI1LTIwODE3NTkud2VicCIsInR4dCI6IkV1cm92aXNpb246IGxhIHZpbGxlIGRlIFZpZW5uZSBjaG9pc2llIHBvdXIgYWNjdWVpbGxpciBsYSA3MGUgXHUwMGU5ZGl0aW9uIGR1IGNvbmNvdXJzIGVuIDIwMjYiLCJ0ZW1wbGF0ZSI6ImhpZ2h3YXkiLCJmb250IjoiIiwiYmxvZ19pZCI6MTExMDE2NDYxfQ.m3790hHBmRswpnfVV9q6kHFd0x5S5oPEqFYeqKTNyDAMQ"},"version":2},"_wpas_customize_per_network":false},"categories":[68],"tags":[],"class_list":["post-37429","post","type-post","status-publish","format-standard","has-post-thumbnail","hentry","category-actu-culturelle"],"jetpack_publicize_connections":[],"jetpack_featured_media_url":"https:\/\/i0.wp.com\/www.iceagetv.com\/radiosite\/wp-content\/uploads\/2025\/08\/L-Eurovision-2025-a-Bale-le-14-mai-2025-2081759.webp?fit=736%2C414&ssl=1","jetpack_sharing_enabled":true,"_links":{"self":[{"href":"https:\/\/www.iceagetv.com\/radiosite\/wp-json\/wp\/v2\/posts\/37429","targetHints":{"allow":["GET"]}}],"collection":[{"href":"https:\/\/www.iceagetv.com\/radiosite\/wp-json\/wp\/v2\/posts"}],"about":[{"href":"https:\/\/www.iceagetv.com\/radiosite\/wp-json\/wp\/v2\/types\/post"}],"author":[{"embeddable":true,"href":"https:\/\/www.iceagetv.com\/radiosite\/wp-json\/wp\/v2\/users\/2"}],"replies":[{"embeddable":true,"href":"https:\/\/www.iceagetv.com\/radiosite\/wp-json\/wp\/v2\/comments?post=37429"}],"version-history":[{"count":1,"href":"https:\/\/www.iceagetv.com\/radiosite\/wp-json\/wp\/v2\/posts\/37429\/revisions"}],"predecessor-version":[{"id":37431,"href":"https:\/\/www.iceagetv.com\/radiosite\/wp-json\/wp\/v2\/posts\/37429\/revisions\/37431"}],"wp:featuredmedia":[{"embeddable":true,"href":"https:\/\/www.iceagetv.com\/radiosite\/wp-json\/wp\/v2\/media\/37430"}],"wp:attachment":[{"href":"https:\/\/www.iceagetv.com\/radiosite\/wp-json\/wp\/v2\/media?parent=37429"}],"wp:term":[{"taxonomy":"category","embeddable":true,"href":"https:\/\/www.iceagetv.com\/radiosite\/wp-json\/wp\/v2\/categories?post=37429"},{"taxonomy":"post_tag","embeddable":true,"href":"https:\/\/www.iceagetv.com\/radiosite\/wp-json\/wp\/v2\/tags?post=37429"}],"curies":[{"name":"wp","href":"https:\/\/api.w.org\/{rel}","templated":true}]}}