{"id":37471,"date":"2025-08-22T09:19:24","date_gmt":"2025-08-22T07:19:24","guid":{"rendered":"https:\/\/www.iceagetv.com\/radiosite\/?p=37471"},"modified":"2025-08-22T09:19:28","modified_gmt":"2025-08-22T07:19:28","slug":"des-touristes-israeliens-ont-ete-pris-en-chasse-et-blesses-dans-le-center-parcs-de-kempervennen-aux-pays-bas-apres-des-appels-a-la-haine-lances-sur-les-reseaux-sociaux","status":"publish","type":"post","link":"https:\/\/www.iceagetv.com\/radiosite\/des-touristes-israeliens-ont-ete-pris-en-chasse-et-blesses-dans-le-center-parcs-de-kempervennen-aux-pays-bas-apres-des-appels-a-la-haine-lances-sur-les-reseaux-sociaux\/","title":{"rendered":"\u00a0Des touristes Isra\u00e9liens ont \u00e9t\u00e9 pris en chasse et bless\u00e9s dans le Center Parcs de Kempervennen aux Pays-Bas apr\u00e8s des appels \u00e0 la haine lanc\u00e9s sur les r\u00e9seaux sociaux"},"content":{"rendered":"\n<p class=\"\">Des touristes Isra\u00e9liens ont \u00e9t\u00e9 pris en chasse et bless\u00e9s&nbsp; dans le&nbsp;Center Parcs de Kempervennen,aux Pays-Bas apr\u00e8s des appels \u00e0 la haine lanc\u00e9s sur les r\u00e9seaux sociaux. Deux personnes ont \u00e9t\u00e9 bless\u00e9es et hospitalis\u00e9es \u00e0 Eindhoven, selon les autorit\u00e9s locales.<\/p>\n\n\n\n<p class=\"\">Quelques jours avant l\u2019attaque, des militants pro-palestiniens avaient publi\u00e9 sur Instagram et d\u2019autres r\u00e9seaux sociaux une vid\u00e9o&nbsp; film\u00e9e clandestinement dans le m\u00eame parc.&nbsp;&nbsp;Le montage montrait des familles isra\u00e9liennes en vacances, y compris des enfants, accompagn\u00e9es de messages hostiles : \u00ab Nous les voyons , les sionistes ne sont pas les bienvenus aux Pays-Bas \u00bb, pouvait-on lire en anglais.<\/p>\n\n\n\n<p class=\"\">Le compte Instagram du groupe \u201cStudents for Justice in Palestine \u2013 Amsterdam\u201d a diffus\u00e9 ces images en exhortant ses abonn\u00e9s \u00e0 signaler la pr\u00e9sence de touristes isra\u00e9liens dans le pays.<\/p>\n\n\n\n<p class=\"\">La vid\u00e9o accusait \u00e9galement Isra\u00ebl de crimes \u00e0 Gaza, affirmant : \u00ab Les sionistes voyagent sans visa dans l\u2019Union europ\u00e9enne alors que des enfants meurent \u00bb.<\/p>\n\n\n\n<p class=\"\">Plusieurs internautes ont r\u00e9pondu \u00e0 l\u2019appel en envoyant d\u2019autres vid\u00e9os d\u2019Isra\u00e9liens s\u00e9journant aux Pays-Bas.<\/p>\n\n\n\n<p class=\"\">Le CIDI (Centre d\u2019information et de documentation sur Isra\u00ebl aux Pays-Bas) a condamn\u00e9 fermement ces publications et d\u00e9pos\u00e9 une plainte pour incitation \u00e0 la haine et \u00e0 la violence.<\/p>\n","protected":false},"excerpt":{"rendered":"<p>Des touristes Isra\u00e9liens ont \u00e9t\u00e9 pris en chasse et bless\u00e9s&nbsp; dans le&nbsp;Center Parcs de Kempervennen,aux Pays-Bas apr\u00e8s des appels \u00e0 la haine lanc\u00e9s sur les r\u00e9seaux sociaux. Deux personnes ont \u00e9t\u00e9 bless\u00e9es et hospitalis\u00e9es \u00e0 Eindhoven, selon les autorit\u00e9s locales. Quelques jours avant l\u2019attaque, des militants pro-palestiniens avaient publi\u00e9 sur Instagram et d\u2019autres r\u00e9seaux sociaux [&hellip;]<\/p>\n","protected":false},"author":2,"featured_media":37472,"comment_status":"open","ping_status":"open","sticky":false,"template":"","format":"standard","meta":{"_jetpack_memberships_contains_paid_content":false,"footnotes":"","jetpack_publicize_message":"","jetpack_publicize_feature_enabled":true,"jetpack_social_post_already_shared":true,"jetpack_social_options":{"image_generator_settings":{"template":"highway","default_image_id":0,"font":"","enabled":true,"token":"eyJpbWciOiJodHRwczpcL1wvd3d3LmljZWFnZXR2LmNvbVwvcmFkaW9zaXRlXC93cC1jb250ZW50XC91cGxvYWRzXC8yMDI1XC8wOFwvZzFlVFpHNnIuanBnIiwidHh0IjoiXHUwMGEwRGVzIHRvdXJpc3RlcyBJc3JhXHUwMGU5bGllbnMgb250IFx1MDBlOXRcdTAwZTkgcHJpcyBlbiBjaGFzc2UgZXQgYmxlc3NcdTAwZTlzIGRhbnMgbGUgQ2VudGVyIFBhcmNzIGRlIEtlbXBlcnZlbm5lbiBhdXggUGF5cy1CYXMgYXByXHUwMGU4cyBkZXMgYXBwZWxzIFx1MDBlMCBsYSBoYWluZSBsYW5jXHUwMGU5cyBzdXIgbGVzIHJcdTAwZTlzZWF1eCBzb2NpYXV4IiwidGVtcGxhdGUiOiJoaWdod2F5IiwiZm9udCI6IiIsImJsb2dfaWQiOjExMTAxNjQ2MX0.lf3msG7cJWYFGrOsYq-Iiy3mtJH_uZ0JG3zH91zQj8YMQ"},"version":2},"_wpas_customize_per_network":false},"categories":[405],"tags":[],"class_list":["post-37471","post","type-post","status-publish","format-standard","has-post-thumbnail","hentry","category-actu-france-monde"],"jetpack_publicize_connections":[],"jetpack_featured_media_url":"https:\/\/i0.wp.com\/www.iceagetv.com\/radiosite\/wp-content\/uploads\/2025\/08\/g1eTZG6r.jpg?fit=679%2C293&ssl=1","jetpack_sharing_enabled":true,"_links":{"self":[{"href":"https:\/\/www.iceagetv.com\/radiosite\/wp-json\/wp\/v2\/posts\/37471","targetHints":{"allow":["GET"]}}],"collection":[{"href":"https:\/\/www.iceagetv.com\/radiosite\/wp-json\/wp\/v2\/posts"}],"about":[{"href":"https:\/\/www.iceagetv.com\/radiosite\/wp-json\/wp\/v2\/types\/post"}],"author":[{"embeddable":true,"href":"https:\/\/www.iceagetv.com\/radiosite\/wp-json\/wp\/v2\/users\/2"}],"replies":[{"embeddable":true,"href":"https:\/\/www.iceagetv.com\/radiosite\/wp-json\/wp\/v2\/comments?post=37471"}],"version-history":[{"count":1,"href":"https:\/\/www.iceagetv.com\/radiosite\/wp-json\/wp\/v2\/posts\/37471\/revisions"}],"predecessor-version":[{"id":37473,"href":"https:\/\/www.iceagetv.com\/radiosite\/wp-json\/wp\/v2\/posts\/37471\/revisions\/37473"}],"wp:featuredmedia":[{"embeddable":true,"href":"https:\/\/www.iceagetv.com\/radiosite\/wp-json\/wp\/v2\/media\/37472"}],"wp:attachment":[{"href":"https:\/\/www.iceagetv.com\/radiosite\/wp-json\/wp\/v2\/media?parent=37471"}],"wp:term":[{"taxonomy":"category","embeddable":true,"href":"https:\/\/www.iceagetv.com\/radiosite\/wp-json\/wp\/v2\/categories?post=37471"},{"taxonomy":"post_tag","embeddable":true,"href":"https:\/\/www.iceagetv.com\/radiosite\/wp-json\/wp\/v2\/tags?post=37471"}],"curies":[{"name":"wp","href":"https:\/\/api.w.org\/{rel}","templated":true}]}}