{"id":37489,"date":"2025-08-23T12:07:33","date_gmt":"2025-08-23T10:07:33","guid":{"rendered":"https:\/\/www.iceagetv.com\/radiosite\/?p=37489"},"modified":"2025-08-23T12:07:37","modified_gmt":"2025-08-23T10:07:37","slug":"lambassadrice-ditalie-convoquee-apres-des-propos-inacceptables-de-salvini-sur-macron","status":"publish","type":"post","link":"https:\/\/www.iceagetv.com\/radiosite\/lambassadrice-ditalie-convoquee-apres-des-propos-inacceptables-de-salvini-sur-macron\/","title":{"rendered":"L&rsquo;ambassadrice d&rsquo;Italie convoqu\u00e9e apr\u00e8s des propos \u00ab\u00a0inacceptables\u00a0\u00bb de Salvini sur Macron"},"content":{"rendered":"\n<p class=\"\">L&rsquo;ambassadrice d&rsquo;Italie en France a \u00e9t\u00e9 convoqu\u00e9e jeudi au minist\u00e8re de l&rsquo;Europe et des Affaires \u00e9trang\u00e8res \u00e0 la suite de \u00ab\u00a0propos inacceptables\u00a0\u00bb du vice-Premier ministre italien Matteo Salvini, a-t-on appris samedi de source diplomatique.Interrog\u00e9 cette semaine \u00e0 Milan sur l&rsquo;id\u00e9e de d\u00e9ployer de soldats italiens en Ukraine, comme la France et le Royaume-Uni envisagent de le faire une fois le calme revenu sur le terrain, le ministre des Transports et chef de file du parti d&rsquo;extr\u00eame droite La Ligue a sugg\u00e9r\u00e9 qu&rsquo;Emmanuel Macron y aille lui-m\u00eame.Tu y vas si tu veux. Mets ton casque, ta veste, ton fusil et tu pars en Ukraine\u00a0\u00bb, a-t-il dit \u00e0 l&rsquo;adresse du chef de l&rsquo;Etat fran\u00e7ais.Lors de la convocation d&rsquo;Emanuela D&rsquo;Alessandro le 21 ao\u00fbt, \u00ab\u00a0il a \u00e9t\u00e9 rappel\u00e9 \u00e0 l&rsquo;ambassadrice que ces propos allaient \u00e0 l&rsquo;encontre du climat de confiance et de la relation historique entre nos deux pays mais aussi des r\u00e9cents d\u00e9veloppements bilat\u00e9raux, qui ont mis en \u00e9vidence des convergences fortes entre les deux capitales, notamment s&rsquo;agissant du soutien sans faille \u00e0 l&rsquo;Ukraine\u00a0\u00bb, a pr\u00e9cis\u00e9 la source diplomatique.Emmanuel Macron et la pr\u00e9sidente du Conseil italien Giorgia Meloni ont particip\u00e9 ces derniers jours \u00e0 plusieurs r\u00e9unions sur le conflit ukrainien, dont une \u00e0 Washington en pr\u00e9sence des pr\u00e9sidents am\u00e9ricain Donald Trump et ukrainien Volodimir Zelensky.En mars, Matteo Salvini avait trait\u00e9 le pr\u00e9sident fran\u00e7ais de \u00ab\u00a0fou\u00a0\u00bb, lui reprochant sa d\u00e9termination \u00e0 vouloir d\u00e9fendre Kyiv face \u00e0 la Russie.Emmanuel Macron travaille avec d&rsquo;autres dirigeants, notamment le Premier ministre britannique Keir Starmer, \u00e0 organiser le soutien \u00e0 Kyiv une fois un cessez-le-feu obtenu.<\/p>\n","protected":false},"excerpt":{"rendered":"<p>L&rsquo;ambassadrice d&rsquo;Italie en France a \u00e9t\u00e9 convoqu\u00e9e jeudi au minist\u00e8re de l&rsquo;Europe et des Affaires \u00e9trang\u00e8res \u00e0 la suite de \u00ab\u00a0propos inacceptables\u00a0\u00bb du vice-Premier ministre italien Matteo Salvini, a-t-on appris samedi de source diplomatique.Interrog\u00e9 cette semaine \u00e0 Milan sur l&rsquo;id\u00e9e de d\u00e9ployer de soldats italiens en Ukraine, comme la France et le Royaume-Uni envisagent de [&hellip;]<\/p>\n","protected":false},"author":2,"featured_media":37491,"comment_status":"open","ping_status":"open","sticky":false,"template":"","format":"standard","meta":{"_jetpack_memberships_contains_paid_content":false,"footnotes":"","jetpack_publicize_message":"","jetpack_publicize_feature_enabled":true,"jetpack_social_post_already_shared":true,"jetpack_social_options":{"image_generator_settings":{"template":"highway","default_image_id":0,"font":"","enabled":true,"token":"eyJpbWciOiJodHRwczpcL1wvd3d3LmljZWFnZXR2LmNvbVwvcmFkaW9zaXRlXC93cC1jb250ZW50XC91cGxvYWRzXC8yMDI1XC8wOFwvU2NyZWVuc2hvdF8yMDI1MDgyM18xMjA2MzMuanBnIiwidHh0IjoiTCYjODIxNzthbWJhc3NhZHJpY2UgZCYjODIxNztJdGFsaWUgY29udm9xdVx1MDBlOWUgYXByXHUwMGU4cyBkZXMgcHJvcG9zICYjODIyMDtpbmFjY2VwdGFibGVzJiM4MjIxOyBkZSBTYWx2aW5pIHN1ciBNYWNyb24iLCJ0ZW1wbGF0ZSI6ImhpZ2h3YXkiLCJmb250IjoiIiwiYmxvZ19pZCI6MTExMDE2NDYxfQ.PgGLIPuJGtV4YBqBRzMEuYwaEAHO7yKm1nasHlCwP7YMQ"},"version":2},"_wpas_customize_per_network":false},"categories":[405],"tags":[],"class_list":["post-37489","post","type-post","status-publish","format-standard","has-post-thumbnail","hentry","category-actu-france-monde"],"jetpack_publicize_connections":[],"jetpack_featured_media_url":"https:\/\/i0.wp.com\/www.iceagetv.com\/radiosite\/wp-content\/uploads\/2025\/08\/Screenshot_20250823_120633.jpg?fit=905%2C614&ssl=1","jetpack_sharing_enabled":true,"_links":{"self":[{"href":"https:\/\/www.iceagetv.com\/radiosite\/wp-json\/wp\/v2\/posts\/37489","targetHints":{"allow":["GET"]}}],"collection":[{"href":"https:\/\/www.iceagetv.com\/radiosite\/wp-json\/wp\/v2\/posts"}],"about":[{"href":"https:\/\/www.iceagetv.com\/radiosite\/wp-json\/wp\/v2\/types\/post"}],"author":[{"embeddable":true,"href":"https:\/\/www.iceagetv.com\/radiosite\/wp-json\/wp\/v2\/users\/2"}],"replies":[{"embeddable":true,"href":"https:\/\/www.iceagetv.com\/radiosite\/wp-json\/wp\/v2\/comments?post=37489"}],"version-history":[{"count":1,"href":"https:\/\/www.iceagetv.com\/radiosite\/wp-json\/wp\/v2\/posts\/37489\/revisions"}],"predecessor-version":[{"id":37492,"href":"https:\/\/www.iceagetv.com\/radiosite\/wp-json\/wp\/v2\/posts\/37489\/revisions\/37492"}],"wp:featuredmedia":[{"embeddable":true,"href":"https:\/\/www.iceagetv.com\/radiosite\/wp-json\/wp\/v2\/media\/37491"}],"wp:attachment":[{"href":"https:\/\/www.iceagetv.com\/radiosite\/wp-json\/wp\/v2\/media?parent=37489"}],"wp:term":[{"taxonomy":"category","embeddable":true,"href":"https:\/\/www.iceagetv.com\/radiosite\/wp-json\/wp\/v2\/categories?post=37489"},{"taxonomy":"post_tag","embeddable":true,"href":"https:\/\/www.iceagetv.com\/radiosite\/wp-json\/wp\/v2\/tags?post=37489"}],"curies":[{"name":"wp","href":"https:\/\/api.w.org\/{rel}","templated":true}]}}