{"id":37496,"date":"2025-08-23T13:03:03","date_gmt":"2025-08-23T11:03:03","guid":{"rendered":"https:\/\/www.iceagetv.com\/radiosite\/?p=37496"},"modified":"2025-08-23T13:03:07","modified_gmt":"2025-08-23T11:03:07","slug":"rentree-politique-et-budget-matignon-annonce-ce-midi-que-le-premier-ministre-francois-bayrou-tiendra-une-conference-face-aux-journalistes-lundi-25-aout-a-16-heures","status":"publish","type":"post","link":"https:\/\/www.iceagetv.com\/radiosite\/rentree-politique-et-budget-matignon-annonce-ce-midi-que-le-premier-ministre-francois-bayrou-tiendra-une-conference-face-aux-journalistes-lundi-25-aout-a-16-heures\/","title":{"rendered":"Rentr\u00e9e politique et budget : Matignon annonce ce midi que le Premier ministre Fran\u00e7ois Bayrou tiendra une conf\u00e9rence face aux journalistes lundi 25 ao\u00fbt \u00e0 16 heures"},"content":{"rendered":"\n<p class=\"\">Le Premier ministre Fran\u00e7ois Bayrou tiendra une conf\u00e9rence face aux journalistes lundi 25 ao\u00fbt \u00e0 16 heures, annonce Matignon. Il sera question des principaux th\u00e8mes de la rentr\u00e9e politique, et en particulier le budget, alors que la gauche brandit la menace d\u2019une censure.<\/p>\n\n\n\n<p class=\"\">Manon Aubry, d\u00e9put\u00e9e LFI, a annonc\u00e9 le d\u00e9p\u00f4t d\u2019une motion de censure \u00ab d\u00e8s le premier jour de la session parlementaire \u00bb pr\u00e9vue lundi 22 septembre, contre un budget 2026 jug\u00e9 \u00ab aust\u00e9ritaire \u00bb \u00e0 hauteur de 44 milliards d\u2019euros.<\/p>\n\n\n\n<p class=\"\">Le PS a durci le ton ce jeudi : \u00ab Avec le budget tel qu&rsquo;il a \u00e9t\u00e9 propos\u00e9 par Fran\u00e7ois Bayrou au mois de juillet, c&rsquo;est censure directe et imm\u00e9diate \u00bb, a affirm\u00e9 le secr\u00e9taire g\u00e9n\u00e9ral du PS Pierre Jouvet sur Europe 1 mercredi, jugeant que \u00ab rien n&rsquo;est \u00e0 retenir \u00bb dans cette proposition de budget.<\/p>\n\n\n\n<p class=\"\">\u00ab Nous ferons des contre-propositions et nous verrons ce que le gouvernement \u00e0 en dire. Mais en l&rsquo;\u00e9tat de ce qui a \u00e9t\u00e9 pr\u00e9sent\u00e9 au mois de juillet, \u00e9videmment, c&rsquo;est la censure qui doit s&rsquo;appliquer \u00bb, a de son c\u00f4t\u00e9 affirm\u00e9 la porte-parole du PS Chlo\u00e9 Ridel sur franceinfo.<\/p>\n\n\n\n<p class=\"\">Jusqu\u2019ici, le Parti socialiste a refus\u00e9 de voter la majorit\u00e9 des motions de censure d\u00e9pos\u00e9es contre le gouvernement.<\/p>\n","protected":false},"excerpt":{"rendered":"<p>Le Premier ministre Fran\u00e7ois Bayrou tiendra une conf\u00e9rence face aux journalistes lundi 25 ao\u00fbt \u00e0 16 heures, annonce Matignon. Il sera question des principaux th\u00e8mes de la rentr\u00e9e politique, et en particulier le budget, alors que la gauche brandit la menace d\u2019une censure. Manon Aubry, d\u00e9put\u00e9e LFI, a annonc\u00e9 le d\u00e9p\u00f4t d\u2019une motion de censure [&hellip;]<\/p>\n","protected":false},"author":2,"featured_media":37497,"comment_status":"open","ping_status":"open","sticky":false,"template":"","format":"standard","meta":{"_jetpack_memberships_contains_paid_content":false,"footnotes":"","jetpack_publicize_message":"","jetpack_publicize_feature_enabled":true,"jetpack_social_post_already_shared":true,"jetpack_social_options":{"image_generator_settings":{"template":"highway","default_image_id":0,"font":"","enabled":true,"token":"eyJpbWciOiJodHRwczpcL1wvd3d3LmljZWFnZXR2LmNvbVwvcmFkaW9zaXRlXC93cC1jb250ZW50XC91cGxvYWRzXC8yMDI1XC8wOFwvNDJraGpZVHAuanBnIiwidHh0IjoiUmVudHJcdTAwZTllIHBvbGl0aXF1ZSBldCBidWRnZXQgOiBNYXRpZ25vbiBhbm5vbmNlIGNlIG1pZGkgcXVlIGxlIFByZW1pZXIgbWluaXN0cmUgRnJhblx1MDBlN29pcyBCYXlyb3UgdGllbmRyYSB1bmUgY29uZlx1MDBlOXJlbmNlIGZhY2UgYXV4IGpvdXJuYWxpc3RlcyBsdW5kaSAyNSBhb1x1MDBmYnQgXHUwMGUwIDE2IGhldXJlcyIsInRlbXBsYXRlIjoiaGlnaHdheSIsImZvbnQiOiIiLCJibG9nX2lkIjoxMTEwMTY0NjF9.6fuZ5c7mP3kVAollI8hvyZvft4ZyXcrVB-x9voKDK-8MQ"},"version":2},"_wpas_customize_per_network":false},"categories":[405],"tags":[],"class_list":["post-37496","post","type-post","status-publish","format-standard","has-post-thumbnail","hentry","category-actu-france-monde"],"jetpack_publicize_connections":[],"jetpack_featured_media_url":"https:\/\/i0.wp.com\/www.iceagetv.com\/radiosite\/wp-content\/uploads\/2025\/08\/42khjYTp.jpg?fit=679%2C293&ssl=1","jetpack_sharing_enabled":true,"_links":{"self":[{"href":"https:\/\/www.iceagetv.com\/radiosite\/wp-json\/wp\/v2\/posts\/37496","targetHints":{"allow":["GET"]}}],"collection":[{"href":"https:\/\/www.iceagetv.com\/radiosite\/wp-json\/wp\/v2\/posts"}],"about":[{"href":"https:\/\/www.iceagetv.com\/radiosite\/wp-json\/wp\/v2\/types\/post"}],"author":[{"embeddable":true,"href":"https:\/\/www.iceagetv.com\/radiosite\/wp-json\/wp\/v2\/users\/2"}],"replies":[{"embeddable":true,"href":"https:\/\/www.iceagetv.com\/radiosite\/wp-json\/wp\/v2\/comments?post=37496"}],"version-history":[{"count":1,"href":"https:\/\/www.iceagetv.com\/radiosite\/wp-json\/wp\/v2\/posts\/37496\/revisions"}],"predecessor-version":[{"id":37498,"href":"https:\/\/www.iceagetv.com\/radiosite\/wp-json\/wp\/v2\/posts\/37496\/revisions\/37498"}],"wp:featuredmedia":[{"embeddable":true,"href":"https:\/\/www.iceagetv.com\/radiosite\/wp-json\/wp\/v2\/media\/37497"}],"wp:attachment":[{"href":"https:\/\/www.iceagetv.com\/radiosite\/wp-json\/wp\/v2\/media?parent=37496"}],"wp:term":[{"taxonomy":"category","embeddable":true,"href":"https:\/\/www.iceagetv.com\/radiosite\/wp-json\/wp\/v2\/categories?post=37496"},{"taxonomy":"post_tag","embeddable":true,"href":"https:\/\/www.iceagetv.com\/radiosite\/wp-json\/wp\/v2\/tags?post=37496"}],"curies":[{"name":"wp","href":"https:\/\/api.w.org\/{rel}","templated":true}]}}