{"id":37505,"date":"2025-08-24T08:05:25","date_gmt":"2025-08-24T06:05:25","guid":{"rendered":"https:\/\/www.iceagetv.com\/radiosite\/?p=37505"},"modified":"2025-08-24T08:05:28","modified_gmt":"2025-08-24T06:05:28","slug":"legislative-partielle-la-ministre-de-la-culture-rachida-dati-qui-vise-la-mairie-de-paris-en-2026-confirme-ce-matin-le-maintien-de-sa-candidature-face-a-michel-barnier-malgre-linvestiture-de-ce","status":"publish","type":"post","link":"https:\/\/www.iceagetv.com\/radiosite\/legislative-partielle-la-ministre-de-la-culture-rachida-dati-qui-vise-la-mairie-de-paris-en-2026-confirme-ce-matin-le-maintien-de-sa-candidature-face-a-michel-barnier-malgre-linvestiture-de-ce\/","title":{"rendered":"L\u00e9gislative partielle : La ministre de la Culture Rachida Dati, qui vise la mairie de Paris en 2026, confirme ce matin le maintien de sa candidature face \u00e0 Michel Barnier, malgr\u00e9 l&rsquo;investiture de ce dernier par les R\u00e9publicains"},"content":{"rendered":"\n<p class=\"\">La ministre de la Culture Rachida Dati, qui vise la mairie de Paris en 2026, confirme ce matin le maintien de sa candidature \u00e0 la l\u00e9gislative partielle dans la 2e circonscription de Paris face \u00e0 l&rsquo;ex-Premier ministre Michel Barnier, pourtant investi par son parti Les R\u00e9publicains.<\/p>\n\n\n\n<p class=\"\">\u00ab\u00a0L&rsquo;\u00e9lection l\u00e9gislative qui aura lieu dans ma circonscription des 5e, 6e et 7e arrondissements sera la premi\u00e8re \u00e9tape du rassemblement et de la dynamique de victoire \u00e0 Paris (&#8230;) J&rsquo;invite les forces politiques de la droite et du centre \u00e0 prendre leurs responsabilit\u00e9s. D\u00e8s \u00e0 pr\u00e9sent, j&rsquo;assumerai les miennes et je le ferai jusqu&rsquo;au bout\u00a0\u00bb, a-t-elle d\u00e9clar\u00e9 dans un entretien \u00e0 La Tribune Dimanche.<\/p>\n\n\n\n<p class=\"\">La Ministre estime que la candidature de Michel Barnier est \u00ab\u00a0instrumentalis\u00e9\u00a0\u00bb, dans cette circonscription o\u00f9 l&rsquo;\u00e9lection du d\u00e9put\u00e9 macroniste Jean Laussucq a \u00e9t\u00e9 invalid\u00e9e par le Conseil constitutionnel pour irr\u00e9gularit\u00e9s dans ses comptes de campagne.<\/p>\n\n\n\n<p class=\"\">Fin juillet, la pr\u00e9sidente de la f\u00e9d\u00e9ration LR de Paris Agn\u00e8s Evren esp\u00e9rait encore trouver un accord \u00ab\u00a0d&rsquo;ici la rentr\u00e9e\u00a0\u00bb avec Rachida Dati afin d&rsquo;\u00e9viter une guerre fratricide.<\/p>\n\n\n\n<p class=\"\">L&rsquo;\u00e9lection doit se tenir les 21 et 28 septembre.&nbsp;<\/p>\n","protected":false},"excerpt":{"rendered":"<p>La ministre de la Culture Rachida Dati, qui vise la mairie de Paris en 2026, confirme ce matin le maintien de sa candidature \u00e0 la l\u00e9gislative partielle dans la 2e circonscription de Paris face \u00e0 l&rsquo;ex-Premier ministre Michel Barnier, pourtant investi par son parti Les R\u00e9publicains. \u00ab\u00a0L&rsquo;\u00e9lection l\u00e9gislative qui aura lieu dans ma circonscription des [&hellip;]<\/p>\n","protected":false},"author":2,"featured_media":37506,"comment_status":"open","ping_status":"open","sticky":false,"template":"","format":"standard","meta":{"_jetpack_memberships_contains_paid_content":false,"footnotes":"","jetpack_publicize_message":"","jetpack_publicize_feature_enabled":true,"jetpack_social_post_already_shared":true,"jetpack_social_options":{"image_generator_settings":{"template":"highway","default_image_id":0,"font":"","enabled":true,"token":"eyJpbWciOiJodHRwczpcL1wvd3d3LmljZWFnZXR2LmNvbVwvcmFkaW9zaXRlXC93cC1jb250ZW50XC91cGxvYWRzXC8yMDI1XC8wOFwvOTRUWnZSX2kuanBnIiwidHh0IjoiTFx1MDBlOWdpc2xhdGl2ZSBwYXJ0aWVsbGUgOiBMYSBtaW5pc3RyZSBkZSBsYSBDdWx0dXJlIFJhY2hpZGEgRGF0aSwgcXVpIHZpc2UgbGEgbWFpcmllIGRlIFBhcmlzIGVuIDIwMjYsIGNvbmZpcm1lIGNlIG1hdGluIGxlIG1haW50aWVuIGRlIHNhIGNhbmRpZGF0dXJlIGZhY2UgXHUwMGUwIE1pY2hlbCBCYXJuaWVyLCBtYWxnclx1MDBlOSBsJiM4MjE3O2ludmVzdGl0dXJlIGRlIGNlIGRlcm5pZXIgcGFyIGxlcyBSXHUwMGU5cHVibGljYWlucyIsInRlbXBsYXRlIjoiaGlnaHdheSIsImZvbnQiOiIiLCJibG9nX2lkIjoxMTEwMTY0NjF9.9CVbVWzyhQzpSVZpaKxKdkRg56A47NSeJeMbBbZ5oPYMQ"},"version":2},"_wpas_customize_per_network":false},"categories":[405],"tags":[],"class_list":["post-37505","post","type-post","status-publish","format-standard","has-post-thumbnail","hentry","category-actu-france-monde"],"jetpack_publicize_connections":[],"jetpack_featured_media_url":"https:\/\/i0.wp.com\/www.iceagetv.com\/radiosite\/wp-content\/uploads\/2025\/08\/94TZvR_i.jpg?fit=679%2C293&ssl=1","jetpack_sharing_enabled":true,"_links":{"self":[{"href":"https:\/\/www.iceagetv.com\/radiosite\/wp-json\/wp\/v2\/posts\/37505","targetHints":{"allow":["GET"]}}],"collection":[{"href":"https:\/\/www.iceagetv.com\/radiosite\/wp-json\/wp\/v2\/posts"}],"about":[{"href":"https:\/\/www.iceagetv.com\/radiosite\/wp-json\/wp\/v2\/types\/post"}],"author":[{"embeddable":true,"href":"https:\/\/www.iceagetv.com\/radiosite\/wp-json\/wp\/v2\/users\/2"}],"replies":[{"embeddable":true,"href":"https:\/\/www.iceagetv.com\/radiosite\/wp-json\/wp\/v2\/comments?post=37505"}],"version-history":[{"count":1,"href":"https:\/\/www.iceagetv.com\/radiosite\/wp-json\/wp\/v2\/posts\/37505\/revisions"}],"predecessor-version":[{"id":37507,"href":"https:\/\/www.iceagetv.com\/radiosite\/wp-json\/wp\/v2\/posts\/37505\/revisions\/37507"}],"wp:featuredmedia":[{"embeddable":true,"href":"https:\/\/www.iceagetv.com\/radiosite\/wp-json\/wp\/v2\/media\/37506"}],"wp:attachment":[{"href":"https:\/\/www.iceagetv.com\/radiosite\/wp-json\/wp\/v2\/media?parent=37505"}],"wp:term":[{"taxonomy":"category","embeddable":true,"href":"https:\/\/www.iceagetv.com\/radiosite\/wp-json\/wp\/v2\/categories?post=37505"},{"taxonomy":"post_tag","embeddable":true,"href":"https:\/\/www.iceagetv.com\/radiosite\/wp-json\/wp\/v2\/tags?post=37505"}],"curies":[{"name":"wp","href":"https:\/\/api.w.org\/{rel}","templated":true}]}}