{"id":37516,"date":"2025-08-24T16:49:25","date_gmt":"2025-08-24T14:49:25","guid":{"rendered":"https:\/\/www.iceagetv.com\/radiosite\/?p=37516"},"modified":"2025-08-24T16:49:29","modified_gmt":"2025-08-24T14:49:29","slug":"corps-retrouves-dans-la-seine-a-choisy-le-roi-le-principal-suspect-mis-en-examen-pour-les-quatre-meurtres","status":"publish","type":"post","link":"https:\/\/www.iceagetv.com\/radiosite\/corps-retrouves-dans-la-seine-a-choisy-le-roi-le-principal-suspect-mis-en-examen-pour-les-quatre-meurtres\/","title":{"rendered":"Corps retrouv\u00e9s dans la Seine \u00e0 Choisy-le-Roi\u00a0: le principal suspect mis en examen pour les quatre meurtres"},"content":{"rendered":"\n<p class=\"\">Apr\u00e8s quatre jours de garde \u00e0 vue, cet homme \u00ab\u00a0\u00e2g\u00e9 d&rsquo;une vingtaine d&rsquo;ann\u00e9es\u00a0\u00bb avait \u00e9t\u00e9 d\u00e9f\u00e9r\u00e9 dimanche matin en vue de sa mise en examen.Le parquet de Cr\u00e9teil a annonc\u00e9, dimanche 24&nbsp;ao\u00fbt, la mise en examen du&nbsp;<a href=\"https:\/\/www.franceinfo.fr\/faits-divers\/un-homme-place-en-garde-a-vue-pour-meurtres-apres-la-decouverte-de-quatre-corps-dans-la-seine_7445041.html\">principal suspect<\/a>&nbsp;pour meurtres dans l&rsquo;enqu\u00eate sur la&nbsp;<a href=\"https:\/\/www.franceinfo.fr\/faits-divers\/ce-que-l-on-sait-de-la-decouverte-de-quatre-corps-dans-la-seine-a-choisy-le-roi_7436836.html\">d\u00e9couverte de quatre corps dans la Seine<\/a>, le 13&nbsp;ao\u00fbt, \u00e0 Choisy-le-Roi (Val-de-Marne).&nbsp;Apr\u00e8s quatre jours de garde \u00e0 vue, cet homme&nbsp;<em>\u00ab\u00a0\u00e2g\u00e9 d&rsquo;une vingtaine d&rsquo;ann\u00e9es\u00a0\u00bb<\/em>&nbsp;avait \u00e9t\u00e9 d\u00e9f\u00e9r\u00e9 dimanche matin<em>&nbsp;\u00ab\u00a0dans le cadre d&rsquo;une information judiciaire ouverte du chef de meurtres en concours au pr\u00e9judice des quatre victimes\u00a0\u00bb<\/em>. Le parquet avait requis sa mise en examen et son placement en d\u00e9tention provisoire.<\/p>\n\n\n\n<p class=\"\">Selon le parquet, l&rsquo;identit\u00e9 du principal suspect reste&nbsp;<em>\u00ab\u00a0incertaine \u00e0 ce jour\u00a0\u00bb<\/em>. Il s&rsquo;agit d&rsquo;un<em>&nbsp;\u00ab\u00a0homme SDF, \u00e2g\u00e9 d\u2019une vingtaine d\u2019ann\u00e9es, de type nord-africain et de nationalit\u00e9 non \u00e9tablie<\/em>\u00ab\u00a0. Il est&nbsp;<em>\u00ab\u00a0connu de la justice pour deux faits d&rsquo;atteinte aux biens&nbsp;: un vol avec d\u00e9gradation dans un v\u00e9hicule en janvier 2025 et un recel de vol commis le 5 ao\u00fbt 2025\u00a0\u00bb<\/em>. Un deuxi\u00e8me homme avait aussi \u00e9t\u00e9 plac\u00e9 en garde \u00e0 vue dans cette enqu\u00eate, mais sa garde \u00e0 vue a \u00e9t\u00e9 lev\u00e9e samedi soir.&nbsp;<\/p>\n","protected":false},"excerpt":{"rendered":"<p>Apr\u00e8s quatre jours de garde \u00e0 vue, cet homme \u00ab\u00a0\u00e2g\u00e9 d&rsquo;une vingtaine d&rsquo;ann\u00e9es\u00a0\u00bb avait \u00e9t\u00e9 d\u00e9f\u00e9r\u00e9 dimanche matin en vue de sa mise en examen.Le parquet de Cr\u00e9teil a annonc\u00e9, dimanche 24&nbsp;ao\u00fbt, la mise en examen du&nbsp;principal suspect&nbsp;pour meurtres dans l&rsquo;enqu\u00eate sur la&nbsp;d\u00e9couverte de quatre corps dans la Seine, le 13&nbsp;ao\u00fbt, \u00e0 Choisy-le-Roi (Val-de-Marne).&nbsp;Apr\u00e8s quatre [&hellip;]<\/p>\n","protected":false},"author":2,"featured_media":37517,"comment_status":"open","ping_status":"open","sticky":false,"template":"","format":"standard","meta":{"_jetpack_memberships_contains_paid_content":false,"footnotes":"","jetpack_publicize_message":"","jetpack_publicize_feature_enabled":true,"jetpack_social_post_already_shared":true,"jetpack_social_options":{"image_generator_settings":{"template":"highway","default_image_id":0,"font":"","enabled":true,"token":"eyJpbWciOiJodHRwczpcL1wvd3d3LmljZWFnZXR2LmNvbVwvcmFkaW9zaXRlXC93cC1jb250ZW50XC91cGxvYWRzXC8yMDI1XC8wOFwvQ29ycHMtcmV0cm91dmVzLWRhbnMtbGEtU2VpbmUtYS1DaG9pc3ktbGUtUm9pLmpwZyIsInR4dCI6IkNvcnBzIHJldHJvdXZcdTAwZTlzIGRhbnMgbGEgU2VpbmUgXHUwMGUwIENob2lzeS1sZS1Sb2lcdTAwYTA6IGxlIHByaW5jaXBhbCBzdXNwZWN0IG1pcyBlbiBleGFtZW4gcG91ciBsZXMgcXVhdHJlIG1ldXJ0cmVzIiwidGVtcGxhdGUiOiJoaWdod2F5IiwiZm9udCI6IiIsImJsb2dfaWQiOjExMTAxNjQ2MX0.NHfpbjFJPAv8NBc_IqmSdxFCfsgNtz0iLypaMgqnsr0MQ"},"version":2},"_wpas_customize_per_network":false},"categories":[405],"tags":[],"class_list":["post-37516","post","type-post","status-publish","format-standard","has-post-thumbnail","hentry","category-actu-france-monde"],"jetpack_publicize_connections":[],"jetpack_featured_media_url":"https:\/\/i0.wp.com\/www.iceagetv.com\/radiosite\/wp-content\/uploads\/2025\/08\/Corps-retrouves-dans-la-Seine-a-Choisy-le-Roi.jpg?fit=792%2C376&ssl=1","jetpack_sharing_enabled":true,"_links":{"self":[{"href":"https:\/\/www.iceagetv.com\/radiosite\/wp-json\/wp\/v2\/posts\/37516","targetHints":{"allow":["GET"]}}],"collection":[{"href":"https:\/\/www.iceagetv.com\/radiosite\/wp-json\/wp\/v2\/posts"}],"about":[{"href":"https:\/\/www.iceagetv.com\/radiosite\/wp-json\/wp\/v2\/types\/post"}],"author":[{"embeddable":true,"href":"https:\/\/www.iceagetv.com\/radiosite\/wp-json\/wp\/v2\/users\/2"}],"replies":[{"embeddable":true,"href":"https:\/\/www.iceagetv.com\/radiosite\/wp-json\/wp\/v2\/comments?post=37516"}],"version-history":[{"count":1,"href":"https:\/\/www.iceagetv.com\/radiosite\/wp-json\/wp\/v2\/posts\/37516\/revisions"}],"predecessor-version":[{"id":37518,"href":"https:\/\/www.iceagetv.com\/radiosite\/wp-json\/wp\/v2\/posts\/37516\/revisions\/37518"}],"wp:featuredmedia":[{"embeddable":true,"href":"https:\/\/www.iceagetv.com\/radiosite\/wp-json\/wp\/v2\/media\/37517"}],"wp:attachment":[{"href":"https:\/\/www.iceagetv.com\/radiosite\/wp-json\/wp\/v2\/media?parent=37516"}],"wp:term":[{"taxonomy":"category","embeddable":true,"href":"https:\/\/www.iceagetv.com\/radiosite\/wp-json\/wp\/v2\/categories?post=37516"},{"taxonomy":"post_tag","embeddable":true,"href":"https:\/\/www.iceagetv.com\/radiosite\/wp-json\/wp\/v2\/tags?post=37516"}],"curies":[{"name":"wp","href":"https:\/\/api.w.org\/{rel}","templated":true}]}}