{"id":37535,"date":"2025-08-25T07:03:30","date_gmt":"2025-08-25T05:03:30","guid":{"rendered":"https:\/\/www.iceagetv.com\/radiosite\/?p=37535"},"modified":"2025-08-25T07:03:35","modified_gmt":"2025-08-25T05:03:35","slug":"la-garde-nationale-americaine-deployee-a-washington-commence-a-porter-des-armes","status":"publish","type":"post","link":"https:\/\/www.iceagetv.com\/radiosite\/la-garde-nationale-americaine-deployee-a-washington-commence-a-porter-des-armes\/","title":{"rendered":"La garde nationale am\u00e9ricaine, d\u00e9ploy\u00e9e \u00e0 Washington, commence \u00e0 porter des armes"},"content":{"rendered":"\n<p class=\"\">La garde nationale am\u00e9ricaine, mobilis\u00e9e \u00e0 Washington avec plus de 2 200 effectifs, a commenc\u00e9 \u00e0 porter des armes dans la capitale des Etats-Unis dimanche 24 ao\u00fbt, a annonc\u00e9 l&rsquo;arm\u00e9e am\u00e9ricaine dans un communiqu\u00e9. \u00ab\u00a0A partir de la fin de soir\u00e9e du 24 ao\u00fbt 2025, les soldats du d\u00e9tachement sp\u00e9cial conjoint de Washington D.C (JTF-DC) ont commenc\u00e9 \u00e0 porter leur arme de service\u00a0\u00bb, a pr\u00e9cis\u00e9 cette composante de l&rsquo;arm\u00e9e. Ces r\u00e9servistes ne sont autoris\u00e9s \u00e0 faire usage de la force qu'\u00a0\u00bben dernier recours et seulement en r\u00e9ponse \u00e0 une menace imminente de mort ou de blessure corporelle grave\u00a0\u00bb, assure-t-elle. Le pr\u00e9sident am\u00e9ricain, Donald Trump, a affirm\u00e9 que Washington \u00e9tait \u00ab\u00a0envahie par les gangs\u00a0\u00bb et que ces d\u00e9ploiements sont n\u00e9cessaires pour la \u00ab\u00a0nettoyer\u00a0\u00bb. En plus de ces militaires, des agents f\u00e9d\u00e9raux du FBI, de la police de l&rsquo;immigration ICE ou antidrogue DEA sont aussi d\u00e9ploy\u00e9s \u00e0 Washington.Les statistiques de la police de la capitale montre pourtant un recul de la criminalit\u00e9 violente entre 2023 et 2024, m\u00eame si cette baisse est intervenue apr\u00e8s une forte augmentation post-Covid. Donald Trump a accus\u00e9 la maire de Washington, Muriel Bowser, d&rsquo;avoir communiqu\u00e9 des chiffres \u00ab\u00a0faux\u00a0\u00bb, mena\u00e7ant d&rsquo;une prise de contr\u00f4le totale de la ville par le pouvoir f\u00e9d\u00e9ral.Donald Trump menace d&rsquo;autres villes d\u00e9mocrates La garde nationale avait d\u00e9j\u00e0 \u00e9t\u00e9 mobilis\u00e9e en juin \u00e0 Los Angeles, lors d&rsquo;importantes manifestations contre la politique migratoire du gouvernement f\u00e9d\u00e9ral. Le chef d&rsquo;Etat populiste a menac\u00e9 dimanche une grande ville de plus, Baltimore, capitale de l&rsquo;Etat du Maryland dirig\u00e9 par un d\u00e9mocrate, d&rsquo;y d\u00e9p\u00eacher des \u00ab\u00a0troupes\u00a0\u00bb de ce corps de r\u00e9serve de l&rsquo;arm\u00e9e. Il menace \u00e9galement d&rsquo;envoyer des forces de l&rsquo;ordre f\u00e9d\u00e9rales \u00e0 Chicago, puis \u00e0 New York, troisi\u00e8me et premi\u00e8re m\u00e9gapoles am\u00e9ricaines.Les r\u00e9servistes de la garde nationale d\u00e9pendent de chaque Etat am\u00e9ricain et ne peuvent \u00eatre d\u00e9ploy\u00e9s qu&rsquo;en cas d&rsquo;urgence nationale, comme une catastrophe naturelle, \u00e0 la demande de l&rsquo;Etat f\u00e9d\u00e9ral et apr\u00e8s le feu vert du gouverneur local. Ils ne sont pas cens\u00e9s intervenir contre la criminalit\u00e9, des \u00e9meutes ou des manifestations.<\/p>\n","protected":false},"excerpt":{"rendered":"<p>La garde nationale am\u00e9ricaine, mobilis\u00e9e \u00e0 Washington avec plus de 2 200 effectifs, a commenc\u00e9 \u00e0 porter des armes dans la capitale des Etats-Unis dimanche 24 ao\u00fbt, a annonc\u00e9 l&rsquo;arm\u00e9e am\u00e9ricaine dans un communiqu\u00e9. \u00ab\u00a0A partir de la fin de soir\u00e9e du 24 ao\u00fbt 2025, les soldats du d\u00e9tachement sp\u00e9cial conjoint de Washington D.C (JTF-DC) [&hellip;]<\/p>\n","protected":false},"author":2,"featured_media":0,"comment_status":"open","ping_status":"open","sticky":false,"template":"","format":"standard","meta":{"_jetpack_memberships_contains_paid_content":false,"footnotes":"","jetpack_publicize_message":"","jetpack_publicize_feature_enabled":true,"jetpack_social_post_already_shared":true,"jetpack_social_options":{"image_generator_settings":{"template":"highway","default_image_id":0,"font":"","enabled":true,"token":"eyJ0eHQiOiJMYSBnYXJkZSBuYXRpb25hbGUgYW1cdTAwZTlyaWNhaW5lLCBkXHUwMGU5cGxveVx1MDBlOWUgXHUwMGUwIFdhc2hpbmd0b24sIGNvbW1lbmNlIFx1MDBlMCBwb3J0ZXIgZGVzIGFybWVzIiwidGVtcGxhdGUiOiJoaWdod2F5IiwiZm9udCI6IiIsImJsb2dfaWQiOjExMTAxNjQ2MX0.gMyky1Y6qJfzABkmPLxglG9oVJ_H-_-HvLUGNunJq1QMQ"},"version":2},"_wpas_customize_per_network":false},"categories":[405],"tags":[],"class_list":["post-37535","post","type-post","status-publish","format-standard","hentry","category-actu-france-monde"],"jetpack_publicize_connections":[],"jetpack_featured_media_url":"","jetpack_sharing_enabled":true,"_links":{"self":[{"href":"https:\/\/www.iceagetv.com\/radiosite\/wp-json\/wp\/v2\/posts\/37535","targetHints":{"allow":["GET"]}}],"collection":[{"href":"https:\/\/www.iceagetv.com\/radiosite\/wp-json\/wp\/v2\/posts"}],"about":[{"href":"https:\/\/www.iceagetv.com\/radiosite\/wp-json\/wp\/v2\/types\/post"}],"author":[{"embeddable":true,"href":"https:\/\/www.iceagetv.com\/radiosite\/wp-json\/wp\/v2\/users\/2"}],"replies":[{"embeddable":true,"href":"https:\/\/www.iceagetv.com\/radiosite\/wp-json\/wp\/v2\/comments?post=37535"}],"version-history":[{"count":1,"href":"https:\/\/www.iceagetv.com\/radiosite\/wp-json\/wp\/v2\/posts\/37535\/revisions"}],"predecessor-version":[{"id":37536,"href":"https:\/\/www.iceagetv.com\/radiosite\/wp-json\/wp\/v2\/posts\/37535\/revisions\/37536"}],"wp:attachment":[{"href":"https:\/\/www.iceagetv.com\/radiosite\/wp-json\/wp\/v2\/media?parent=37535"}],"wp:term":[{"taxonomy":"category","embeddable":true,"href":"https:\/\/www.iceagetv.com\/radiosite\/wp-json\/wp\/v2\/categories?post=37535"},{"taxonomy":"post_tag","embeddable":true,"href":"https:\/\/www.iceagetv.com\/radiosite\/wp-json\/wp\/v2\/tags?post=37535"}],"curies":[{"name":"wp","href":"https:\/\/api.w.org\/{rel}","templated":true}]}}