{"id":37555,"date":"2025-08-25T17:42:34","date_gmt":"2025-08-25T15:42:34","guid":{"rendered":"https:\/\/www.iceagetv.com\/radiosite\/?p=37555"},"modified":"2025-08-25T17:42:38","modified_gmt":"2025-08-25T15:42:38","slug":"francois-bayrou-va-engager-sa-responsabilite-le-8-septembre-prochain-jordan-bardella-pas-de-confiance-a-un-gouvernement-qui-fait-souffrir-les-francais-lfi-votera-la-censure-du-gouvernement","status":"publish","type":"post","link":"https:\/\/www.iceagetv.com\/radiosite\/francois-bayrou-va-engager-sa-responsabilite-le-8-septembre-prochain-jordan-bardella-pas-de-confiance-a-un-gouvernement-qui-fait-souffrir-les-francais-lfi-votera-la-censure-du-gouvernement\/","title":{"rendered":"Fran\u00e7ois Bayrou va engager sa responsabilit\u00e9 le 8 septembre prochain &#8211; Jordan Bardella : \u00ab\u00a0Pas de confiance \u00e0 un gouvernement qui fait souffrir les Fran\u00e7ais\u00a0\u00bb &#8211; LFI votera la censure du gouvernement"},"content":{"rendered":"\n<p class=\"\"><strong>Jordan Bardella : \u00ab\u00a0Jamais le RN ne votera la confiance \u00e0 un gouvernement dont les choix font souffrir le peuple fran\u00e7ais\u00a0\u00bb\u00a0La France Insoumise annonce \u00ab\u00a0qu&rsquo;elle votera la censure du gouvernement le 8 septembre, par la voix de Mathilde Panote<\/strong><strong>Le Premier ministre va demander un vote de confiance \u00e0 l\u2019Assembl\u00e9e nationale le 8 septembre, exposant son gouvernement \u00e0 une possible censure.<\/strong>&nbsp;\u00ab J\u2019ai demand\u00e9 au Pr\u00e9sident de la R\u00e9publique, et il a accept\u00e9, de convoquer le Parlement en session extraordinaire dans quinze jours. J\u2019engagerai ce jour-l\u00e0 la responsabilit\u00e9 du gouvernement, sur une d\u00e9claration de politique g\u00e9n\u00e9rale, conform\u00e9ment \u00e0 l\u2019article 49-1 de notre constitution. \u00bb<\/p>\n\n\n\n<p class=\"\">Le Premier ministre posera ce jour-l\u00e0 \u00ab la question centrale \u00bb de \u00ab la ma\u00eetrise de nos finances \u00bb. Newsletter Politique Nos analyses et indiscr\u00e9tions sur le pouvoir S&rsquo;inscrire \u00e0 la newsletterToutes les newsletters \u00ab<\/p>\n\n\n\n<p class=\"\">Chacun d\u00e9sormais va \u00eatre plac\u00e9 devant ses responsabilit\u00e9s, le gouvernement prend les siennes \u00bb, a lanc\u00e9 Fran\u00e7ois Bayrou. \u00ab Le Parlement aura le 8 septembre la d\u00e9cision entre ses mains, et chacun s\u2019engage devant les Fran\u00e7ais, et c\u2019est la que la d\u00e9mocratie prend tout son sens. \u00bb<strong>Emmanuel Macron a accept\u00e9 de convoquer le Parlement en session extraordinaire le lundi 8 septembre\u00a0\u00bb annonce Fran\u00e7ois Bayrou :<\/strong>\u00a0\u00ab\u00a0Chacun va \u00eatre plac\u00e9 devant ses responsabilit\u00e9s. Le gouvernement va prendre les siennes . Le Parlement aura le 8 septembre, la d\u00e9cision entre ses mains.<strong>Fran\u00e7ois Bayrou poursuit sa conf\u00e9rence de presse :<\/strong><\/p>\n\n\n\n<p class=\"\">\u00ab\u00a0Le d\u00e9bat a \u00e9t\u00e9 d\u00e9plac\u00e9.&nbsp; on ne parle plus que des mesures prises une par une comme les jours f\u00e9ri\u00e9s alors que j&rsquo;ai expliqu\u00e9 qu&rsquo;elle \u00e9taient tous amendables et n\u00e9gociables. Or c&rsquo;est le plan d&rsquo;ensemble dont il faut d\u00e9battre. Tout cela conduit \u00e0 ne rien faire et \u00e0 renoncer.&nbsp;Or, ce d\u00e9bat, qui est vital pour notre pays depuis des semaines, a sombr\u00e9 dans la confusion. Et c\u2019est pourquoi il faut une clarification. Le d\u00e9bat devrait \u00eatre centr\u00e9 autour de la n\u00e9cessit\u00e9, je le r\u00e9p\u00e8te, vital de d\u00e9penser moins et de produire plus&nbsp;: pour placer le pays dans la trajectoire n\u00e9cessaire pour retrouver l\u2019\u00e9quilibre de la dette.<\/p>\n\n\n\n<p class=\"\">La clarification est d\u00e9sormais urgent et il y a le parlement pour \u00e7a, dans un d\u00e9bat ordonn\u00e9 suivi d&rsquo;un vote. La France ce n&rsquo;est pas ceux qui veulent l&rsquo;abattre par le d\u00e9sordre c&rsquo;est pour cela qu&rsquo;il faut pour cette rentr\u00e9e une clarification.\u00a0Y a-t-il urgence ou pas \u00e0 r\u00e9\u00e9quilibrer nos comptes et \u00e0 \u00e9chapper \u00e0 la mal\u00e9diction du surendettement en d\u00e9pensant moins et en produisant plus ?<strong>Fran\u00e7ois Bayrou va solliciter un vote de confiance le 8 septembre prochain \u00e0 l&rsquo;Assembl\u00e9e, avant le d\u00e9but de l&rsquo;examen du budget selon les informations de TF1<\/strong><\/p>\n","protected":false},"excerpt":{"rendered":"<p>Jordan Bardella : \u00ab\u00a0Jamais le RN ne votera la confiance \u00e0 un gouvernement dont les choix font souffrir le peuple fran\u00e7ais\u00a0\u00bb\u00a0La France Insoumise annonce \u00ab\u00a0qu&rsquo;elle votera la censure du gouvernement le 8 septembre, par la voix de Mathilde PanoteLe Premier ministre va demander un vote de confiance \u00e0 l\u2019Assembl\u00e9e nationale le 8 septembre, exposant son [&hellip;]<\/p>\n","protected":false},"author":2,"featured_media":37556,"comment_status":"open","ping_status":"open","sticky":false,"template":"","format":"standard","meta":{"_jetpack_memberships_contains_paid_content":false,"footnotes":"","jetpack_publicize_message":"","jetpack_publicize_feature_enabled":true,"jetpack_social_post_already_shared":true,"jetpack_social_options":{"image_generator_settings":{"template":"highway","default_image_id":0,"font":"","enabled":true,"token":"eyJpbWciOiJodHRwczpcL1wvd3d3LmljZWFnZXR2LmNvbVwvcmFkaW9zaXRlXC93cC1jb250ZW50XC91cGxvYWRzXC8yMDI1XC8wOFwvRnJhbmNvaXMtQmF5cm91LXZhLWVuZ2FnZXItc2EtcmVzcG9uc2FiaWxpdGUtbGUtOC1zZXB0ZW1icmUtcHJvY2hhaW4uanBnIiwidHh0IjoiRnJhblx1MDBlN29pcyBCYXlyb3UgdmEgZW5nYWdlciBzYSByZXNwb25zYWJpbGl0XHUwMGU5IGxlIDggc2VwdGVtYnJlIHByb2NoYWluICYjODIxMTsgSm9yZGFuIEJhcmRlbGxhIDogJiM4MjIwO1BhcyBkZSBjb25maWFuY2UgXHUwMGUwIHVuIGdvdXZlcm5lbWVudCBxdWkgZmFpdCBzb3VmZnJpciBsZXMgRnJhblx1MDBlN2FpcyYjODIyMTsgJiM4MjExOyBMRkkgdm90ZXJhIGxhIGNlbnN1cmUgZHUgZ291dmVybmVtZW50IiwidGVtcGxhdGUiOiJoaWdod2F5IiwiZm9udCI6IiIsImJsb2dfaWQiOjExMTAxNjQ2MX0.VIvbuVygLlyMyIwHqZ6R-JQLc9bNtl5z81urBemtdqQMQ"},"version":2},"_wpas_customize_per_network":false},"categories":[405],"tags":[],"class_list":["post-37555","post","type-post","status-publish","format-standard","has-post-thumbnail","hentry","category-actu-france-monde"],"jetpack_publicize_connections":[],"jetpack_featured_media_url":"https:\/\/i0.wp.com\/www.iceagetv.com\/radiosite\/wp-content\/uploads\/2025\/08\/Francois-Bayrou-va-engager-sa-responsabilite-le-8-septembre-prochain.jpg?fit=675%2C333&ssl=1","jetpack_sharing_enabled":true,"_links":{"self":[{"href":"https:\/\/www.iceagetv.com\/radiosite\/wp-json\/wp\/v2\/posts\/37555","targetHints":{"allow":["GET"]}}],"collection":[{"href":"https:\/\/www.iceagetv.com\/radiosite\/wp-json\/wp\/v2\/posts"}],"about":[{"href":"https:\/\/www.iceagetv.com\/radiosite\/wp-json\/wp\/v2\/types\/post"}],"author":[{"embeddable":true,"href":"https:\/\/www.iceagetv.com\/radiosite\/wp-json\/wp\/v2\/users\/2"}],"replies":[{"embeddable":true,"href":"https:\/\/www.iceagetv.com\/radiosite\/wp-json\/wp\/v2\/comments?post=37555"}],"version-history":[{"count":1,"href":"https:\/\/www.iceagetv.com\/radiosite\/wp-json\/wp\/v2\/posts\/37555\/revisions"}],"predecessor-version":[{"id":37557,"href":"https:\/\/www.iceagetv.com\/radiosite\/wp-json\/wp\/v2\/posts\/37555\/revisions\/37557"}],"wp:featuredmedia":[{"embeddable":true,"href":"https:\/\/www.iceagetv.com\/radiosite\/wp-json\/wp\/v2\/media\/37556"}],"wp:attachment":[{"href":"https:\/\/www.iceagetv.com\/radiosite\/wp-json\/wp\/v2\/media?parent=37555"}],"wp:term":[{"taxonomy":"category","embeddable":true,"href":"https:\/\/www.iceagetv.com\/radiosite\/wp-json\/wp\/v2\/categories?post=37555"},{"taxonomy":"post_tag","embeddable":true,"href":"https:\/\/www.iceagetv.com\/radiosite\/wp-json\/wp\/v2\/tags?post=37555"}],"curies":[{"name":"wp","href":"https:\/\/api.w.org\/{rel}","templated":true}]}}