{"id":37635,"date":"2025-08-29T09:52:23","date_gmt":"2025-08-29T07:52:23","guid":{"rendered":"https:\/\/www.iceagetv.com\/radiosite\/?p=37635"},"modified":"2025-08-29T09:52:29","modified_gmt":"2025-08-29T07:52:29","slug":"koh-lanta-gege-celebre-candidat-de-lemission-est-mort-a-79-ans","status":"publish","type":"post","link":"https:\/\/www.iceagetv.com\/radiosite\/koh-lanta-gege-celebre-candidat-de-lemission-est-mort-a-79-ans\/","title":{"rendered":"Koh-Lanta\u00a0\u00bb: G\u00e9g\u00e9, c\u00e9l\u00e8bre candidat de l&rsquo;\u00e9mission est mort \u00e0 79 ans"},"content":{"rendered":"\n<p class=\"\">\u00ab\u00a0Bonjour \u00e0 tous ceux qui l&rsquo;ont connu, j&rsquo;ai une mauvaise nouvelle \u00e0 vous anoncer, il nous a quitt\u00e9s cette nuit\u00a0\u00bb, a \u00e9crit ce jeudi Fran\u00e7ois Icardi sur Facebook, en accompagnant cette l\u00e9gende d&rsquo;une photographie de son p\u00e8re, G\u00e9rard, alias G\u00e9g\u00e9. L&rsquo;ancien candidat de Koh Lanta s&rsquo;est \u00e9teint \u00e0 l&rsquo;\u00e2ge de 79 ans. Les causes de sa mort n&rsquo;ont pas \u00e9t\u00e9 pr\u00e9cis\u00e9es.L&rsquo;homme avait marqu\u00e9 la onzi\u00e8me saison du c\u00e9l\u00e8bre jeu d&rsquo;aventure de TF1, diffus\u00e9e en 2011 et tourn\u00e9e dans l&rsquo;archipel de Raja Ampat en Indon\u00e9sie. \u00c0 l&rsquo;\u00e9poque, il avait particip\u00e9 \u00e0 l&rsquo;\u00e9mission \u00e0 l&rsquo;\u00e2ge de 65 ans, aux c\u00f4t\u00e9s d&rsquo;autres figures de l&rsquo;\u00e9mission, comme Teheiura, Martin ou Laurent. Le v\u00e9t\u00e9ran du jeu, qui pilotait un parc animalier dans l&rsquo;Eure, avait n\u00e9anmoins \u00e9t\u00e9 \u00e9limin\u00e9 pr\u00e9matur\u00e9ment.Plusieurs personnalit\u00e9s de Koh Lanta lui ont rendu hommage sur les r\u00e9seaux sociaux. Denis Brogniart, le pr\u00e9sentateur du jeu, a \u00e9crit \u00ab\u00a0RIP G\u00e9g\u00e9!\u00a0\u00bb sur Instagram tandis qu&rsquo;une ancience candidate, Patricia Morel, qui avait \u00e9galement particip\u00e9 \u00e0 cette onzi\u00e8me saison, s&rsquo;est \u00e9mue sur Facebook.\u00a0\u00bbC\u2019\u00e9tait un sacr\u00e9 num\u00e9ro notre G\u00e9g\u00e9, a-t-elle affirm\u00e9. Je ne l\u2019oublierai jamais car j\u2019\u00e9tais tr\u00e8s proche de lui pendant notre aventure. Repose en paix G\u00e9g\u00e9.\u00a0\u00bbG\u00e9g\u00e9 avait \u00e9galement donn\u00e9 de sa personne dans un autre programme de TF1, Splash, le grand plongeon, diffus\u00e9e en 2013.<\/p>\n","protected":false},"excerpt":{"rendered":"<p>\u00ab\u00a0Bonjour \u00e0 tous ceux qui l&rsquo;ont connu, j&rsquo;ai une mauvaise nouvelle \u00e0 vous anoncer, il nous a quitt\u00e9s cette nuit\u00a0\u00bb, a \u00e9crit ce jeudi Fran\u00e7ois Icardi sur Facebook, en accompagnant cette l\u00e9gende d&rsquo;une photographie de son p\u00e8re, G\u00e9rard, alias G\u00e9g\u00e9. L&rsquo;ancien candidat de Koh Lanta s&rsquo;est \u00e9teint \u00e0 l&rsquo;\u00e2ge de 79 ans. Les causes de [&hellip;]<\/p>\n","protected":false},"author":2,"featured_media":37637,"comment_status":"open","ping_status":"open","sticky":false,"template":"","format":"standard","meta":{"_jetpack_memberships_contains_paid_content":false,"footnotes":"","jetpack_publicize_message":"","jetpack_publicize_feature_enabled":true,"jetpack_social_post_already_shared":true,"jetpack_social_options":{"image_generator_settings":{"template":"highway","default_image_id":0,"font":"","enabled":true,"token":"eyJpbWciOiJodHRwczpcL1wvd3d3LmljZWFnZXR2LmNvbVwvcmFkaW9zaXRlXC93cC1jb250ZW50XC91cGxvYWRzXC8yMDI1XC8wOFwvR2VyYXJkLUljYXJkaS0yMTI4OTA5LndlYnAiLCJ0eHQiOiJLb2gtTGFudGEmIzgyMjE7OiBHXHUwMGU5Z1x1MDBlOSwgY1x1MDBlOWxcdTAwZThicmUgY2FuZGlkYXQgZGUgbCYjODIxNztcdTAwZTltaXNzaW9uIGVzdCBtb3J0IFx1MDBlMCA3OSBhbnMiLCJ0ZW1wbGF0ZSI6ImhpZ2h3YXkiLCJmb250IjoiIiwiYmxvZ19pZCI6MTExMDE2NDYxfQ.RGTg4hoJSw3-1Sdr8H8v6OS_MghJ8_1FIJDIjE1Yg8cMQ"},"version":2},"_wpas_customize_per_network":false},"categories":[68],"tags":[],"class_list":["post-37635","post","type-post","status-publish","format-standard","has-post-thumbnail","hentry","category-actu-culturelle"],"jetpack_publicize_connections":[],"jetpack_featured_media_url":"https:\/\/i0.wp.com\/www.iceagetv.com\/radiosite\/wp-content\/uploads\/2025\/08\/Gerard-Icardi-2128909.webp?fit=736%2C414&ssl=1","jetpack_sharing_enabled":true,"_links":{"self":[{"href":"https:\/\/www.iceagetv.com\/radiosite\/wp-json\/wp\/v2\/posts\/37635","targetHints":{"allow":["GET"]}}],"collection":[{"href":"https:\/\/www.iceagetv.com\/radiosite\/wp-json\/wp\/v2\/posts"}],"about":[{"href":"https:\/\/www.iceagetv.com\/radiosite\/wp-json\/wp\/v2\/types\/post"}],"author":[{"embeddable":true,"href":"https:\/\/www.iceagetv.com\/radiosite\/wp-json\/wp\/v2\/users\/2"}],"replies":[{"embeddable":true,"href":"https:\/\/www.iceagetv.com\/radiosite\/wp-json\/wp\/v2\/comments?post=37635"}],"version-history":[{"count":1,"href":"https:\/\/www.iceagetv.com\/radiosite\/wp-json\/wp\/v2\/posts\/37635\/revisions"}],"predecessor-version":[{"id":37638,"href":"https:\/\/www.iceagetv.com\/radiosite\/wp-json\/wp\/v2\/posts\/37635\/revisions\/37638"}],"wp:featuredmedia":[{"embeddable":true,"href":"https:\/\/www.iceagetv.com\/radiosite\/wp-json\/wp\/v2\/media\/37637"}],"wp:attachment":[{"href":"https:\/\/www.iceagetv.com\/radiosite\/wp-json\/wp\/v2\/media?parent=37635"}],"wp:term":[{"taxonomy":"category","embeddable":true,"href":"https:\/\/www.iceagetv.com\/radiosite\/wp-json\/wp\/v2\/categories?post=37635"},{"taxonomy":"post_tag","embeddable":true,"href":"https:\/\/www.iceagetv.com\/radiosite\/wp-json\/wp\/v2\/tags?post=37635"}],"curies":[{"name":"wp","href":"https:\/\/api.w.org\/{rel}","templated":true}]}}