{"id":37662,"date":"2025-08-30T07:39:19","date_gmt":"2025-08-30T05:39:19","guid":{"rendered":"https:\/\/www.iceagetv.com\/radiosite\/?p=37662"},"modified":"2025-08-30T07:39:22","modified_gmt":"2025-08-30T05:39:22","slug":"neuilly-sur-seine-un-individu-interpelle-pour-avoir-menace-des-passants-avec-un-couteau-pres-dune-synagogue","status":"publish","type":"post","link":"https:\/\/www.iceagetv.com\/radiosite\/neuilly-sur-seine-un-individu-interpelle-pour-avoir-menace-des-passants-avec-un-couteau-pres-dune-synagogue\/","title":{"rendered":"Neuilly-sur-Seine : un individu interpell\u00e9 pour avoir menac\u00e9 des passants avec un couteau pr\u00e8s d\u2019une synagogue"},"content":{"rendered":"\n<p class=\"\">Selon le maire de la commune des Hauts-de-Seine, un \u00ab\u00a0individu d\u2019une quarantaine d\u2019ann\u00e9es\u00a0\u00bb qui disposait d\u2019un couteau a \u00e9t\u00e9 plac\u00e9 vendredi en garde \u00e0 vue.Un homme a menac\u00e9 au couteau plusieurs personnes pr\u00e8s d&rsquo;une synagogue \u00e0 Neuilly-sur-Seine (Hauts-de-Seine), vendredi 29 ao\u00fbt, avant d\u2019\u00eatre interpell\u00e9. Les faits se sont produits en fin d&rsquo;apr\u00e8s-midi, vers 17h30, relate le maire Jean-Christophe Fromantin sur X(Nouvelle fen\u00eatre).\u00a0\u00bbUn individu d\u2019une quarantaine d\u2019ann\u00e9es a prof\u00e9r\u00e9 des insultes \u00e0 caract\u00e8re antis\u00e9mite et incoh\u00e9rentes aupr\u00e8s de membres de la communaut\u00e9 juive. Il \u00e9tait porteur d\u2019un couteau. Il a \u00e9t\u00e9 imm\u00e9diatement interpell\u00e9 par la police. Il est en garde \u00e0 vue au commissariat de Neuilly\u00a0\u00bb, a-t-il d\u00e9taill\u00e9.Selon un t\u00e9moin sur place, contact\u00e9 par franceinfo, l&rsquo;assaillant a menac\u00e9 trois hommes qui se sont r\u00e9fugi\u00e9s \u00e0 proximit\u00e9. Jean-Christophe Fromante pr\u00e9cise qu&rsquo;\u00e0 ce stade, aucun bless\u00e9 n\u2019est \u00e0 d\u00e9plorer. D\u00e9but juin, un rabbin avait \u00e9t\u00e9 agress\u00e9 violemment \u00e0 coups de chaises dans la m\u00eame ville de Neuilly-sur-Seine. Son agresseur, un Palestinien de 28 ans en situation irr\u00e9guli\u00e8re en Allemagne, avait \u00e9t\u00e9 hospitalis\u00e9 en soins psychiatriques apr\u00e8s avoir \u00e9t\u00e9 interpell\u00e9.<\/p>\n","protected":false},"excerpt":{"rendered":"<p>Selon le maire de la commune des Hauts-de-Seine, un \u00ab\u00a0individu d\u2019une quarantaine d\u2019ann\u00e9es\u00a0\u00bb qui disposait d\u2019un couteau a \u00e9t\u00e9 plac\u00e9 vendredi en garde \u00e0 vue.Un homme a menac\u00e9 au couteau plusieurs personnes pr\u00e8s d&rsquo;une synagogue \u00e0 Neuilly-sur-Seine (Hauts-de-Seine), vendredi 29 ao\u00fbt, avant d\u2019\u00eatre interpell\u00e9. Les faits se sont produits en fin d&rsquo;apr\u00e8s-midi, vers 17h30, relate [&hellip;]<\/p>\n","protected":false},"author":2,"featured_media":37663,"comment_status":"open","ping_status":"open","sticky":false,"template":"","format":"standard","meta":{"_jetpack_memberships_contains_paid_content":false,"footnotes":"","jetpack_publicize_message":"","jetpack_publicize_feature_enabled":true,"jetpack_social_post_already_shared":true,"jetpack_social_options":{"image_generator_settings":{"template":"highway","default_image_id":0,"font":"","enabled":true,"token":"eyJpbWciOiJodHRwczpcL1wvd3d3LmljZWFnZXR2LmNvbVwvcmFkaW9zaXRlXC93cC1jb250ZW50XC91cGxvYWRzXC8yMDI1XC8wOFwvU2NyZWVuc2hvdF8yMDI1MDgzMF8wNzM4MjcuanBnIiwidHh0IjoiTmV1aWxseS1zdXItU2VpbmUgOiB1biBpbmRpdmlkdSBpbnRlcnBlbGxcdTAwZTkgcG91ciBhdm9pciBtZW5hY1x1MDBlOSBkZXMgcGFzc2FudHMgYXZlYyB1biBjb3V0ZWF1IHByXHUwMGU4cyBkXHUyMDE5dW5lIHN5bmFnb2d1ZSIsInRlbXBsYXRlIjoiaGlnaHdheSIsImZvbnQiOiIiLCJibG9nX2lkIjoxMTEwMTY0NjF9.1nw8Bu4KNjAStFA3XCJBLSmPxEaqGe2V842GYvhdztoMQ"},"version":2},"_wpas_customize_per_network":false},"categories":[405],"tags":[],"class_list":["post-37662","post","type-post","status-publish","format-standard","has-post-thumbnail","hentry","category-actu-france-monde"],"jetpack_publicize_connections":[],"jetpack_featured_media_url":"https:\/\/i0.wp.com\/www.iceagetv.com\/radiosite\/wp-content\/uploads\/2025\/08\/Screenshot_20250830_073827.jpg?fit=919%2C494&ssl=1","jetpack_sharing_enabled":true,"_links":{"self":[{"href":"https:\/\/www.iceagetv.com\/radiosite\/wp-json\/wp\/v2\/posts\/37662","targetHints":{"allow":["GET"]}}],"collection":[{"href":"https:\/\/www.iceagetv.com\/radiosite\/wp-json\/wp\/v2\/posts"}],"about":[{"href":"https:\/\/www.iceagetv.com\/radiosite\/wp-json\/wp\/v2\/types\/post"}],"author":[{"embeddable":true,"href":"https:\/\/www.iceagetv.com\/radiosite\/wp-json\/wp\/v2\/users\/2"}],"replies":[{"embeddable":true,"href":"https:\/\/www.iceagetv.com\/radiosite\/wp-json\/wp\/v2\/comments?post=37662"}],"version-history":[{"count":1,"href":"https:\/\/www.iceagetv.com\/radiosite\/wp-json\/wp\/v2\/posts\/37662\/revisions"}],"predecessor-version":[{"id":37664,"href":"https:\/\/www.iceagetv.com\/radiosite\/wp-json\/wp\/v2\/posts\/37662\/revisions\/37664"}],"wp:featuredmedia":[{"embeddable":true,"href":"https:\/\/www.iceagetv.com\/radiosite\/wp-json\/wp\/v2\/media\/37663"}],"wp:attachment":[{"href":"https:\/\/www.iceagetv.com\/radiosite\/wp-json\/wp\/v2\/media?parent=37662"}],"wp:term":[{"taxonomy":"category","embeddable":true,"href":"https:\/\/www.iceagetv.com\/radiosite\/wp-json\/wp\/v2\/categories?post=37662"},{"taxonomy":"post_tag","embeddable":true,"href":"https:\/\/www.iceagetv.com\/radiosite\/wp-json\/wp\/v2\/tags?post=37662"}],"curies":[{"name":"wp","href":"https:\/\/api.w.org\/{rel}","templated":true}]}}