{"id":37673,"date":"2025-08-30T18:25:54","date_gmt":"2025-08-30T16:25:54","guid":{"rendered":"https:\/\/www.iceagetv.com\/radiosite\/?p=37673"},"modified":"2025-08-30T18:25:58","modified_gmt":"2025-08-30T16:25:58","slug":"la-croix-rouge-estime-que-levacuation-de-gaza-ville-est-irrealisable-alors-quisrael-durcit-le-siege","status":"publish","type":"post","link":"https:\/\/www.iceagetv.com\/radiosite\/la-croix-rouge-estime-que-levacuation-de-gaza-ville-est-irrealisable-alors-quisrael-durcit-le-siege\/","title":{"rendered":"La Croix-Rouge estime que l&rsquo;\u00e9vacuation de Gaza-ville est \u00abirr\u00e9alisable\u00bb, alors qu\u2019Isra\u00ebl durcit le si\u00e8ge"},"content":{"rendered":"\n<p class=\"\">Il est impossible que l\u2019\u00e9vacuation massive de la ville de Gaza puisse \u00eatre men\u00e9e \u00e0 bien de mani\u00e8re s\u00fbre et digne dans les conditions actuelles\u00bb, a d\u00e9clar\u00e9 la pr\u00e9sidente du Comit\u00e9 international de la Croix-Rouge (CICR).Apr\u00e8s bient\u00f4t 23 mois d&rsquo;une guerre ayant d\u00e9vast\u00e9 la bande de Gaza, l&rsquo;\u00e9vacuation de Gaza-ville\u00a0\u00abentra\u00eenerait un d\u00e9placement massif de population qu&rsquo;aucune zone de la bande de Gaza ne serait en mesure d&rsquo;absorber\u00bb, a averti Mirjana Spoljaric.\u00abZone de combat\u00bbMalgr\u00e9 des pressions croissantes, tant \u00e0 l&rsquo;\u00e9tranger qu&rsquo;en Isra\u00ebl, pour mettre fin \u00e0 la guerre, le gouvernement du premier ministre Benyamin Netanyahou affirme vouloir\u00a0poursuivre l&rsquo;offensive\u00a0dans la bande de Gaza et l&rsquo;ordre a \u00e9t\u00e9 donn\u00e9 \u00e0 l&rsquo;arm\u00e9e de pr\u00e9parer un assaut g\u00e9n\u00e9ralis\u00e9 sur Gaza-ville.Pour Benyamin Netanyahou et ses alli\u00e9s d&rsquo;extr\u00eame droite, il s&rsquo;agit d&rsquo;en finir avec le Hamas, le mouvement islamiste palestinien ayant d\u00e9clench\u00e9 la guerre le 7 octobre 2023, et de ramener tous les otages enlev\u00e9s ce jour-l\u00e0.Pour l&rsquo;arm\u00e9e isra\u00e9lienne, qui a d\u00e9clar\u00e9 officiellement vendredi Gaza-ville\u00a0\u00abzone de combat\u00bb, en pr\u00e9lude \u00e0 son offensive, l&rsquo;\u00e9vacuation de l&rsquo;agglom\u00e9ration est\u00a0\u00abin\u00e9vitable\u00bb. Sur le terrain, les op\u00e9rations militaires isra\u00e9liennes se sont encore intensifi\u00e9es samedi \u00e0 la p\u00e9riph\u00e9rie de l&rsquo;agglom\u00e9ration.\u00abD\u00e9sastre total\u00bbUn journaliste collaborant avec l&rsquo;AFP se trouvant \u00e0 la lisi\u00e8re nord de Gaza-ville et de la ville de Jabalia a indiqu\u00e9 se trouver d\u00e9sormais \u00e0 la limite de la zone que l&rsquo;arm\u00e9e a ordonn\u00e9 d&rsquo;\u00e9vacuer. Les bombardements se rapprochent et l&rsquo;on entend clairement tirs et explosions, a-t-il ajout\u00e9.<\/p>\n","protected":false},"excerpt":{"rendered":"<p>Il est impossible que l\u2019\u00e9vacuation massive de la ville de Gaza puisse \u00eatre men\u00e9e \u00e0 bien de mani\u00e8re s\u00fbre et digne dans les conditions actuelles\u00bb, a d\u00e9clar\u00e9 la pr\u00e9sidente du Comit\u00e9 international de la Croix-Rouge (CICR).Apr\u00e8s bient\u00f4t 23 mois d&rsquo;une guerre ayant d\u00e9vast\u00e9 la bande de Gaza, l&rsquo;\u00e9vacuation de Gaza-ville\u00a0\u00abentra\u00eenerait un d\u00e9placement massif de population [&hellip;]<\/p>\n","protected":false},"author":2,"featured_media":37674,"comment_status":"open","ping_status":"open","sticky":false,"template":"","format":"standard","meta":{"_jetpack_memberships_contains_paid_content":false,"footnotes":"","jetpack_publicize_message":"","jetpack_publicize_feature_enabled":true,"jetpack_social_post_already_shared":true,"jetpack_social_options":{"image_generator_settings":{"template":"highway","default_image_id":0,"font":"","enabled":true,"token":"eyJpbWciOiJodHRwczpcL1wvd3d3LmljZWFnZXR2LmNvbVwvcmFkaW9zaXRlXC93cC1jb250ZW50XC91cGxvYWRzXC8yMDI1XC8wOFwvZTRlMTJjYjZmNWFmZTY1YmE2YWQwMjNhYjU4ZDc5MDQwYzg4Njg4NjE2NjI4YWM5YzI1OTY5YTEwMGUyMTFkYS5qcGciLCJ0eHQiOiJMYSBDcm9peC1Sb3VnZSBlc3RpbWUgcXVlIGwmIzgyMTc7XHUwMGU5dmFjdWF0aW9uIGRlIEdhemEtdmlsbGUgZXN0IFx1MDBhYmlyclx1MDBlOWFsaXNhYmxlXHUwMGJiLCBhbG9ycyBxdVx1MjAxOUlzcmFcdTAwZWJsIGR1cmNpdCBsZSBzaVx1MDBlOGdlIiwidGVtcGxhdGUiOiJoaWdod2F5IiwiZm9udCI6IiIsImJsb2dfaWQiOjExMTAxNjQ2MX0.ueQL2YxLK9FZB_ty_y3Z1tiWAeGJk9OMGUz4-zVUTngMQ"},"version":2},"_wpas_customize_per_network":false},"categories":[405],"tags":[],"class_list":["post-37673","post","type-post","status-publish","format-standard","has-post-thumbnail","hentry","category-actu-france-monde"],"jetpack_publicize_connections":[],"jetpack_featured_media_url":"https:\/\/i0.wp.com\/www.iceagetv.com\/radiosite\/wp-content\/uploads\/2025\/08\/e4e12cb6f5afe65ba6ad023ab58d79040c88688616628ac9c25969a100e211da.jpg?fit=704%2C396&ssl=1","jetpack_sharing_enabled":true,"_links":{"self":[{"href":"https:\/\/www.iceagetv.com\/radiosite\/wp-json\/wp\/v2\/posts\/37673","targetHints":{"allow":["GET"]}}],"collection":[{"href":"https:\/\/www.iceagetv.com\/radiosite\/wp-json\/wp\/v2\/posts"}],"about":[{"href":"https:\/\/www.iceagetv.com\/radiosite\/wp-json\/wp\/v2\/types\/post"}],"author":[{"embeddable":true,"href":"https:\/\/www.iceagetv.com\/radiosite\/wp-json\/wp\/v2\/users\/2"}],"replies":[{"embeddable":true,"href":"https:\/\/www.iceagetv.com\/radiosite\/wp-json\/wp\/v2\/comments?post=37673"}],"version-history":[{"count":1,"href":"https:\/\/www.iceagetv.com\/radiosite\/wp-json\/wp\/v2\/posts\/37673\/revisions"}],"predecessor-version":[{"id":37675,"href":"https:\/\/www.iceagetv.com\/radiosite\/wp-json\/wp\/v2\/posts\/37673\/revisions\/37675"}],"wp:featuredmedia":[{"embeddable":true,"href":"https:\/\/www.iceagetv.com\/radiosite\/wp-json\/wp\/v2\/media\/37674"}],"wp:attachment":[{"href":"https:\/\/www.iceagetv.com\/radiosite\/wp-json\/wp\/v2\/media?parent=37673"}],"wp:term":[{"taxonomy":"category","embeddable":true,"href":"https:\/\/www.iceagetv.com\/radiosite\/wp-json\/wp\/v2\/categories?post=37673"},{"taxonomy":"post_tag","embeddable":true,"href":"https:\/\/www.iceagetv.com\/radiosite\/wp-json\/wp\/v2\/tags?post=37673"}],"curies":[{"name":"wp","href":"https:\/\/api.w.org\/{rel}","templated":true}]}}