{"id":37684,"date":"2025-08-31T10:54:28","date_gmt":"2025-08-31T08:54:28","guid":{"rendered":"https:\/\/www.iceagetv.com\/radiosite\/?p=37684"},"modified":"2025-08-31T10:54:31","modified_gmt":"2025-08-31T08:54:31","slug":"garde-denfants-arrets-de-travail-impots-tout-ce-qui-change-au-1er-septembre-2025","status":"publish","type":"post","link":"https:\/\/www.iceagetv.com\/radiosite\/garde-denfants-arrets-de-travail-impots-tout-ce-qui-change-au-1er-septembre-2025\/","title":{"rendered":"Garde d&rsquo;enfants, arr\u00eats de travail, imp\u00f4ts\u2026 Tout ce qui change au 1er septembre 2025"},"content":{"rendered":"\n<p class=\"\">Avec la rentr\u00e9e scolaire, quelques nouveaut\u00e9s sont \u00e0 noter pour le quotidien des Fran\u00e7ais et leur portefeuille. Voici tout ce qui change au 1er septembreCe lundi 1\u1d49\u02b3 septembre&nbsp;2025, c\u2019est la<strong>&nbsp;rentr\u00e9e des classes<\/strong>. Et qui dit rentr\u00e9e, dit nouveaut\u00e9s. Outre les changements dans la vie des enfants et adolescents, qui reprendront le chemin de l\u2019\u00e9cole, chaque d\u00e9but de mois apporte aussi son lot de nouveaut\u00e9s pour les Fran\u00e7ais en g\u00e9n\u00e9ral.<\/p>\n\n\n\n<p class=\"\">Arr\u00eat de travail, garde d\u2019enfants, d\u00e9pistage\u2026 Voici tout ce qui change au 1\u1d49\u02b3 septembre&nbsp;2025.<\/p>\n\n\n\n<h2 class=\"wp-block-heading\">Nouveau calcul pour l\u2019aide \u00e0 la garde d\u2019enfants<\/h2>\n\n\n\n<p class=\"\">Au 1\u1d49\u02b3 septembre, le compl\u00e9ment du libre choix du mode de garde \u00e9volue. Cette aide financi\u00e8re, destin\u00e9e \u00e0&nbsp;<strong>soutenir les parents pour les frais li\u00e9s \u00e0 la garde des enfants<\/strong>&nbsp;(emploi d\u2019assistante maternelle ou garde \u00e0 domicile), conna\u00eet des \u00e9volutions \u00e0 partir de septembre&nbsp;2025.<\/p>\n\n\n\n<p class=\"\">Le dispositif de calcul de l\u2019aide est modifi\u00e9 pour mieux prendre en compte les situations personnelles des familles, sur le mod\u00e8le du calcul appliqu\u00e9 en cr\u00e8ches.<\/p>\n\n\n\n<p class=\"\"><strong>Des crit\u00e8res plus pr\u00e9cis<\/strong>&nbsp;seront pris en compte, comme\u2009:<\/p>\n\n\n\n<ul class=\"wp-block-list\">\n<li class=\"\">Les ressources mensuelles de la famille (revenu net cat\u00e9goriel)\u2009;<\/li>\n\n\n\n<li class=\"\">Le nombre d\u2019enfants \u00e0 charge\u2009;<\/li>\n\n\n\n<li class=\"\">Le co\u00fbt horaire de la garde choisie\u2009;<\/li>\n\n\n\n<li class=\"\">Le nombre d\u2019heures de garde effectu\u00e9es par mois\u2009: chaque heure est prise en compte dans le calcul et est en partie financ\u00e9e.<\/li>\n<\/ul>\n\n\n\n<p class=\"\">Le changement concerne notamment&nbsp;les familles monoparentales avec une extension de la prestation jusqu\u2019aux 12&nbsp;ans de l\u2019enfant,&nbsp;<a href=\"https:\/\/www.service-public.fr\/particuliers\/actualites\/A18360\">comme expliqu\u00e9 sur le site service-public.fr.<\/a><\/p>\n\n\n\n<p class=\"\">Son versement est automatique, il n\u2019y a aucune d\u00e9marche \u00e0 effectuer.Retour du Pass\u2019port<\/p>\n\n\n\n<p class=\"\">Le 1\u1d49\u02b3 septembre, le dispositif Pass Sport sera remis en place pour les jeunes. Il permet de b\u00e9n\u00e9ficier de 70&nbsp;euros de r\u00e9duction pour s\u2019inscrire dans un club de sport.<\/p>\n\n\n\n<p class=\"\">Et de nombreux jeunes sont \u00e9ligibles,&nbsp;<a href=\"https:\/\/www.pass.sports.gouv.fr\/\">rappelle le site du dispositif\u2009:<\/a><\/p>\n\n\n\n<p class=\"\">Les 16-30\u00a0ans b\u00e9n\u00e9ficiaires de l\u2019Allocation aux adultes handicap\u00e9s (AAH).<\/p>\n\n\n\n<p class=\"\">Les \u00e9tudiants de moins de 28\u00a0ans qui b\u00e9n\u00e9ficient d\u2019une bourse ou d\u2019une aide annuelle du Crous, ou encore d\u2019une bourse r\u00e9gionale pour une formation sanitaire et sociale.<\/p>\n\n\n\n<p class=\"\">Les 14-17\u00a0ans b\u00e9n\u00e9ficiaires de l\u2019Allocation de rentr\u00e9e scolaire (ARS).<\/p>\n\n\n\n<p class=\"\">Les 6-19\u00a0ans b\u00e9n\u00e9ficiaires de l\u2019Allocation d\u2019\u00e9ducation de l\u2019enfant handicap\u00e9 (AEEH).Nouveau formulaire d\u2019arr\u00eat de travail<\/p>\n\n\n\n<p class=\"\">\u00c0 compter du 1\u1d49\u02b3 septembre,&nbsp;<strong>le formulaire d\u2019arr\u00eat de travail va changer.<\/strong><\/p>\n\n\n\n<p class=\"\">\u00ab\u2009Si votre \u00e9tat de sant\u00e9 n\u00e9cessite un arr\u00eat de travail, votre professionnel de sant\u00e9 doit, en priorit\u00e9, \u00e9tablir un arr\u00eat de travail de mani\u00e8re d\u00e9mat\u00e9rialis\u00e9e \u00e0 l\u2019aide de votre carte Vitale. Si cela n\u2019est pas possible, il devra utiliser un nouveau formulaire papier s\u00e9curis\u00e9. Ce nouveau formulaire vise \u00e0 renforcer la lutte contre la fraude gr\u00e2ce \u00e0 des \u00e9l\u00e9ments de s\u00e9curisation int\u00e9gr\u00e9s\u2009\u00bb, explique l\u2019Assurance maladie dans une communication \u00e0 ses assur\u00e9s.<\/p>\n\n\n\n<p class=\"\">Le nouveau formulaire pr\u00e9sente sept points d\u2019authentification.<\/p>\n\n\n\n<p class=\"\">Tout formulaire d&rsquo;arr\u00eat de travail papier non s\u00e9curis\u00e9 sera rejet\u00e9 par l&rsquo;Assurance maladie. Le document sera retourn\u00e9 au prescripteur pour qu&rsquo;il r\u00e9alise un avis d&rsquo;arr\u00eat de travail au bon format.\u00c9volution du programme national de d\u00e9pistage n\u00e9onatal<\/p>\n\n\n\n<p class=\"\">D\u00e8s le lundi 1\u1d49\u02b3, le programme national de d\u00e9pistage n\u00e9onatal, qui concerne l\u2019ensemble des nouveau-n\u00e9s en France, est \u00e9largi.<\/p>\n\n\n\n<p class=\"\">En clair, trois nouvelles maladies sont ajout\u00e9es\u2009:<\/p>\n\n\n\n<ul class=\"wp-block-list\">\n<li class=\"\">les d\u00e9ficits immunitaires combin\u00e9s s\u00e9v\u00e8res (DICS),<\/li>\n\n\n\n<li class=\"\">l\u2019amyotrophie spinale infantile (SMA),<\/li>\n\n\n\n<li class=\"\">et le d\u00e9ficit en acyl-coenzyme A d\u00e9shydrog\u00e9nase des acides gras \u00e0 cha\u00eene tr\u00e8s longue (VLCAD).<\/li>\n<\/ul>\n\n\n\n<p class=\"\">Ainsi, le d\u00e9pistage \u00e0 la naissance couvre d\u00e9sormais&nbsp;<strong>16 maladies graves<\/strong>, invisibles \u00e0 la naissance, permettant une prise en charge tr\u00e8s pr\u00e9coce afin d\u2019att\u00e9nuer ou pr\u00e9venir l\u2019apparition et la s\u00e9v\u00e9rit\u00e9 des sympt\u00f4mes.<\/p>\n","protected":false},"excerpt":{"rendered":"<p>Avec la rentr\u00e9e scolaire, quelques nouveaut\u00e9s sont \u00e0 noter pour le quotidien des Fran\u00e7ais et leur portefeuille. Voici tout ce qui change au 1er septembreCe lundi 1\u1d49\u02b3 septembre&nbsp;2025, c\u2019est la&nbsp;rentr\u00e9e des classes. Et qui dit rentr\u00e9e, dit nouveaut\u00e9s. Outre les changements dans la vie des enfants et adolescents, qui reprendront le chemin de l\u2019\u00e9cole, chaque [&hellip;]<\/p>\n","protected":false},"author":2,"featured_media":37685,"comment_status":"open","ping_status":"open","sticky":false,"template":"","format":"standard","meta":{"_jetpack_memberships_contains_paid_content":false,"footnotes":"","jetpack_publicize_message":"","jetpack_publicize_feature_enabled":true,"jetpack_social_post_already_shared":true,"jetpack_social_options":{"image_generator_settings":{"template":"highway","default_image_id":0,"font":"","enabled":true,"token":"eyJpbWciOiJodHRwczpcL1wvd3d3LmljZWFnZXR2LmNvbVwvcmFkaW9zaXRlXC93cC1jb250ZW50XC91cGxvYWRzXC8yMDI1XC8wOFwvZ2FyZGUtZW5mYW50cy1jaGFuZ2VtZW50cy05NjB4NjQwLTEuanBlZyIsInR4dCI6IkdhcmRlIGQmIzgyMTc7ZW5mYW50cywgYXJyXHUwMGVhdHMgZGUgdHJhdmFpbCwgaW1wXHUwMGY0dHNcdTIwMjYgVG91dCBjZSBxdWkgY2hhbmdlIGF1IDFlciBzZXB0ZW1icmUgMjAyNSIsInRlbXBsYXRlIjoiaGlnaHdheSIsImZvbnQiOiIiLCJibG9nX2lkIjoxMTEwMTY0NjF9.ErVcamRSwPQRgGkI3kbPkkqFoPm_GtGYdC1AP4Qtjt8MQ"},"version":2},"_wpas_customize_per_network":false},"categories":[405],"tags":[],"class_list":["post-37684","post","type-post","status-publish","format-standard","has-post-thumbnail","hentry","category-actu-france-monde"],"jetpack_publicize_connections":[],"jetpack_featured_media_url":"https:\/\/i0.wp.com\/www.iceagetv.com\/radiosite\/wp-content\/uploads\/2025\/08\/garde-enfants-changements-960x640-1.jpeg?fit=960%2C640&ssl=1","jetpack_sharing_enabled":true,"_links":{"self":[{"href":"https:\/\/www.iceagetv.com\/radiosite\/wp-json\/wp\/v2\/posts\/37684","targetHints":{"allow":["GET"]}}],"collection":[{"href":"https:\/\/www.iceagetv.com\/radiosite\/wp-json\/wp\/v2\/posts"}],"about":[{"href":"https:\/\/www.iceagetv.com\/radiosite\/wp-json\/wp\/v2\/types\/post"}],"author":[{"embeddable":true,"href":"https:\/\/www.iceagetv.com\/radiosite\/wp-json\/wp\/v2\/users\/2"}],"replies":[{"embeddable":true,"href":"https:\/\/www.iceagetv.com\/radiosite\/wp-json\/wp\/v2\/comments?post=37684"}],"version-history":[{"count":1,"href":"https:\/\/www.iceagetv.com\/radiosite\/wp-json\/wp\/v2\/posts\/37684\/revisions"}],"predecessor-version":[{"id":37686,"href":"https:\/\/www.iceagetv.com\/radiosite\/wp-json\/wp\/v2\/posts\/37684\/revisions\/37686"}],"wp:featuredmedia":[{"embeddable":true,"href":"https:\/\/www.iceagetv.com\/radiosite\/wp-json\/wp\/v2\/media\/37685"}],"wp:attachment":[{"href":"https:\/\/www.iceagetv.com\/radiosite\/wp-json\/wp\/v2\/media?parent=37684"}],"wp:term":[{"taxonomy":"category","embeddable":true,"href":"https:\/\/www.iceagetv.com\/radiosite\/wp-json\/wp\/v2\/categories?post=37684"},{"taxonomy":"post_tag","embeddable":true,"href":"https:\/\/www.iceagetv.com\/radiosite\/wp-json\/wp\/v2\/tags?post=37684"}],"curies":[{"name":"wp","href":"https:\/\/api.w.org\/{rel}","templated":true}]}}