{"id":37693,"date":"2025-09-01T15:02:58","date_gmt":"2025-09-01T13:02:58","guid":{"rendered":"https:\/\/www.iceagetv.com\/radiosite\/?p=37693"},"modified":"2025-09-01T15:03:03","modified_gmt":"2025-09-01T13:03:03","slug":"jai-envie-de-profiter-tant-que-je-suis-en-bon-etat-la-retraite-progressive-est-desormais-accessible-des-60-ans","status":"publish","type":"post","link":"https:\/\/www.iceagetv.com\/radiosite\/jai-envie-de-profiter-tant-que-je-suis-en-bon-etat-la-retraite-progressive-est-desormais-accessible-des-60-ans\/","title":{"rendered":"J&rsquo;ai envie de profiter tant que je suis en bon \u00e9tat\u00a0\u00bb\u00a0: la retraite progressive est d\u00e9sormais accessible d\u00e8s 60\u00a0ans"},"content":{"rendered":"\n<p class=\"\">Travailler beaucoup moins les derni\u00e8res ann\u00e9es avant la retraite, c&rsquo;est le principe de la retraite progressive.\u00a0<a href=\"https:\/\/www.franceinfo.fr\/economie\/retraite-progressive-des-60-ans-aide-a-la-garde-d-enfants-arrets-maladies-conditions-pour-le-don-du-sang-ce-qui-change-au-1er-septembre_7461241.html\">\u00c0 partir de lundi 1er septembre<\/a>, un d\u00e9cret entre en vigueur pour l&rsquo;autoriser \u00e0 partir de 60\u00a0ans alors que jusqu&rsquo;\u00e0 pr\u00e9sent il fallait attendre 62\u00a0ans. Une condition\u00a0: avoir valid\u00e9 l&rsquo;essentiel de ses trimestres de cotisation (150 trimestres valid\u00e9s sur les 169 \u00e0 172 n\u00e9cessaires pour partir \u00e0 taux plein en fonction de l&rsquo;ann\u00e9e de naissance). Pour la ministre charg\u00e9e du Travail, Astrid Panosyan-Bouvet, c&rsquo;est le moyen de nous faire travailler le plus longtemps possible.\u00c0 la MSA, la s\u00e9curit\u00e9 sociale agricole, de nombreux salari\u00e9s attendaient la mesure avec impatience. Quand elle rentre de vacances il y a quelques semaines, G\u00e9raldine Carta, salari\u00e9e de la MSA de Nevers, dans la Ni\u00e8vre, depuis 24&nbsp;ans, d\u00e9couvre en discutant avec ses coll\u00e8gues que&nbsp;<a href=\"https:\/\/www.franceinfo.fr\/economie\/retraite-progressive-des-60-ans-aide-a-la-garde-d-enfants-arrets-maladies-conditions-pour-le-don-du-sang-ce-qui-change-au-1er-septembre_7461241.html\">l&rsquo;\u00e2ge de la retraite progressive est avanc\u00e9<\/a>. Un soulagement pour elle qui doit travailler un an et demi de plus depuis la r\u00e9forme des retraites.<\/p>\n\n\n\n<p class=\"\">D\u00e8s qu&rsquo;elle f\u00eatera ses 60&nbsp;ans en avril, elle fera la demande.&nbsp;<em>\u00ab\u00a0Tout va tr\u00e8s vite, tout \u00e9volue beaucoup. On nous en demande de plus en plus. \u00c7a commence \u00e0 \u00eatre lourd au fil des ann\u00e9es et \u00e7a commence \u00e0 \u00eatre de plus en plus p\u00e9nible.\u00a0\u00bb<\/em>&nbsp;Elle veut plus de temps pour voyager et profiter de ses petits-enfants. Elle aimerait donc travailler trois jours par semaine pour lesquels elle continuera \u00e0 percevoir son salaire et \u00e0 cotiser pour sa retraite. Les deux autres jours, elle recevra en avance une partie de sa pension.<\/p>\n\n\n\n<h2 class=\"wp-block-heading\">\u00ab\u00a0Profitons-en pendant qu&rsquo;on peut le faire\u00a0\u00bb<\/h2>\n\n\n\n<p class=\"\">\u00c0 400 kilom\u00e8tres, \u00e0 la MSA de Saintes en Charente-Maritime, Val\u00e9rie Tiburce, cadre de 60&nbsp;ans, veut demander exactement la m\u00eame chose.&nbsp;<em>\u00ab\u00a0J&rsquo;ai envie de profiter de mon temps pendant que je suis encore physiquement en bon \u00e9tat de fonctionnement<\/em>, explique Val\u00e9rie Tiburce.<em>&nbsp;J&rsquo;ai \u00e9t\u00e9 touch\u00e9e personnellement par des d\u00e9c\u00e8s de bonne heure, dont mon mari. Donc maintenant, j&rsquo;ai envie de rebondir l\u00e0-dessus aussi et de me dire que \u00e7a peut arriver \u00e0 d&rsquo;autres. Donc profitons-en pendant qu&rsquo;on peut le faire.\u00a0\u00bb&nbsp;<\/em>Val\u00e9rie sait d\u00e9j\u00e0 qu&rsquo;elle va perdre environ 400&nbsp;euros sur son salaire mensuel en passant en retraite progressive mais elle dit qu&rsquo;elle est pr\u00eate \u00e0 faire ce sacrifice.<\/p>\n\n\n\n<p class=\"\">Ces deux t\u00e9moignages sont loin d&rsquo;\u00eatre isol\u00e9s. Le dispositif a beaucoup de succ\u00e8s, assure la CFDT, syndicat majoritaire \u00e0 la MSA. Une mani\u00e8re d&rsquo;att\u00e9nuer les effets de&nbsp;<a href=\"https:\/\/www.franceinfo.fr\/economie\/retraite\/reforme-des-retraites\/reforme-des-retraites-des-amendements-en-pagaille-et-un-climat-electrique-on-vous-resume-les-deux-semaines-de-debat-a-l-assemblee_5664407.html\">la r\u00e9forme des retraites qui a repouss\u00e9 l&rsquo;\u00e2ge l\u00e9gal de d\u00e9part \u00e0 64<\/a>&nbsp;<a href=\"https:\/\/www.franceinfo.fr\/economie\/retraite\/reforme-des-retraites\/reforme-des-retraites-des-amendements-en-pagaille-et-un-climat-electrique-on-vous-resume-les-deux-semaines-de-debat-a-l-assemblee_5664407.html\">ans<\/a>.&nbsp;<em>\u00ab\u00a0Si on les oblige vraiment \u00e0 rester \u00e0 temps plein jusqu&rsquo;au bout alors qu&rsquo;ils sont us\u00e9s \u00e9motionnellement ou intellectuellement, on aura des arr\u00eats de travail<\/em>, explique St\u00e9phanie Chr\u00e9tien, repr\u00e9sentante de la CFDT \u00e0 la s\u00e9curit\u00e9 sociale agricole.&nbsp;<em>Donc on fait peser apr\u00e8s sur le r\u00e9gime maladie quelque chose qui aurait d\u00fb \u00eatre pris par le r\u00e9gime retraite. Donc c&rsquo;est un petit peu le syst\u00e8me des vases communicants qui n&rsquo;est pas satisfaisant.\u00a0\u00bb<\/em><\/p>\n\n\n\n<p class=\"\">Comme G\u00e9raldine et Val\u00e9rie, un peu moins d&rsquo;un salari\u00e9 sur dix est potentiellement concern\u00e9 par la retraite progressive \u00e0 la MSA.<\/p>\n","protected":false},"excerpt":{"rendered":"<p>Travailler beaucoup moins les derni\u00e8res ann\u00e9es avant la retraite, c&rsquo;est le principe de la retraite progressive.\u00a0\u00c0 partir de lundi 1er septembre, un d\u00e9cret entre en vigueur pour l&rsquo;autoriser \u00e0 partir de 60\u00a0ans alors que jusqu&rsquo;\u00e0 pr\u00e9sent il fallait attendre 62\u00a0ans. Une condition\u00a0: avoir valid\u00e9 l&rsquo;essentiel de ses trimestres de cotisation (150 trimestres valid\u00e9s sur les [&hellip;]<\/p>\n","protected":false},"author":2,"featured_media":37694,"comment_status":"open","ping_status":"open","sticky":false,"template":"","format":"standard","meta":{"_jetpack_memberships_contains_paid_content":false,"footnotes":"","jetpack_publicize_message":"","jetpack_publicize_feature_enabled":true,"jetpack_social_post_already_shared":true,"jetpack_social_options":{"image_generator_settings":{"template":"highway","default_image_id":0,"font":"","enabled":true,"token":"eyJpbWciOiJodHRwczpcL1wvd3d3LmljZWFnZXR2LmNvbVwvcmFkaW9zaXRlXC93cC1jb250ZW50XC91cGxvYWRzXC8yMDI1XC8wOVwvbGEtcmV0cmFpdGUtcHJvZ3Jlc3NpdmUtZXN0LWRlc29ybWFpcy1hY2Nlc3NpYmxlLWRlcy02MC1hbnMuanBnIiwidHh0IjoiSiYjODIxNzthaSBlbnZpZSBkZSBwcm9maXRlciB0YW50IHF1ZSBqZSBzdWlzIGVuIGJvbiBcdTAwZTl0YXQmIzgyMjE7XHUwMGEwOiBsYSByZXRyYWl0ZSBwcm9ncmVzc2l2ZSBlc3QgZFx1MDBlOXNvcm1haXMgYWNjZXNzaWJsZSBkXHUwMGU4cyA2MFx1MDBhMGFucyIsInRlbXBsYXRlIjoiaGlnaHdheSIsImZvbnQiOiIiLCJibG9nX2lkIjoxMTEwMTY0NjF9.Q3X_5rv_gBHaYcOCsoAHWNhO1386741G1zTsMgHuOVsMQ"},"version":2},"_wpas_customize_per_network":false},"categories":[405],"tags":[],"class_list":["post-37693","post","type-post","status-publish","format-standard","has-post-thumbnail","hentry","category-actu-france-monde"],"jetpack_publicize_connections":[],"jetpack_featured_media_url":"https:\/\/i0.wp.com\/www.iceagetv.com\/radiosite\/wp-content\/uploads\/2025\/09\/la-retraite-progressive-est-desormais-accessible-des-60-ans.jpg?fit=710%2C402&ssl=1","jetpack_sharing_enabled":true,"_links":{"self":[{"href":"https:\/\/www.iceagetv.com\/radiosite\/wp-json\/wp\/v2\/posts\/37693","targetHints":{"allow":["GET"]}}],"collection":[{"href":"https:\/\/www.iceagetv.com\/radiosite\/wp-json\/wp\/v2\/posts"}],"about":[{"href":"https:\/\/www.iceagetv.com\/radiosite\/wp-json\/wp\/v2\/types\/post"}],"author":[{"embeddable":true,"href":"https:\/\/www.iceagetv.com\/radiosite\/wp-json\/wp\/v2\/users\/2"}],"replies":[{"embeddable":true,"href":"https:\/\/www.iceagetv.com\/radiosite\/wp-json\/wp\/v2\/comments?post=37693"}],"version-history":[{"count":1,"href":"https:\/\/www.iceagetv.com\/radiosite\/wp-json\/wp\/v2\/posts\/37693\/revisions"}],"predecessor-version":[{"id":37695,"href":"https:\/\/www.iceagetv.com\/radiosite\/wp-json\/wp\/v2\/posts\/37693\/revisions\/37695"}],"wp:featuredmedia":[{"embeddable":true,"href":"https:\/\/www.iceagetv.com\/radiosite\/wp-json\/wp\/v2\/media\/37694"}],"wp:attachment":[{"href":"https:\/\/www.iceagetv.com\/radiosite\/wp-json\/wp\/v2\/media?parent=37693"}],"wp:term":[{"taxonomy":"category","embeddable":true,"href":"https:\/\/www.iceagetv.com\/radiosite\/wp-json\/wp\/v2\/categories?post=37693"},{"taxonomy":"post_tag","embeddable":true,"href":"https:\/\/www.iceagetv.com\/radiosite\/wp-json\/wp\/v2\/tags?post=37693"}],"curies":[{"name":"wp","href":"https:\/\/api.w.org\/{rel}","templated":true}]}}