{"id":37697,"date":"2025-09-01T16:34:17","date_gmt":"2025-09-01T14:34:17","guid":{"rendered":"https:\/\/www.iceagetv.com\/radiosite\/?p=37697"},"modified":"2025-09-01T16:34:20","modified_gmt":"2025-09-01T14:34:20","slug":"lavion-de-von-der-leyen-victime-dun-brouillage-gps-en-bulgarie-la-russie-soupconnee","status":"publish","type":"post","link":"https:\/\/www.iceagetv.com\/radiosite\/lavion-de-von-der-leyen-victime-dun-brouillage-gps-en-bulgarie-la-russie-soupconnee\/","title":{"rendered":"L&rsquo;avion de von der Leyen victime d&rsquo;un brouillage GPS en Bulgarie, la Russie soup\u00e7onn\u00e9e"},"content":{"rendered":"\n<p class=\"\"><strong>L&rsquo;avion \u00e0 bord duquel voyageait la pr\u00e9sidente de la Commission europ\u00e9enne Ursula von der Leyen a \u00e9t\u00e9 victime d&rsquo;un \u00ab\u00a0brouillage GPS\u00a0\u00bb, fr\u00e9quents dans cette partie d&rsquo;Europe de l&rsquo;Est, \u00e0 son arriv\u00e9e en Bulgarie dimanche a annonc\u00e9 son \u00e9quipe, affirmant que la Russie \u00e9tait soup\u00e7onn\u00e9e d&rsquo;\u00eatre derri\u00e8re&#8230;<\/strong>\u00ab\u00a0Nous pouvons confirmer qu&rsquo;il y a eu brouillage GPS\u00a0\u00bb, a d\u00e9clar\u00e9 lundi une porte-parole de la cheffe de l&rsquo;ex\u00e9cutif europ\u00e9en, Arianna Podesta.<\/p>\n\n\n\n<p class=\"\">\u00ab\u00a0Les autorit\u00e9s bulgares nous ont inform\u00e9s qu&rsquo;elles soup\u00e7onnaient que cela \u00e9tait d\u00fb \u00e0 une ing\u00e9rence flagrante de la Russie\u00a0\u00bb, a-t-elle ajout\u00e9.<\/p>\n\n\n\n<p class=\"\">L&rsquo;avion a atterri \u00ab\u00a0sans difficult\u00e9\u00a0\u00bb en Bulgarie.<\/p>\n\n\n\n<p class=\"\">\u00ab\u00a0Nous sommes bien s\u00fbr conscients, et habitu\u00e9s d&rsquo;une certaine mani\u00e8re, aux menaces et intimidations qui font partie int\u00e9grante du comportement hostile de la Russie\u00a0\u00bb, a affirm\u00e9 Arianna Podesta.<\/p>\n\n\n\n<p class=\"\">Et l&rsquo;ex\u00e9cutif europ\u00e9en de rappeler que ce type d&rsquo;incident \u00e9tait r\u00e9current en Europe de l&rsquo;Est.<\/p>\n\n\n\n<ul class=\"wp-block-list\">\n<li class=\"\">\u00ab\u00a0Signal GPS disparu\u00a0\u00bb &#8211;<\/li>\n<\/ul>\n\n\n\n<p class=\"\">La pr\u00e9sidente de la Commission a entam\u00e9 vendredi une tourn\u00e9e des pays de l&rsquo;UE frontaliers ou situ\u00e9s non loin du B\u00e9larus et de la Russie pour faire part de la \u00ab\u00a0pleine solidarit\u00e9\u00a0\u00bb de l&rsquo;UE \u00e0 leur \u00e9gard.<\/p>\n\n\n\n<p class=\"\">Son d\u00e9placement en Bulgarie a eu lieu dimanche, apr\u00e8s des \u00e9tapes en Lettonie, en Finlande, en Estonie et en Pologne.<\/p>\n\n\n\n<p class=\"\">\u00ab\u00a0Lors de l&rsquo;approche pour l&rsquo;atterrissage \u00e0 l&rsquo;a\u00e9roport de Plovdiv, le signal GPS a disparu\u00a0\u00bb, a indiqu\u00e9 le gouvernement bulgare.<\/p>\n\n\n\n<p class=\"\">\u00ab\u00a0Afin d&rsquo;assurer la s\u00e9curit\u00e9 du vol, les services de contr\u00f4le a\u00e9rien ont imm\u00e9diatement propos\u00e9 une approche alternative pour l&rsquo;atterrissage \u00e0 l&rsquo;aide de moyens de navigation terrestres\u00a0\u00bb, a-t-il pr\u00e9cis\u00e9.<\/p>\n\n\n\n<p class=\"\">En Bulgarie, Ursula von der Leyen a visit\u00e9 une usine de munitions destin\u00e9es \u00e0 l&rsquo;Ukraine et \u00e0 renforcer la s\u00e9curit\u00e9 du continent europ\u00e9en. Elle est lundi en Lituanie.<\/p>\n\n\n\n<p class=\"\">Les Europ\u00e9ens cherchent par tous les moyens \u00e0 peser dans les discussions sur la s\u00e9curit\u00e9 de l&rsquo;Ukraine et du Vieux continent.<\/p>\n\n\n\n<p class=\"\">D&rsquo;intenses tractations sont en cours parmi les alli\u00e9s de Kiev pour d\u00e9terminer quel type de garanties de s\u00e9curit\u00e9 lui offrir en cas d&rsquo;accord de paix avec Moscou afin de pr\u00e9venir toute nouvelle attaque russe sur ce pays.<\/p>\n\n\n\n<p class=\"\">Celles-ci se sont nettement acc\u00e9l\u00e9r\u00e9es depuis le sommet du 15 ao\u00fbt entre Donald Trump et Vladimir Poutine en Alaska. Qui a \u00e9t\u00e9 suivi d&rsquo;une r\u00e9union \u00e0 la Maison Blanche entre le pr\u00e9sident am\u00e9ricain, son homologue ukrainien Volodymyr Zelensky et sept dirigeants europ\u00e9ens.<\/p>\n\n\n\n<p class=\"\">La semaine derni\u00e8re, des bureaux de l&rsquo;Union europ\u00e9enne \u00e0 Kiev avaient \u00e9t\u00e9 endommag\u00e9s par des frappes russes.<\/p>\n\n\n\n<p class=\"\">La cheffe de la diplomatie europ\u00e9enne Kaja Kallas avait annonc\u00e9 convoquer l&rsquo;ambassadeur russe dans la foul\u00e9e.<\/p>\n\n\n\n<p class=\"\"><\/p>\n","protected":false},"excerpt":{"rendered":"<p>L&rsquo;avion \u00e0 bord duquel voyageait la pr\u00e9sidente de la Commission europ\u00e9enne Ursula von der Leyen a \u00e9t\u00e9 victime d&rsquo;un \u00ab\u00a0brouillage GPS\u00a0\u00bb, fr\u00e9quents dans cette partie d&rsquo;Europe de l&rsquo;Est, \u00e0 son arriv\u00e9e en Bulgarie dimanche a annonc\u00e9 son \u00e9quipe, affirmant que la Russie \u00e9tait soup\u00e7onn\u00e9e d&rsquo;\u00eatre derri\u00e8re&#8230;\u00ab\u00a0Nous pouvons confirmer qu&rsquo;il y a eu brouillage GPS\u00a0\u00bb, a [&hellip;]<\/p>\n","protected":false},"author":2,"featured_media":37698,"comment_status":"open","ping_status":"open","sticky":false,"template":"","format":"standard","meta":{"_jetpack_memberships_contains_paid_content":false,"footnotes":"","jetpack_publicize_message":"","jetpack_publicize_feature_enabled":true,"jetpack_social_post_already_shared":true,"jetpack_social_options":{"image_generator_settings":{"template":"highway","default_image_id":0,"font":"","enabled":true,"token":"eyJpbWciOiJodHRwczpcL1wvd3d3LmljZWFnZXR2LmNvbVwvcmFkaW9zaXRlXC93cC1jb250ZW50XC91cGxvYWRzXC8yMDI1XC8wOVwvODEzX2FjdHVfYWZwLW5ld3NfMTg3ZDkxMWItNGQ3NS00YTJlLWExODAtMTIxMTVjNWIzZGE1LTEwMjR4NDQwLmpwZyIsInR4dCI6IkwmIzgyMTc7YXZpb24gZGUgdm9uIGRlciBMZXllbiB2aWN0aW1lIGQmIzgyMTc7dW4gYnJvdWlsbGFnZSBHUFMgZW4gQnVsZ2FyaWUsIGxhIFJ1c3NpZSBzb3VwXHUwMGU3b25uXHUwMGU5ZSIsInRlbXBsYXRlIjoiaGlnaHdheSIsImZvbnQiOiIiLCJibG9nX2lkIjoxMTEwMTY0NjF9.KO9yZwQbYUNdxcWXtilUolJdQ8Rdjbm3X7nVJ94xbvUMQ"},"version":2},"_wpas_customize_per_network":false},"categories":[405],"tags":[],"class_list":["post-37697","post","type-post","status-publish","format-standard","has-post-thumbnail","hentry","category-actu-france-monde"],"jetpack_publicize_connections":[],"jetpack_featured_media_url":"https:\/\/i0.wp.com\/www.iceagetv.com\/radiosite\/wp-content\/uploads\/2025\/09\/813_actu_afp-news_187d911b-4d75-4a2e-a180-12115c5b3da5.jpg?fit=1280%2C550&ssl=1","jetpack_sharing_enabled":true,"_links":{"self":[{"href":"https:\/\/www.iceagetv.com\/radiosite\/wp-json\/wp\/v2\/posts\/37697","targetHints":{"allow":["GET"]}}],"collection":[{"href":"https:\/\/www.iceagetv.com\/radiosite\/wp-json\/wp\/v2\/posts"}],"about":[{"href":"https:\/\/www.iceagetv.com\/radiosite\/wp-json\/wp\/v2\/types\/post"}],"author":[{"embeddable":true,"href":"https:\/\/www.iceagetv.com\/radiosite\/wp-json\/wp\/v2\/users\/2"}],"replies":[{"embeddable":true,"href":"https:\/\/www.iceagetv.com\/radiosite\/wp-json\/wp\/v2\/comments?post=37697"}],"version-history":[{"count":1,"href":"https:\/\/www.iceagetv.com\/radiosite\/wp-json\/wp\/v2\/posts\/37697\/revisions"}],"predecessor-version":[{"id":37699,"href":"https:\/\/www.iceagetv.com\/radiosite\/wp-json\/wp\/v2\/posts\/37697\/revisions\/37699"}],"wp:featuredmedia":[{"embeddable":true,"href":"https:\/\/www.iceagetv.com\/radiosite\/wp-json\/wp\/v2\/media\/37698"}],"wp:attachment":[{"href":"https:\/\/www.iceagetv.com\/radiosite\/wp-json\/wp\/v2\/media?parent=37697"}],"wp:term":[{"taxonomy":"category","embeddable":true,"href":"https:\/\/www.iceagetv.com\/radiosite\/wp-json\/wp\/v2\/categories?post=37697"},{"taxonomy":"post_tag","embeddable":true,"href":"https:\/\/www.iceagetv.com\/radiosite\/wp-json\/wp\/v2\/tags?post=37697"}],"curies":[{"name":"wp","href":"https:\/\/api.w.org\/{rel}","templated":true}]}}