{"id":37722,"date":"2025-09-02T09:25:58","date_gmt":"2025-09-02T07:25:58","guid":{"rendered":"https:\/\/www.iceagetv.com\/radiosite\/?p=37722"},"modified":"2025-09-02T09:26:02","modified_gmt":"2025-09-02T07:26:02","slug":"rentree-tele-2025-que-faut-il-retenir-des-nouveautes-dhier-soir-de-lea-salame-a-cyril-hanouna-en-passant-par-le-lancement-de-la-nouvelle-chaine-sur-la-tnt-novo19","status":"publish","type":"post","link":"https:\/\/www.iceagetv.com\/radiosite\/rentree-tele-2025-que-faut-il-retenir-des-nouveautes-dhier-soir-de-lea-salame-a-cyril-hanouna-en-passant-par-le-lancement-de-la-nouvelle-chaine-sur-la-tnt-novo19\/","title":{"rendered":"Rentr\u00e9e t\u00e9l\u00e9 2025 : Que faut-il retenir des nouveaut\u00e9s d&rsquo;hier soir, de L\u00e9a Salam\u00e9 \u00e0 Cyril Hanouna en passant par le lancement de la nouvelle cha\u00eene sur la TNT, Novo19 ?"},"content":{"rendered":"\n<p class=\"\">L\u00e9a Salam\u00e9 \u00e0 l&rsquo;aise au 20h de France 2 avec une ligne \u00e9ditoriale modifi\u00e9e incluant plus de faits divers et de proximit\u00e9&#8230; Cyril Hanouna en grande forme pour un \u00ab\u00a0TPMP\u00a0\u00bb new look sur W9 et qui ose parler de politique&#8230; Le lancement de Novo19, nouvelle cha\u00eene de la TNT, qui ressemble parfois \u00e0 une \u00e9cole de journalisme&#8230; Voil\u00e0 ce que&nbsp;<strong>jeanmarcmorandini.com<\/strong>&nbsp;retient en trois phrases de cette rentr\u00e9e t\u00e9l\u00e9, tr\u00e8s riche en ce mois de septembre 2025..<\/p>\n\n\n\n<p class=\"\"><strong>La \u00ab\u00a0nouvelle page\u00a0\u00bb de L\u00e9a Salam\u00e9 au 20H de France 2<\/strong><\/p>\n\n\n\n<p class=\"\">L\u00e9a Salam\u00e9 a pr\u00e9sent\u00e9 lundi soir son tout premier journal t\u00e9l\u00e9vis\u00e9 sur France 2, se disant \u00ab\u00a0tr\u00e8s heureuse d&rsquo;\u00e9crire cette nouvelle page\u00a0\u00bb. Dans une br\u00e8ve adresse aux t\u00e9l\u00e9spectateurs, l&rsquo;ex-star de France Inter s&rsquo;est \u00e9galement engag\u00e9e \u00e0 \u00ab\u00a0d\u00e9crypter l&rsquo;actualit\u00e9\u00a0\u00bb et \u00e0 \u00ab\u00a0essayer (&#8230;) de comprendre le monde tel qu&rsquo;il va\u00a0\u00bb avant de d\u00e9cliner les titres, visiblement \u00e0 l&rsquo;aise.<\/p>\n\n\n\n<p class=\"\">Pilier de la matinale de France Inter, L\u00e9a Salam\u00e9 avait annonc\u00e9 mi-juin son d\u00e9part surprise de la radio publique pour prendre les manettes du 20H de France 2, en remplacement d&rsquo;Anne-Sophie Lapix.<\/p>\n\n\n\n<p class=\"\">\u00ab\u00a0Merci \u00e0 vous d&rsquo;avoir suivi cette premi\u00e8re pour moi\u00a0\u00bb, a-t-elle lanc\u00e9 \u00e0 la fin du JT.<\/p>\n\n\n\n<p class=\"\">La journaliste de 45 ans, dont l&rsquo;arriv\u00e9e aux manettes du 20H a \u00e9lectris\u00e9 la rentr\u00e9e t\u00e9l\u00e9, devra tenter de combler l&rsquo;\u00e9cart d&rsquo;audience qui s&rsquo;est creus\u00e9 avec le JT de TF1 pr\u00e9sent\u00e9 par Gilles Bouleau. Elle conserve par ailleurs son talk-show hebdomadaire du samedi soir \u00ab\u00a0Quelle \u00e9poque!\u00a0\u00bb.<\/p>\n\n\n\n<p class=\"\">Compagne d&rsquo;un des leaders de la gauche Rapha\u00ebl Glucksmann, L\u00e9a Salam\u00e9 a promis de se retirer de l&rsquo;antenne si son conjoint se lan\u00e7ait dans la course \u00e0 l&rsquo;Elys\u00e9e.&nbsp;<\/p>\n\n\n\n<p class=\"\"><strong>Cyril Hanouna en grande forme et en vrai direct sur W9<\/strong><\/p>\n\n\n\n<p class=\"\">\u00ab\u00a0On est chauds\u00a0\u00bb et \u00ab\u00a0\u00e7a va \u00eatre la folie\u00a0\u00bb: l&rsquo;animateur Cyril Hanouna a fait son retour t\u00e9l\u00e9vis\u00e9 en fin d&rsquo;apr\u00e8s-midi, dans \u00ab\u00a0Tout beau tout 9\u00a0\u00bb sur W9. Applaudi par des spectateurs mass\u00e9s derri\u00e8re des grilles, la star du PAF a d&rsquo;abord foul\u00e9 un tapis rouge \u00e0 l&rsquo;ext\u00e9rieur des studios.<\/p>\n\n\n\n<p class=\"\">\u00ab\u00a0Les ch\u00e9ris, vous m&rsquo;avez manqu\u00e9\u00a0\u00bb, a lanc\u00e9 l&rsquo;ex-vedette de la galaxie Bollor\u00e9, apr\u00e8s plusieurs mois de relative di\u00e8te m\u00e9diatique.<\/p>\n\n\n\n<p class=\"\">Le groupe M6 auquel appartient W9 a demand\u00e9 au roi du clash de privil\u00e9gier le divertissement et d&rsquo;\u00e9viter les sujets politiques et pol\u00e9miques qu&rsquo;il abordait dans son ancienne \u00e9mission \u00ab\u00a0TPMP\u00a0\u00bb sur la cha\u00eene C8.<\/p>\n\n\n\n<p class=\"\">Promettant au d\u00e9but de ces trois heures d&rsquo;\u00e9mission, dans un sourire, \u00ab\u00a0sobri\u00e9t\u00e9\u00a0\u00bb et \u00ab\u00a0humilit\u00e9\u00a0\u00bb, Cyril Hanouna a, sur un plateau flambant neuf, charri\u00e9 ses chroniqueurs et d\u00e9ploy\u00e9 humour potache et vocabulaire fleuri, en retenant parfois ses coups.<\/p>\n\n\n\n<p class=\"\">\u00ab\u00a0Ne me demandez pas mon avis, je ne suis pas l\u00e0 pour \u00e7a\u00a0\u00bb, a-t-il notamment l\u00e2ch\u00e9 devant sa vingtaine de chroniqueurs dont nombre d&rsquo;anciens de C8 et des nouveaux venu comme l&rsquo;ex-ministre Marl\u00e8ne Schiappa.<\/p>\n\n\n\n<p class=\"\">Le patron de M6, David Larramendy, qui a frapp\u00e9 fort avec ce recrutement, esp\u00e8re retrouver les audiences de TPMP qui rassemblait quelque 2 millions de t\u00e9l\u00e9spectateurs.<\/p>\n\n\n\n<p class=\"\">D\u00e8s aujourd&rsquo;hui, le trublion du PAF aura un autre pied dans le groupe, avec \u00ab\u00a0Tout beau tout fun\u00a0\u00bb, sur Fun Radio de 15H00 \u00e0 18H00, et cumulera au total pr\u00e8s de six heures d&rsquo;antenne chaque jour.<\/p>\n\n\n\n<p class=\"\"><strong>Premiers pas de NOVO19, \u00ab\u00a0la cha\u00eene des territoires\u00a0\u00bb<\/strong><\/p>\n\n\n\n<p class=\"\">\u00ab\u00a0Bienvenue chez vous !\u00a0\u00bb: avec un JT de 15 minutes en direct de Rennes et un talk-show anim\u00e9 depuis \u00e0 Paris, NOVO19, la nouvelle cha\u00eene du groupe Ouest-France, a \u00e9t\u00e9 lanc\u00e9e \u00e0 18H avec l&rsquo;ambition de donner la parole aux \u00ab\u00a0territoires\u00a0\u00bb.<\/p>\n\n\n\n<p class=\"\">Apr\u00e8s un d\u00e9compte \u00e9gren\u00e9 au si\u00e8ge du journal \u00e0 Rennes, la pr\u00e9sentatrice vedette de la cha\u00eene Claire Arnoux, \u00ab\u00a0tr\u00e8s \u00e9mue\u00a0\u00bb, a pris la parole pour vanter cette nouvelle cha\u00eene \u00ab\u00a0qui partage les vraies histoires\u00a0\u00bb et \u00ab\u00a0s&rsquo;int\u00e9resse \u00e0 votre quotidien\u00a0\u00bb.<\/p>\n\n\n\n<p class=\"\">Dix minutes plus tard s&rsquo;ouvrait le JT quotidien de 15 min pr\u00e9sent\u00e9 depuis le studio flambant neuf de Rennes par Martin Cangelosi, ancien journaliste de BFMTV et i-T\u00e9l\u00e9.<\/p>\n\n\n\n<p class=\"\">Lanc\u00e9e par le groupe Ouest-France, la nouvelle cha\u00eene g\u00e9n\u00e9raliste esp\u00e8re prendre sa part des audiences, avec un objectif de 2% des 25-49 ans.<\/p>\n\n\n\n<p class=\"\">La naissance de NOVO19, comme celle de la cha\u00eene T18 en juin, d\u00e9coule de l&rsquo;arr\u00eat d\u00e9but 2025 de C8 et NRJ 12, non-reconduites par l&rsquo;Arcom, r\u00e9gulateur de l&rsquo;audiovisuel.<\/p>\n","protected":false},"excerpt":{"rendered":"<p>L\u00e9a Salam\u00e9 \u00e0 l&rsquo;aise au 20h de France 2 avec une ligne \u00e9ditoriale modifi\u00e9e incluant plus de faits divers et de proximit\u00e9&#8230; Cyril Hanouna en grande forme pour un \u00ab\u00a0TPMP\u00a0\u00bb new look sur W9 et qui ose parler de politique&#8230; Le lancement de Novo19, nouvelle cha\u00eene de la TNT, qui ressemble parfois \u00e0 une \u00e9cole [&hellip;]<\/p>\n","protected":false},"author":2,"featured_media":37723,"comment_status":"open","ping_status":"open","sticky":false,"template":"","format":"standard","meta":{"_jetpack_memberships_contains_paid_content":false,"footnotes":"","jetpack_publicize_message":"","jetpack_publicize_feature_enabled":true,"jetpack_social_post_already_shared":true,"jetpack_social_options":{"image_generator_settings":{"template":"highway","default_image_id":0,"font":"","enabled":true,"token":"eyJpbWciOiJodHRwczpcL1wvd3d3LmljZWFnZXR2LmNvbVwvcmFkaW9zaXRlXC93cC1jb250ZW50XC91cGxvYWRzXC8yMDI1XC8wOVwvTUJuZzV0MkQuanBnIiwidHh0IjoiUmVudHJcdTAwZTllIHRcdTAwZTlsXHUwMGU5IDIwMjUgOiBRdWUgZmF1dC1pbCByZXRlbmlyIGRlcyBub3V2ZWF1dFx1MDBlOXMgZCYjODIxNztoaWVyIHNvaXIsIGRlIExcdTAwZTlhIFNhbGFtXHUwMGU5IFx1MDBlMCBDeXJpbCBIYW5vdW5hIGVuIHBhc3NhbnQgcGFyIGxlIGxhbmNlbWVudCBkZSBsYSBub3V2ZWxsZSBjaGFcdTAwZWVuZSBzdXIgbGEgVE5ULCBOb3ZvMTkgPyIsInRlbXBsYXRlIjoiaGlnaHdheSIsImZvbnQiOiIiLCJibG9nX2lkIjoxMTEwMTY0NjF9.5mYB_hgSpiKqY9az839yReQfSIBsq0HbRiUj0OhTqq0MQ"},"version":2},"_wpas_customize_per_network":false},"categories":[68],"tags":[],"class_list":["post-37722","post","type-post","status-publish","format-standard","has-post-thumbnail","hentry","category-actu-culturelle"],"jetpack_publicize_connections":[],"jetpack_featured_media_url":"https:\/\/i0.wp.com\/www.iceagetv.com\/radiosite\/wp-content\/uploads\/2025\/09\/MBng5t2D.jpg?fit=679%2C293&ssl=1","jetpack_sharing_enabled":true,"_links":{"self":[{"href":"https:\/\/www.iceagetv.com\/radiosite\/wp-json\/wp\/v2\/posts\/37722","targetHints":{"allow":["GET"]}}],"collection":[{"href":"https:\/\/www.iceagetv.com\/radiosite\/wp-json\/wp\/v2\/posts"}],"about":[{"href":"https:\/\/www.iceagetv.com\/radiosite\/wp-json\/wp\/v2\/types\/post"}],"author":[{"embeddable":true,"href":"https:\/\/www.iceagetv.com\/radiosite\/wp-json\/wp\/v2\/users\/2"}],"replies":[{"embeddable":true,"href":"https:\/\/www.iceagetv.com\/radiosite\/wp-json\/wp\/v2\/comments?post=37722"}],"version-history":[{"count":1,"href":"https:\/\/www.iceagetv.com\/radiosite\/wp-json\/wp\/v2\/posts\/37722\/revisions"}],"predecessor-version":[{"id":37724,"href":"https:\/\/www.iceagetv.com\/radiosite\/wp-json\/wp\/v2\/posts\/37722\/revisions\/37724"}],"wp:featuredmedia":[{"embeddable":true,"href":"https:\/\/www.iceagetv.com\/radiosite\/wp-json\/wp\/v2\/media\/37723"}],"wp:attachment":[{"href":"https:\/\/www.iceagetv.com\/radiosite\/wp-json\/wp\/v2\/media?parent=37722"}],"wp:term":[{"taxonomy":"category","embeddable":true,"href":"https:\/\/www.iceagetv.com\/radiosite\/wp-json\/wp\/v2\/categories?post=37722"},{"taxonomy":"post_tag","embeddable":true,"href":"https:\/\/www.iceagetv.com\/radiosite\/wp-json\/wp\/v2\/tags?post=37722"}],"curies":[{"name":"wp","href":"https:\/\/api.w.org\/{rel}","templated":true}]}}