{"id":37728,"date":"2025-09-02T13:02:37","date_gmt":"2025-09-02T11:02:37","guid":{"rendered":"https:\/\/www.iceagetv.com\/radiosite\/?p=37728"},"modified":"2025-09-02T13:02:41","modified_gmt":"2025-09-02T11:02:41","slug":"lacteur-gerard-depardieu-est-renvoye-devant-la-cour-criminelle-de-paris-pour-viols-sur-la-comedienne-charlotte-arnould","status":"publish","type":"post","link":"https:\/\/www.iceagetv.com\/radiosite\/lacteur-gerard-depardieu-est-renvoye-devant-la-cour-criminelle-de-paris-pour-viols-sur-la-comedienne-charlotte-arnould\/","title":{"rendered":"L&rsquo;acteur G\u00e9rard Depardieu est renvoy\u00e9 devant la cour criminelle de Paris pour viols sur la com\u00e9dienne Charlotte Arnould"},"content":{"rendered":"\n<p class=\"\">L&rsquo;acteur G\u00e9rard Depardieu&nbsp;est renvoy\u00e9 devant la cour criminelle de Paris pour viols sur la jeune com\u00e9dienne Charlotte Arnould, selon&nbsp;<a href=\"https:\/\/www.franceinfo.fr\/culture\/cinema\/depardieu\/info-franceinfo-affaire-gerard-depardieu-l-acteur-est-renvoye-devant-la-cour-criminelle-de-paris-pour-viols-sur-la-comedienne-charlotte-arnould_7468672.html\" target=\"_blank\" rel=\"noreferrer noopener\">Franceinfo<\/a>. Une d\u00e9cision prise par le juge d&rsquo;instruction qui a rendu son ordonnance&nbsp;de mise en accusation cons\u00e9cutive aux confirmations de r\u00e9quisitions du parquet de Paris,&nbsp;fin juillet dernier.&nbsp;<\/p>\n\n\n\n<p class=\"\">\u00ab\u00a0Cette ordonnance reprend les \u00e9l\u00e9ments du dossier qui s&rsquo;appuient notamment sur la vid\u00e9osurveillance \u00e0 l&rsquo;int\u00e9rieur du domicile de G\u00e9rard Depardieu et sur les r\u00e9actions imm\u00e9diates de Charlotte Arnould qui, rapidement apr\u00e8s les faits, s&rsquo;\u00e9tait confi\u00e9e \u00e0 son entourage et s&rsquo;\u00e9tait rendue chez un gyn\u00e9cologue\u00a0\u00bb, pr\u00e9cisent nos confr\u00e8res.&nbsp;<\/p>\n\n\n\n<p class=\"\">En juillet dernier, le parquet de Paris avait de nouveau requis contre l&rsquo;acteur G\u00e9rard Depardieu un proc\u00e8s pour viols et agressions sexuelles sur la com\u00e9dienne Charlotte Arnould, apr\u00e8s de premi\u00e8res r\u00e9quisitions en ce sens en ao\u00fbt 2024 qui n&rsquo;\u00e9taient plus valides pour raisons proc\u00e9durales. L\u2019avocat de G\u00e9rard Depardieu, J\u00e9r\u00e9mie Assous, estimait en juillet que \u00ab\u00a0le non-lieu s&rsquo;impose\u00a0\u00bb.<\/p>\n\n\n\n<p class=\"\">D&rsquo;apr\u00e8s lui, \u00ab\u00a0les vid\u00e9os de surveillance prouvent qu&rsquo;il n&rsquo;y a eu aucune agression: on voit (Mme Arnould) embrasser pendant plus de quarante secondes, monter l&rsquo;escalier qui m\u00e8ne \u00e0 la chambre, et y monter seule, en souriant. Elle lui \u00e9crit le lendemain de sa visite qu&rsquo;elle l&rsquo;aime, et qu&rsquo;elle n&rsquo;est jamais aussi bien que dans ses bras\u00a0\u00bb.<\/p>\n","protected":false},"excerpt":{"rendered":"<p>L&rsquo;acteur G\u00e9rard Depardieu&nbsp;est renvoy\u00e9 devant la cour criminelle de Paris pour viols sur la jeune com\u00e9dienne Charlotte Arnould, selon&nbsp;Franceinfo. Une d\u00e9cision prise par le juge d&rsquo;instruction qui a rendu son ordonnance&nbsp;de mise en accusation cons\u00e9cutive aux confirmations de r\u00e9quisitions du parquet de Paris,&nbsp;fin juillet dernier.&nbsp; \u00ab\u00a0Cette ordonnance reprend les \u00e9l\u00e9ments du dossier qui s&rsquo;appuient notamment [&hellip;]<\/p>\n","protected":false},"author":2,"featured_media":37729,"comment_status":"open","ping_status":"open","sticky":false,"template":"","format":"standard","meta":{"_jetpack_memberships_contains_paid_content":false,"footnotes":"","jetpack_publicize_message":"","jetpack_publicize_feature_enabled":true,"jetpack_social_post_already_shared":true,"jetpack_social_options":{"image_generator_settings":{"template":"highway","default_image_id":0,"font":"","enabled":true,"token":"eyJpbWciOiJodHRwczpcL1wvd3d3LmljZWFnZXR2LmNvbVwvcmFkaW9zaXRlXC93cC1jb250ZW50XC91cGxvYWRzXC8yMDI1XC8wOVwvWE1NR3BvTTEuanBnIiwidHh0IjoiTCYjODIxNzthY3RldXIgR1x1MDBlOXJhcmQgRGVwYXJkaWV1IGVzdCByZW52b3lcdTAwZTkgZGV2YW50IGxhIGNvdXIgY3JpbWluZWxsZSBkZSBQYXJpcyBwb3VyIHZpb2xzIHN1ciBsYSBjb21cdTAwZTlkaWVubmUgQ2hhcmxvdHRlIEFybm91bGQiLCJ0ZW1wbGF0ZSI6ImhpZ2h3YXkiLCJmb250IjoiIiwiYmxvZ19pZCI6MTExMDE2NDYxfQ.hboXHFB9bqtJkGONW9YaPHkRGA3SXw5jRxr67mJiR4gMQ"},"version":2},"_wpas_customize_per_network":false},"categories":[405],"tags":[],"class_list":["post-37728","post","type-post","status-publish","format-standard","has-post-thumbnail","hentry","category-actu-france-monde"],"jetpack_publicize_connections":[],"jetpack_featured_media_url":"https:\/\/i0.wp.com\/www.iceagetv.com\/radiosite\/wp-content\/uploads\/2025\/09\/XMMGpoM1.jpg?fit=679%2C293&ssl=1","jetpack_sharing_enabled":true,"_links":{"self":[{"href":"https:\/\/www.iceagetv.com\/radiosite\/wp-json\/wp\/v2\/posts\/37728","targetHints":{"allow":["GET"]}}],"collection":[{"href":"https:\/\/www.iceagetv.com\/radiosite\/wp-json\/wp\/v2\/posts"}],"about":[{"href":"https:\/\/www.iceagetv.com\/radiosite\/wp-json\/wp\/v2\/types\/post"}],"author":[{"embeddable":true,"href":"https:\/\/www.iceagetv.com\/radiosite\/wp-json\/wp\/v2\/users\/2"}],"replies":[{"embeddable":true,"href":"https:\/\/www.iceagetv.com\/radiosite\/wp-json\/wp\/v2\/comments?post=37728"}],"version-history":[{"count":1,"href":"https:\/\/www.iceagetv.com\/radiosite\/wp-json\/wp\/v2\/posts\/37728\/revisions"}],"predecessor-version":[{"id":37730,"href":"https:\/\/www.iceagetv.com\/radiosite\/wp-json\/wp\/v2\/posts\/37728\/revisions\/37730"}],"wp:featuredmedia":[{"embeddable":true,"href":"https:\/\/www.iceagetv.com\/radiosite\/wp-json\/wp\/v2\/media\/37729"}],"wp:attachment":[{"href":"https:\/\/www.iceagetv.com\/radiosite\/wp-json\/wp\/v2\/media?parent=37728"}],"wp:term":[{"taxonomy":"category","embeddable":true,"href":"https:\/\/www.iceagetv.com\/radiosite\/wp-json\/wp\/v2\/categories?post=37728"},{"taxonomy":"post_tag","embeddable":true,"href":"https:\/\/www.iceagetv.com\/radiosite\/wp-json\/wp\/v2\/tags?post=37728"}],"curies":[{"name":"wp","href":"https:\/\/api.w.org\/{rel}","templated":true}]}}