{"id":37744,"date":"2025-09-03T11:16:14","date_gmt":"2025-09-03T09:16:14","guid":{"rendered":"https:\/\/www.iceagetv.com\/radiosite\/?p=37744"},"modified":"2025-09-03T11:16:19","modified_gmt":"2025-09-03T09:16:19","slug":"francois-bayrou-veut-durcir-lacces-a-laide-medicale-detat-qui-sont-les-principaux-concernes","status":"publish","type":"post","link":"https:\/\/www.iceagetv.com\/radiosite\/francois-bayrou-veut-durcir-lacces-a-laide-medicale-detat-qui-sont-les-principaux-concernes\/","title":{"rendered":"Fran\u00e7ois Bayrou veut durcir l&rsquo;acc\u00e8s \u00e0 l&rsquo;Aide m\u00e9dicale d&rsquo;\u00c9tat : qui sont les principaux concern\u00e9s\u00a0?"},"content":{"rendered":"\n<p class=\"\">Depuis plusieurs ann\u00e9es, le dispositif est au c\u0153ur des d\u00e9bats. D\u00e9sormais,&nbsp;<a href=\"https:\/\/actu.fr\/tag\/francois-bayrou\">Fran\u00e7ois Bayrou<\/a>&nbsp;veut s\u2019y attaquer. Invit\u00e9 sur BFMTV ce mercredi 3 septembre, le Premier ministre a confirm\u00e9 vouloir&nbsp;<strong>durcir les conditions d\u2019acc\u00e8s \u00e0 l\u2019Aide m\u00e9dicale d\u2019\u00c9tat<\/strong>&nbsp;(AME), un sujet cher \u00e0 la droite et l\u2019extr\u00eame-droite.&nbsp;<\/p>\n\n\n\n<p class=\"\">\u00ab&nbsp;C\u2019est une mesure de bon sens. Quand vous demandez des efforts aux Fran\u00e7ais, il n\u2019est pas possible que le sentiment que les Fran\u00e7ais \u00e9prouvent, c\u2019est qu\u2019eux doivent faire des efforts et que les \u00e9trangers [\u2026] n\u2019y soient pas associ\u00e9s&nbsp;\u00bb, a-t-il d\u00e9clar\u00e9 au micro d\u2019Apolline de Malherbe.&nbsp;<\/p>\n\n\n\n<p class=\"\">Pour rappel, l\u2019AME est un \u00ab\u00a0dispositif permettant aux\u00a0<strong>\u00e9trangers en situation irr\u00e9guli\u00e8re de b\u00e9n\u00e9ficier d\u2019un acc\u00e8s aux soins<\/strong>\u00ab\u00a0, explique le\u00a0<a href=\"https:\/\/www.service-public.fr\/particuliers\/vosdroits\/F3079\">portail Service-Public.fr<\/a>. \u00ab\u00a0Elle permet d\u2019\u00eatre dispens\u00e9 de l\u2019avance des frais. Elle est attribu\u00e9e sous conditions de r\u00e9sidence et de ressources.\u00a0\u00bbCheval de bataille de l\u2019extr\u00eame-droite<\/p>\n\n\n\n<p class=\"\">Et \u00e0 six jours du&nbsp;<a href=\"https:\/\/actu.fr\/politique\/vote-de-confiance-pourquoi-ca-ne-sent-pas-bon-du-tout-pour-francois-bayrou-et-son-gouvernement_63076484.html\">p\u00e9rilleux vote de confiance<\/a>&nbsp;demand\u00e9 par Fran\u00e7ois Bayrou, le gouvernement entend revoir les conditions d\u2019acc\u00e8s et les ressources pour b\u00e9n\u00e9ficier de l\u2019AME, mais aussi r\u00e9duire la liste des soins de sant\u00e9 pris en charge. M\u00eame si le devenir de ces dispositions reste \u00e0 ce stade tr\u00e8s incertain en raison de la probable chute lundi du Premier ministre.&nbsp;<\/p>\n\n\n\n<p class=\"\">Le minist\u00e8re de la Sant\u00e9 a assur\u00e9 \u00e0 l\u2019AFP que \u00ab&nbsp;les&nbsp;<strong>mesures propos\u00e9es ne remettent nullement en cause le dispositif de l\u2019AME<\/strong>, mais constituent des ajustements conformes aux recommandations du rapport Evin-St\u00e9fanini&nbsp;\u00bb.<\/p>\n\n\n\n<p class=\"\">Fin 2023, ce rapport command\u00e9 \u00e0 l\u2019ancien ministre socialiste Claude Evin et au haut-fonctionnaire LR Patrick Stefanini en 2023 avait globalement d\u00e9fendu l\u2019AME. Tout en pr\u00e9conisant quelques adaptations concernant notamment la liste des prestations \u00e0 ne plus accorder automatiquement ou la prise en compte des ressources de l\u2019ensemble du foyer du demandeur pour y avoir acc\u00e8s.<\/p>\n\n\n\n<p class=\"\">R\u00e9former l\u2019AME est un cheval de bataille tant du Rassemblement national, dont les dirigeants ont demand\u00e9 mardi une \u00ab\u00a0dissolution ultra-rapide\u00a0\u00bb apr\u00e8s avoir \u00e9t\u00e9 re\u00e7us \u00e0 Matignon, que du ministre de l\u2019Int\u00e9rieur, le chef des R\u00e9publicains Bruno RetailleauSoumettre \u00e0 accord pr\u00e9alable&nbsp;\u00bb<\/p>\n\n\n\n<p class=\"\">L\u2019Aide m\u00e9dicale d\u2019\u00c9tat (AME) permet aux \u00e9trangers en situation irr\u00e9guli\u00e8re et \u00e0 revenus tr\u00e8s faibles d\u2019avoir une couverture \u00e0 100% pour leurs soins m\u00e9dicaux. Si elle est dans le&nbsp;<a href=\"https:\/\/actu.fr\/politique\/immigration-changement-de-cap-le-gouvernement-veut-geler-les-credits-de-l-aide-medicale-d-etat_61741082.html\">collimateur de l\u2019extr\u00eame-droite et de la droite<\/a>, le monde de la sant\u00e9 la d\u00e9fend fermement au nom de la sant\u00e9 publique.<\/p>\n\n\n\n<p class=\"\">En 2024, l\u2019AME a repr\u00e9sent\u00e9 une d\u00e9pense de&nbsp;<strong>1,2 milliard d\u2019euros par l\u2019\u00c9tat<\/strong>, ce qui repr\u00e9sente environ 0,5% des d\u00e9penses de sant\u00e9 pr\u00e9vues par le budget de la S\u00e9cu (PLFSS).<\/p>\n\n\n\n<p class=\"\">Dans le d\u00e9tail, avec ces nouveaux d\u00e9crets soumis mardi pour avis au conseil de la Caisse nationale d\u2019assurance maladie (Cnam), le gouvernement souhaite notamment exclure la baln\u00e9oth\u00e9rapie du panier de soins pris en charge par l\u2019AME.&nbsp;<\/p>\n\n\n\n<p class=\"\">Il veut aussi \u00ab&nbsp;soumettre \u00e0 accord pr\u00e9alable&nbsp;\u00bb&nbsp;<strong>certains soins aujourd\u2019hui accessibles sans cette condition<\/strong>&nbsp;apr\u00e8s neuf mois de pr\u00e9sence sur le territoire : certains actes de masso-kin\u00e9sith\u00e9rapie, les lunettes, les audioproth\u00e8ses, les soins proth\u00e9tiques dentaires et les transports sanitaires pour des soins programm\u00e9s non urgents en ville, indique le minist\u00e8re.<\/p>\n\n\n\n<p class=\"\">Un autre d\u00e9cret vise \u00e0 une r\u00e9vision des pi\u00e8ces justificatives constituant le dossier de demande d\u2019AME. Serait demand\u00e9e \u00ab&nbsp;la pr\u00e9sentation de documents d\u2019identit\u00e9 comportant une photographie&nbsp;\u00bb, selon le minist\u00e8re.<\/p>\n","protected":false},"excerpt":{"rendered":"<p>Depuis plusieurs ann\u00e9es, le dispositif est au c\u0153ur des d\u00e9bats. D\u00e9sormais,&nbsp;Fran\u00e7ois Bayrou&nbsp;veut s\u2019y attaquer. Invit\u00e9 sur BFMTV ce mercredi 3 septembre, le Premier ministre a confirm\u00e9 vouloir&nbsp;durcir les conditions d\u2019acc\u00e8s \u00e0 l\u2019Aide m\u00e9dicale d\u2019\u00c9tat&nbsp;(AME), un sujet cher \u00e0 la droite et l\u2019extr\u00eame-droite.&nbsp; \u00ab&nbsp;C\u2019est une mesure de bon sens. Quand vous demandez des efforts aux Fran\u00e7ais, [&hellip;]<\/p>\n","protected":false},"author":2,"featured_media":37746,"comment_status":"open","ping_status":"open","sticky":false,"template":"","format":"standard","meta":{"_jetpack_memberships_contains_paid_content":false,"footnotes":"","jetpack_publicize_message":"","jetpack_publicize_feature_enabled":true,"jetpack_social_post_already_shared":true,"jetpack_social_options":{"image_generator_settings":{"template":"highway","default_image_id":0,"font":"","enabled":true,"token":"eyJpbWciOiJodHRwczpcL1wvd3d3LmljZWFnZXR2LmNvbVwvcmFkaW9zaXRlXC93cC1jb250ZW50XC91cGxvYWRzXC8yMDI1XC8wOVwvNTU0NGEzNGMtN2E2ZC0zZjg5LTg4MjYtZGViOWViZGUxYjY5LTk2MHg2NDAtMS5qcGVnIiwidHh0IjoiRnJhblx1MDBlN29pcyBCYXlyb3UgdmV1dCBkdXJjaXIgbCYjODIxNzthY2NcdTAwZThzIFx1MDBlMCBsJiM4MjE3O0FpZGUgbVx1MDBlOWRpY2FsZSBkJiM4MjE3O1x1MDBjOXRhdCA6IHF1aSBzb250IGxlcyBwcmluY2lwYXV4IGNvbmNlcm5cdTAwZTlzXHUwMGEwPyIsInRlbXBsYXRlIjoiaGlnaHdheSIsImZvbnQiOiIiLCJibG9nX2lkIjoxMTEwMTY0NjF9.QQyMseWQEF48pvtAiU-SuGMTs9zcE9yLXL8yuV-GcdsMQ"},"version":2},"_wpas_customize_per_network":false},"categories":[405],"tags":[],"class_list":["post-37744","post","type-post","status-publish","format-standard","has-post-thumbnail","hentry","category-actu-france-monde"],"jetpack_publicize_connections":[],"jetpack_featured_media_url":"https:\/\/i0.wp.com\/www.iceagetv.com\/radiosite\/wp-content\/uploads\/2025\/09\/5544a34c-7a6d-3f89-8826-deb9ebde1b69-960x640-1.jpeg?fit=960%2C640&ssl=1","jetpack_sharing_enabled":true,"_links":{"self":[{"href":"https:\/\/www.iceagetv.com\/radiosite\/wp-json\/wp\/v2\/posts\/37744","targetHints":{"allow":["GET"]}}],"collection":[{"href":"https:\/\/www.iceagetv.com\/radiosite\/wp-json\/wp\/v2\/posts"}],"about":[{"href":"https:\/\/www.iceagetv.com\/radiosite\/wp-json\/wp\/v2\/types\/post"}],"author":[{"embeddable":true,"href":"https:\/\/www.iceagetv.com\/radiosite\/wp-json\/wp\/v2\/users\/2"}],"replies":[{"embeddable":true,"href":"https:\/\/www.iceagetv.com\/radiosite\/wp-json\/wp\/v2\/comments?post=37744"}],"version-history":[{"count":1,"href":"https:\/\/www.iceagetv.com\/radiosite\/wp-json\/wp\/v2\/posts\/37744\/revisions"}],"predecessor-version":[{"id":37747,"href":"https:\/\/www.iceagetv.com\/radiosite\/wp-json\/wp\/v2\/posts\/37744\/revisions\/37747"}],"wp:featuredmedia":[{"embeddable":true,"href":"https:\/\/www.iceagetv.com\/radiosite\/wp-json\/wp\/v2\/media\/37746"}],"wp:attachment":[{"href":"https:\/\/www.iceagetv.com\/radiosite\/wp-json\/wp\/v2\/media?parent=37744"}],"wp:term":[{"taxonomy":"category","embeddable":true,"href":"https:\/\/www.iceagetv.com\/radiosite\/wp-json\/wp\/v2\/categories?post=37744"},{"taxonomy":"post_tag","embeddable":true,"href":"https:\/\/www.iceagetv.com\/radiosite\/wp-json\/wp\/v2\/tags?post=37744"}],"curies":[{"name":"wp","href":"https:\/\/api.w.org\/{rel}","templated":true}]}}