{"id":37766,"date":"2025-09-03T20:17:09","date_gmt":"2025-09-03T18:17:09","guid":{"rendered":"https:\/\/www.iceagetv.com\/radiosite\/?p=37766"},"modified":"2025-09-03T20:17:13","modified_gmt":"2025-09-03T18:17:13","slug":"scene-surrealiste-au-lycee-paul-langevin-de-martigues-quand-un-prof-a-sorti-un-couteau-et-a-attaque-un-de-ses-collegues-en-le-poignardant-en-deux-reprises-letablissement-a-ete-evacue-et-ferme","status":"publish","type":"post","link":"https:\/\/www.iceagetv.com\/radiosite\/scene-surrealiste-au-lycee-paul-langevin-de-martigues-quand-un-prof-a-sorti-un-couteau-et-a-attaque-un-de-ses-collegues-en-le-poignardant-en-deux-reprises-letablissement-a-ete-evacue-et-ferme\/","title":{"rendered":"Sc\u00e8ne surr\u00e9aliste au lyc\u00e9e Paul Langevin de Martigues quand un prof a sorti un couteau et a attaqu\u00e9 un de ses coll\u00e8gues en le poignardant en deux reprises &#8211; L&rsquo;\u00e9tablissement a \u00e9t\u00e9 \u00e9vacu\u00e9 et ferm\u00e9"},"content":{"rendered":"\n<p class=\"\">Un enseignant a \u00e9t\u00e9 l\u00e9g\u00e8rement bless\u00e9 ce matin par un de ses coll\u00e8gues, qui lui a port\u00e9 deux coups de couteau lors d\u2019une \u00ab violente altercation \u00bb dans la salle des professeurs d\u2019un lyc\u00e9e de Martigues (Bouches-du-Rh\u00f4ne), au nord-est de Marseille, a-t-on appris aupr\u00e8s du rectorat et du parquet.<\/p>\n\n\n\n<p class=\"\">L\u2019auteur des faits a \u00e9t\u00e9 plac\u00e9 en garde \u00e0 vue dans le cadre d\u2019une enqu\u00eate ouverte pour \u00ab violences aggrav\u00e9es \u00bb, a indiqu\u00e9 \u00e0 l\u2019AFP le procureur d\u2019Aix-en-Provence, Jean-Luc-Blachon. Mercredi matin, une \u00ab violente altercation \u00bb a \u00e9clat\u00e9 dans la salle des professeurs du lyc\u00e9e Paul Langevin de Martigues, au cours de laquelle un enseignant a \u00e9t\u00e9 \u00ab l\u00e9g\u00e8rement bless\u00e9 \u00bb, selon un communiqu\u00e9 du rectorat, confirmant une information du m\u00e9dia local Maritima.<\/p>\n\n\n\n<p class=\"\">\u00ab L\u2019enseignant \u00e0 l\u2019origine de ce diff\u00e9rend, porteur d\u2019un petit couteau, a \u00e9t\u00e9 ma\u00eetris\u00e9 par d\u2019autres enseignants \u00bb, a ajout\u00e9 le rectorat. Selon le procureur, l\u2019agresseur \u00ab aurait sorti une arme blanche et port\u00e9 deux coups de couteau \u00e0 un autre enseignant qui est l\u00e9g\u00e8rement bless\u00e9 \u00bb.<\/p>\n\n\n\n<p class=\"\">\u00ab Les investigations sont en cours pour d\u00e9terminer les circonstances et le mobile de l\u2019auteur \u00bb, a ajout\u00e9 le magistrat. Une cellule d\u2019\u00e9coute a \u00e9t\u00e9 mise en place pour les personnels, et le lyc\u00e9e ferm\u00e9 pour la journ\u00e9e, a pr\u00e9cis\u00e9 le Rectorat.<\/p>\n","protected":false},"excerpt":{"rendered":"<p>Un enseignant a \u00e9t\u00e9 l\u00e9g\u00e8rement bless\u00e9 ce matin par un de ses coll\u00e8gues, qui lui a port\u00e9 deux coups de couteau lors d\u2019une \u00ab violente altercation \u00bb dans la salle des professeurs d\u2019un lyc\u00e9e de Martigues (Bouches-du-Rh\u00f4ne), au nord-est de Marseille, a-t-on appris aupr\u00e8s du rectorat et du parquet. L\u2019auteur des faits a \u00e9t\u00e9 plac\u00e9 [&hellip;]<\/p>\n","protected":false},"author":2,"featured_media":37768,"comment_status":"open","ping_status":"open","sticky":false,"template":"","format":"standard","meta":{"_jetpack_memberships_contains_paid_content":false,"footnotes":"","jetpack_publicize_message":"","jetpack_publicize_feature_enabled":true,"jetpack_social_post_already_shared":true,"jetpack_social_options":{"image_generator_settings":{"template":"highway","default_image_id":0,"font":"","enabled":true,"token":"eyJpbWciOiJodHRwczpcL1wvd3d3LmljZWFnZXR2LmNvbVwvcmFkaW9zaXRlXC93cC1jb250ZW50XC91cGxvYWRzXC8yMDI1XC8wOVwvV1dBQl81R24uanBnIiwidHh0IjoiU2NcdTAwZThuZSBzdXJyXHUwMGU5YWxpc3RlIGF1IGx5Y1x1MDBlOWUgUGF1bCBMYW5nZXZpbiBkZSBNYXJ0aWd1ZXMgcXVhbmQgdW4gcHJvZiBhIHNvcnRpIHVuIGNvdXRlYXUgZXQgYSBhdHRhcXVcdTAwZTkgdW4gZGUgc2VzIGNvbGxcdTAwZThndWVzIGVuIGxlIHBvaWduYXJkYW50IGVuIGRldXggcmVwcmlzZXMgJiM4MjExOyBMJiM4MjE3O1x1MDBlOXRhYmxpc3NlbWVudCBhIFx1MDBlOXRcdTAwZTkgXHUwMGU5dmFjdVx1MDBlOSBldCBmZXJtXHUwMGU5IiwidGVtcGxhdGUiOiJoaWdod2F5IiwiZm9udCI6IiIsImJsb2dfaWQiOjExMTAxNjQ2MX0.xIVYR3tqI0m8pn7yc62HvxODnJ-1PVswvjKY4OT2zAAMQ"},"version":2},"_wpas_customize_per_network":false},"categories":[405],"tags":[],"class_list":["post-37766","post","type-post","status-publish","format-standard","has-post-thumbnail","hentry","category-actu-france-monde"],"jetpack_publicize_connections":[],"jetpack_featured_media_url":"https:\/\/i0.wp.com\/www.iceagetv.com\/radiosite\/wp-content\/uploads\/2025\/09\/WWAB_5Gn.jpg?fit=679%2C293&ssl=1","jetpack_sharing_enabled":true,"_links":{"self":[{"href":"https:\/\/www.iceagetv.com\/radiosite\/wp-json\/wp\/v2\/posts\/37766","targetHints":{"allow":["GET"]}}],"collection":[{"href":"https:\/\/www.iceagetv.com\/radiosite\/wp-json\/wp\/v2\/posts"}],"about":[{"href":"https:\/\/www.iceagetv.com\/radiosite\/wp-json\/wp\/v2\/types\/post"}],"author":[{"embeddable":true,"href":"https:\/\/www.iceagetv.com\/radiosite\/wp-json\/wp\/v2\/users\/2"}],"replies":[{"embeddable":true,"href":"https:\/\/www.iceagetv.com\/radiosite\/wp-json\/wp\/v2\/comments?post=37766"}],"version-history":[{"count":1,"href":"https:\/\/www.iceagetv.com\/radiosite\/wp-json\/wp\/v2\/posts\/37766\/revisions"}],"predecessor-version":[{"id":37769,"href":"https:\/\/www.iceagetv.com\/radiosite\/wp-json\/wp\/v2\/posts\/37766\/revisions\/37769"}],"wp:featuredmedia":[{"embeddable":true,"href":"https:\/\/www.iceagetv.com\/radiosite\/wp-json\/wp\/v2\/media\/37768"}],"wp:attachment":[{"href":"https:\/\/www.iceagetv.com\/radiosite\/wp-json\/wp\/v2\/media?parent=37766"}],"wp:term":[{"taxonomy":"category","embeddable":true,"href":"https:\/\/www.iceagetv.com\/radiosite\/wp-json\/wp\/v2\/categories?post=37766"},{"taxonomy":"post_tag","embeddable":true,"href":"https:\/\/www.iceagetv.com\/radiosite\/wp-json\/wp\/v2\/tags?post=37766"}],"curies":[{"name":"wp","href":"https:\/\/api.w.org\/{rel}","templated":true}]}}