{"id":37818,"date":"2025-09-04T15:54:45","date_gmt":"2025-09-04T13:54:45","guid":{"rendered":"https:\/\/www.iceagetv.com\/radiosite\/?p=37818"},"modified":"2025-09-04T15:54:49","modified_gmt":"2025-09-04T13:54:49","slug":"mort-du-styliste-italien-giorgio-armani-a-91-ans","status":"publish","type":"post","link":"https:\/\/www.iceagetv.com\/radiosite\/mort-du-styliste-italien-giorgio-armani-a-91-ans\/","title":{"rendered":"Mort du styliste italien Giorgio Armani \u00e0 91 ans"},"content":{"rendered":"\n<p class=\"\">Le c\u00e9l\u00e8bre couturier italien Giorgio Armani vient de s&rsquo;\u00e9teindre \u00e0 l&rsquo;\u00e2ge de 91 ans.<\/p>\n\n\n\n<p class=\"\">Le styliste italien Giorgio Armani vient de s&rsquo;\u00e9teindre \u00e0 l&rsquo;\u00e2ge de 91 ans, a annonc\u00e9 son groupe ce jeudi 4 septembre 2025.<\/p>\n\n\n\n<p class=\"\">\u00ab\u00a0C&rsquo;est avec une immense tristesse que le groupe Armani annonce le d\u00e9c\u00e8s de son cr\u00e9ateur, fondateur et infatigable moteur: Giorgio Armani\u00a0\u00bb, annonce un communiqu\u00e9.Apr\u00e8s avoir fait ses armes chez Nino Cerruti, Giorgio Armani avait cr\u00e9\u00e9 sa propre soci\u00e9t\u00e9 en 1974 et pr\u00e9sent\u00e9 sa premi\u00e8re collection en 1975. En 1980 il habille Richard Gere dans&nbsp;<em>American Gigolo<\/em>. Il con\u00e7oit la m\u00eame ann\u00e9e les uniformes de l&rsquo;arm\u00e9e de l&rsquo;air italienne.<\/p>\n\n\n\n<h2 class=\"wp-block-heading\" id=\"104kh\">Boutiques dans le monde entier<\/h2>\n\n\n\n<p class=\"\">\u00ab\u00a0Mon id\u00e9e de l\u2019\u00e9l\u00e9gance est n\u00e9e en regardant des films\u00a0\u00bb, confiait-il en 2023 lors de la Mostra de Venise.<\/p>\n\n\n\n<p class=\"\">En 1990, Martin Scorsese r\u00e9alise un documentaire sur le styliste, intitul\u00e9\u00a0<em>Made in Milan<\/em>, sur son rapport \u00e0 la ville de Milan, \u00e0 la mode et au cin\u00e9ma.Styliste \u00e0 succ\u00e8s, \u00e0 la t\u00eate de boutiques dans le monde entier, Girogio Armani a aussi rencontr\u00e9 un immense succ\u00e8s avec ses parfums vendus, comme Acqua Di Gio ou Emporio.<\/p>\n","protected":false},"excerpt":{"rendered":"<p>Le c\u00e9l\u00e8bre couturier italien Giorgio Armani vient de s&rsquo;\u00e9teindre \u00e0 l&rsquo;\u00e2ge de 91 ans. Le styliste italien Giorgio Armani vient de s&rsquo;\u00e9teindre \u00e0 l&rsquo;\u00e2ge de 91 ans, a annonc\u00e9 son groupe ce jeudi 4 septembre 2025. \u00ab\u00a0C&rsquo;est avec une immense tristesse que le groupe Armani annonce le d\u00e9c\u00e8s de son cr\u00e9ateur, fondateur et infatigable moteur: [&hellip;]<\/p>\n","protected":false},"author":2,"featured_media":37819,"comment_status":"open","ping_status":"open","sticky":false,"template":"","format":"standard","meta":{"_jetpack_memberships_contains_paid_content":false,"footnotes":"","jetpack_publicize_message":"","jetpack_publicize_feature_enabled":true,"jetpack_social_post_already_shared":true,"jetpack_social_options":{"image_generator_settings":{"template":"highway","default_image_id":0,"font":"","enabled":true,"token":"eyJpbWciOiJodHRwczpcL1wvd3d3LmljZWFnZXR2LmNvbVwvcmFkaW9zaXRlXC93cC1jb250ZW50XC91cGxvYWRzXC8yMDI1XC8wOVwvQ2FwdHVyZS1kZWNyYW4tMjAyNS0wOS0wNC0xNTUzNTgucG5nIiwidHh0IjoiTW9ydCBkdSBzdHlsaXN0ZSBpdGFsaWVuIEdpb3JnaW8gQXJtYW5pIFx1MDBlMCA5MSBhbnMiLCJ0ZW1wbGF0ZSI6ImhpZ2h3YXkiLCJmb250IjoiIiwiYmxvZ19pZCI6MTExMDE2NDYxfQ.hIVB9t9Ai54_c7DFEP9myvrgzf-ppKyJRTe54-Yw88sMQ"},"version":2},"_wpas_customize_per_network":false},"categories":[68],"tags":[],"class_list":["post-37818","post","type-post","status-publish","format-standard","has-post-thumbnail","hentry","category-actu-culturelle"],"jetpack_publicize_connections":[],"jetpack_featured_media_url":"https:\/\/i0.wp.com\/www.iceagetv.com\/radiosite\/wp-content\/uploads\/2025\/09\/Capture-decran-2025-09-04-155358.png?fit=928%2C446&ssl=1","jetpack_sharing_enabled":true,"_links":{"self":[{"href":"https:\/\/www.iceagetv.com\/radiosite\/wp-json\/wp\/v2\/posts\/37818","targetHints":{"allow":["GET"]}}],"collection":[{"href":"https:\/\/www.iceagetv.com\/radiosite\/wp-json\/wp\/v2\/posts"}],"about":[{"href":"https:\/\/www.iceagetv.com\/radiosite\/wp-json\/wp\/v2\/types\/post"}],"author":[{"embeddable":true,"href":"https:\/\/www.iceagetv.com\/radiosite\/wp-json\/wp\/v2\/users\/2"}],"replies":[{"embeddable":true,"href":"https:\/\/www.iceagetv.com\/radiosite\/wp-json\/wp\/v2\/comments?post=37818"}],"version-history":[{"count":1,"href":"https:\/\/www.iceagetv.com\/radiosite\/wp-json\/wp\/v2\/posts\/37818\/revisions"}],"predecessor-version":[{"id":37820,"href":"https:\/\/www.iceagetv.com\/radiosite\/wp-json\/wp\/v2\/posts\/37818\/revisions\/37820"}],"wp:featuredmedia":[{"embeddable":true,"href":"https:\/\/www.iceagetv.com\/radiosite\/wp-json\/wp\/v2\/media\/37819"}],"wp:attachment":[{"href":"https:\/\/www.iceagetv.com\/radiosite\/wp-json\/wp\/v2\/media?parent=37818"}],"wp:term":[{"taxonomy":"category","embeddable":true,"href":"https:\/\/www.iceagetv.com\/radiosite\/wp-json\/wp\/v2\/categories?post=37818"},{"taxonomy":"post_tag","embeddable":true,"href":"https:\/\/www.iceagetv.com\/radiosite\/wp-json\/wp\/v2\/tags?post=37818"}],"curies":[{"name":"wp","href":"https:\/\/api.w.org\/{rel}","templated":true}]}}