{"id":37853,"date":"2025-09-06T15:26:08","date_gmt":"2025-09-06T13:26:08","guid":{"rendered":"https:\/\/www.iceagetv.com\/radiosite\/?p=37853"},"modified":"2025-09-06T15:26:13","modified_gmt":"2025-09-06T13:26:13","slug":"vote-de-confiance-comment-va-sarticuler-la-journee-du-8-septembre-pour-francois-bayrou","status":"publish","type":"post","link":"https:\/\/www.iceagetv.com\/radiosite\/vote-de-confiance-comment-va-sarticuler-la-journee-du-8-septembre-pour-francois-bayrou\/","title":{"rendered":"Vote de confiance : comment va s\u2019articuler la journ\u00e9e du 8 septembre pour Fran\u00e7ois Bayrou ?"},"content":{"rendered":"\n<p class=\"\">C\u2019est un saut dans l\u2019inconnu pour Fran\u00e7ois Bayrou. Face \u00e0 une majorit\u00e9 introuvable et des oppositions d\u00e9termin\u00e9es, le Premier ministre joue son poste lors d\u2019un vote de confiance qui s\u2019annonce historique.L\u2019Assembl\u00e9e nationale s\u2019appr\u00eate \u00e0 vivre un moment politique d\u2019une rare intensit\u00e9, lundi 8 septembre. Le Premier ministre, Fran\u00e7ois Bayrou, met son poste en jeu en sollicitant un vote de confiance des d\u00e9put\u00e9s, dans un contexte de forte tension autour du d\u00e9ficit public. Une d\u00e9marche audacieuse, in\u00e9dite sous la Ve R\u00e9publique, qui pourrait marquer un tournant majeur dans la vie politique fran\u00e7aiseAlors que ses pr\u00e9d\u00e9cesseurs sous le second quinquennat d\u2019Emmanuel Macron avaient soigneusement \u00e9vit\u00e9 cette \u00e9preuve parlementaire, le pr\u00e9sident du MoDem prend le pari risqu\u00e9 d\u2019engager sa responsabilit\u00e9 devant une Assembl\u00e9e o\u00f9 il ne dispose pas de majorit\u00e9. Une journ\u00e9e \u00e0 haut risque, rythm\u00e9e par des temps forts institutionnels et politiques.Le point de d\u00e9part de cette journ\u00e9e charni\u00e8re sera donn\u00e9 \u00e0 15h, lorsque Fran\u00e7ois Bayrou s\u2019exprimera depuis la tribune de l\u2019h\u00e9micycle. Sa d\u00e9claration de politique g\u00e9n\u00e9rale, en application de l\u2019article 49, alin\u00e9a 1 de la Constitution, sera largement consacr\u00e9e \u00e0 la situation critique des finances publiques.Dans cette allocution sans limite de temps, le chef du gouvernement devrait d\u00e9fendre sa vision \u00e9conomique, tout en tentant de convaincre les d\u00e9put\u00e9s du bien-fond\u00e9 de son action. Mais cette intervention pourrait bien \u00eatre la derni\u00e8re pour Fran\u00e7ois Bayrou en tant que Premier ministre.<\/p>\n","protected":false},"excerpt":{"rendered":"<p>C\u2019est un saut dans l\u2019inconnu pour Fran\u00e7ois Bayrou. Face \u00e0 une majorit\u00e9 introuvable et des oppositions d\u00e9termin\u00e9es, le Premier ministre joue son poste lors d\u2019un vote de confiance qui s\u2019annonce historique.L\u2019Assembl\u00e9e nationale s\u2019appr\u00eate \u00e0 vivre un moment politique d\u2019une rare intensit\u00e9, lundi 8 septembre. Le Premier ministre, Fran\u00e7ois Bayrou, met son poste en jeu en [&hellip;]<\/p>\n","protected":false},"author":2,"featured_media":37854,"comment_status":"open","ping_status":"open","sticky":false,"template":"","format":"standard","meta":{"_jetpack_memberships_contains_paid_content":false,"footnotes":"","jetpack_publicize_message":"","jetpack_publicize_feature_enabled":true,"jetpack_social_post_already_shared":true,"jetpack_social_options":{"image_generator_settings":{"template":"highway","default_image_id":0,"font":"","enabled":true,"token":"eyJpbWciOiJodHRwczpcL1wvd3d3LmljZWFnZXR2LmNvbVwvcmFkaW9zaXRlXC93cC1jb250ZW50XC91cGxvYWRzXC8yMDI1XC8wOVwvMTc3OTUwNy1mcmFuY29pcy1iYXlyb3UtMTAyNHg2ODIuanBnIiwidHh0IjoiVm90ZSBkZSBjb25maWFuY2UgOiBjb21tZW50IHZhIHNcdTIwMTlhcnRpY3VsZXIgbGEgam91cm5cdTAwZTllIGR1IDggc2VwdGVtYnJlIHBvdXIgRnJhblx1MDBlN29pcyBCYXlyb3UgPyIsInRlbXBsYXRlIjoiaGlnaHdheSIsImZvbnQiOiIiLCJibG9nX2lkIjoxMTEwMTY0NjF9.7qmtYzCW0qevjFCf7mMAZCALGfSLaU_BcxfTde0v6dIMQ"},"version":2},"_wpas_customize_per_network":false},"categories":[405],"tags":[],"class_list":["post-37853","post","type-post","status-publish","format-standard","has-post-thumbnail","hentry","category-actu-france-monde"],"jetpack_publicize_connections":[],"jetpack_featured_media_url":"https:\/\/i0.wp.com\/www.iceagetv.com\/radiosite\/wp-content\/uploads\/2025\/09\/1779507-francois-bayrou.jpg?fit=1540%2C1026&ssl=1","jetpack_sharing_enabled":true,"_links":{"self":[{"href":"https:\/\/www.iceagetv.com\/radiosite\/wp-json\/wp\/v2\/posts\/37853","targetHints":{"allow":["GET"]}}],"collection":[{"href":"https:\/\/www.iceagetv.com\/radiosite\/wp-json\/wp\/v2\/posts"}],"about":[{"href":"https:\/\/www.iceagetv.com\/radiosite\/wp-json\/wp\/v2\/types\/post"}],"author":[{"embeddable":true,"href":"https:\/\/www.iceagetv.com\/radiosite\/wp-json\/wp\/v2\/users\/2"}],"replies":[{"embeddable":true,"href":"https:\/\/www.iceagetv.com\/radiosite\/wp-json\/wp\/v2\/comments?post=37853"}],"version-history":[{"count":1,"href":"https:\/\/www.iceagetv.com\/radiosite\/wp-json\/wp\/v2\/posts\/37853\/revisions"}],"predecessor-version":[{"id":37855,"href":"https:\/\/www.iceagetv.com\/radiosite\/wp-json\/wp\/v2\/posts\/37853\/revisions\/37855"}],"wp:featuredmedia":[{"embeddable":true,"href":"https:\/\/www.iceagetv.com\/radiosite\/wp-json\/wp\/v2\/media\/37854"}],"wp:attachment":[{"href":"https:\/\/www.iceagetv.com\/radiosite\/wp-json\/wp\/v2\/media?parent=37853"}],"wp:term":[{"taxonomy":"category","embeddable":true,"href":"https:\/\/www.iceagetv.com\/radiosite\/wp-json\/wp\/v2\/categories?post=37853"},{"taxonomy":"post_tag","embeddable":true,"href":"https:\/\/www.iceagetv.com\/radiosite\/wp-json\/wp\/v2\/tags?post=37853"}],"curies":[{"name":"wp","href":"https:\/\/api.w.org\/{rel}","templated":true}]}}