{"id":37947,"date":"2025-09-08T18:15:19","date_gmt":"2025-09-08T16:15:19","guid":{"rendered":"https:\/\/www.iceagetv.com\/radiosite\/?p=37947"},"modified":"2025-09-08T18:15:23","modified_gmt":"2025-09-08T16:15:23","slug":"mouvement-bloquons-tout-le-10-septembre-la-sncf-et-la-ratp-anticipent-un-trafic-quasi-normal-sur-leur-reseau","status":"publish","type":"post","link":"https:\/\/www.iceagetv.com\/radiosite\/mouvement-bloquons-tout-le-10-septembre-la-sncf-et-la-ratp-anticipent-un-trafic-quasi-normal-sur-leur-reseau\/","title":{"rendered":"Mouvement \u00ab\u00a0Bloquons tout\u00a0\u00bb le 10 septembre\u00a0: la SNCF et la RATP anticipent un trafic \u00ab\u00a0quasi normal\u00a0\u00bb sur leur r\u00e9seau"},"content":{"rendered":"\n<p class=\"\">Les principales perturbations devraient toucher, mercredi, les TER et les Intercit\u00e9s, ainsi que les Transilien et le RER\u00a0B en r\u00e9gion parisienne.Une France loin d&rsquo;\u00eatre \u00e0 l&rsquo;arr\u00eat. Les TGV Inoui, Ouigo et internationaux circuleront&nbsp;<em>\u00ab\u00a0normalement\u00a0\u00bb<\/em>, mercredi 10&nbsp;septembre, malgr\u00e9 un appel \u00e0 la gr\u00e8ve lanc\u00e9 par la CGT-Cheminots et&nbsp;<a href=\"https:\/\/www.franceinfo.fr\/economie\/greve\/le-syndicat-des-cheminots-sud-rail-appelle-a-se-mobiliser-a-l-occasion-du-mouvement-de-blocage-du-10-septembre_7446826.html\">par Sud-Rail<\/a>&nbsp;dans le cadre du&nbsp;<a href=\"https:\/\/www.franceinfo.fr\/societe\/bloquons-tout-mouvement-du-10-septembre\/d-un-appel-au-boycott-a-bloquons-tout-comment-le-mouvement-du-10-septembre-a-change-de-mot-d-ordre_7461475.html\">mouvement \u00ab\u00a0Bloquons tout\u00a0\u00bb<\/a>, a annonc\u00e9 la SNCF, lundi 8&nbsp;septembre. Des perturbations sont toutefois \u00e0 pr\u00e9voir sur certaines lignes Intercit\u00e9s (Paris-Clermont-Ferrand, Paris-Orl\u00e9ans-Limoges-Toulouse, Bordeaux-Marseille et trains de nuit), ainsi que sur les TER dans certaines r\u00e9gions et sur le Transilien en Ile-de-France, selon la compagnie.<\/p>\n\n\n\n<p class=\"\">En r\u00e9gion parisienne, la RATP a pr\u00e9venu, lundi, que le trafic serait&nbsp;<em>\u00ab\u00a0perturb\u00e9\u00a0\u00bb<\/em>&nbsp;sur le RER&nbsp;B, mais<em>&nbsp;\u00ab\u00a0quasi normal\u00a0\u00bb<\/em>&nbsp;pour les r\u00e9seaux de m\u00e9tro et de bus. Le transporteur estime en outre que les circulations du RER&nbsp;A et des tramways qu&rsquo;il g\u00e8re ne seront pas affect\u00e9es. Seul le syndicat La Base, majoritaire chez les conducteurs de RER, a appel\u00e9 \u00e0 faire gr\u00e8ve mercredi, tandis que les quatre principaux syndicats de la RATP (CGT, FO, Unsa Mobilit\u00e9 et CFE-CGC) ont appel\u00e9 \u00e0 la gr\u00e8ve le 18&nbsp;septembre.<\/p>\n","protected":false},"excerpt":{"rendered":"<p>Les principales perturbations devraient toucher, mercredi, les TER et les Intercit\u00e9s, ainsi que les Transilien et le RER\u00a0B en r\u00e9gion parisienne.Une France loin d&rsquo;\u00eatre \u00e0 l&rsquo;arr\u00eat. Les TGV Inoui, Ouigo et internationaux circuleront&nbsp;\u00ab\u00a0normalement\u00a0\u00bb, mercredi 10&nbsp;septembre, malgr\u00e9 un appel \u00e0 la gr\u00e8ve lanc\u00e9 par la CGT-Cheminots et&nbsp;par Sud-Rail&nbsp;dans le cadre du&nbsp;mouvement \u00ab\u00a0Bloquons tout\u00a0\u00bb, a annonc\u00e9 la [&hellip;]<\/p>\n","protected":false},"author":2,"featured_media":37948,"comment_status":"open","ping_status":"open","sticky":false,"template":"","format":"standard","meta":{"_jetpack_memberships_contains_paid_content":false,"footnotes":"","jetpack_publicize_message":"","jetpack_publicize_feature_enabled":true,"jetpack_social_post_already_shared":true,"jetpack_social_options":{"image_generator_settings":{"template":"highway","default_image_id":0,"font":"","enabled":true,"token":"eyJpbWciOiJodHRwczpcL1wvd3d3LmljZWFnZXR2LmNvbVwvcmFkaW9zaXRlXC93cC1jb250ZW50XC91cGxvYWRzXC8yMDI1XC8wOVwvQ2FwdHVyZS1kZWNyYW4tMjAyNS0wOS0wOC0xODE0MjYucG5nIiwidHh0IjoiTW91dmVtZW50ICYjODIyMDtCbG9xdW9ucyB0b3V0JiM4MjIxOyBsZSAxMCBzZXB0ZW1icmVcdTAwYTA6IGxhIFNOQ0YgZXQgbGEgUkFUUCBhbnRpY2lwZW50IHVuIHRyYWZpYyAmIzgyMjA7cXVhc2kgbm9ybWFsJiM4MjIxOyBzdXIgbGV1ciByXHUwMGU5c2VhdSIsInRlbXBsYXRlIjoiaGlnaHdheSIsImZvbnQiOiIiLCJibG9nX2lkIjoxMTEwMTY0NjF9.1sQKgvlslt_0hthu8IRTOPGM2n9WMnBMEgpY32_WVoQMQ"},"version":2},"_wpas_customize_per_network":false},"categories":[405],"tags":[],"class_list":["post-37947","post","type-post","status-publish","format-standard","has-post-thumbnail","hentry","category-actu-france-monde"],"jetpack_publicize_connections":[],"jetpack_featured_media_url":"https:\/\/i0.wp.com\/www.iceagetv.com\/radiosite\/wp-content\/uploads\/2025\/09\/Capture-decran-2025-09-08-181426.png?fit=992%2C411&ssl=1","jetpack_sharing_enabled":true,"_links":{"self":[{"href":"https:\/\/www.iceagetv.com\/radiosite\/wp-json\/wp\/v2\/posts\/37947","targetHints":{"allow":["GET"]}}],"collection":[{"href":"https:\/\/www.iceagetv.com\/radiosite\/wp-json\/wp\/v2\/posts"}],"about":[{"href":"https:\/\/www.iceagetv.com\/radiosite\/wp-json\/wp\/v2\/types\/post"}],"author":[{"embeddable":true,"href":"https:\/\/www.iceagetv.com\/radiosite\/wp-json\/wp\/v2\/users\/2"}],"replies":[{"embeddable":true,"href":"https:\/\/www.iceagetv.com\/radiosite\/wp-json\/wp\/v2\/comments?post=37947"}],"version-history":[{"count":1,"href":"https:\/\/www.iceagetv.com\/radiosite\/wp-json\/wp\/v2\/posts\/37947\/revisions"}],"predecessor-version":[{"id":37949,"href":"https:\/\/www.iceagetv.com\/radiosite\/wp-json\/wp\/v2\/posts\/37947\/revisions\/37949"}],"wp:featuredmedia":[{"embeddable":true,"href":"https:\/\/www.iceagetv.com\/radiosite\/wp-json\/wp\/v2\/media\/37948"}],"wp:attachment":[{"href":"https:\/\/www.iceagetv.com\/radiosite\/wp-json\/wp\/v2\/media?parent=37947"}],"wp:term":[{"taxonomy":"category","embeddable":true,"href":"https:\/\/www.iceagetv.com\/radiosite\/wp-json\/wp\/v2\/categories?post=37947"},{"taxonomy":"post_tag","embeddable":true,"href":"https:\/\/www.iceagetv.com\/radiosite\/wp-json\/wp\/v2\/tags?post=37947"}],"curies":[{"name":"wp","href":"https:\/\/api.w.org\/{rel}","templated":true}]}}