{"id":37951,"date":"2025-09-08T19:04:55","date_gmt":"2025-09-08T17:04:55","guid":{"rendered":"https:\/\/www.iceagetv.com\/radiosite\/?p=37951"},"modified":"2025-09-08T19:04:58","modified_gmt":"2025-09-08T17:04:58","slug":"vote-de-confiance-sans-surprise-francois-bayrou-se-fait-balayer-par-les-deputes-et-prend-la-porte","status":"publish","type":"post","link":"https:\/\/www.iceagetv.com\/radiosite\/vote-de-confiance-sans-surprise-francois-bayrou-se-fait-balayer-par-les-deputes-et-prend-la-porte\/","title":{"rendered":"Vote de confiance : sans surprise, Fran\u00e7ois Bayrou se fait balayer par les d\u00e9put\u00e9s et prend la porte"},"content":{"rendered":"\n<p class=\"\">C\u2019\u00e9tait un vote attendu depuis son annonce\u00a0<a href=\"https:\/\/actu.fr\/politique\/direct-censure-blocage-du-10-septembre-budget-jours-feries-suivez-francois-bayrou-en-conference-de-presse_63074322.html\">le 25 ao\u00fbt 2025<\/a>, mais sans surprise quant \u00e0 son issue. Ce lundi 8\u00a0septembre 2025, les d\u00e9put\u00e9s\u00a0<strong>n\u2019ont pas accord\u00e9 leur confiance<\/strong>\u00a0au gouvernement de Fran\u00e7ois Bayrou. L\u2019\u00e9dile de Pau doit donc quitter Matignon avec l\u2019ensemble des membres de son gouvernement.XX voix pour<\/p>\n\n\n\n<p class=\"\">Apr\u00e8s une nouvelle d\u00e9claration de politique g\u00e9n\u00e9rale et un d\u00e9bat, les d\u00e9put\u00e9s sont pass\u00e9s au vote. Dans le d\u00e9tail, le gouvernement du Premier ministre a obtenu<strong>&nbsp;194 voix en sa faveur et 375 voies contre.<\/strong><\/p>\n\n\n\n<p class=\"\">Pour obtenir la confiance,&nbsp;<a href=\"https:\/\/actu.fr\/tag\/francois-bayrou\/page\/3\">Fran\u00e7ois Bayrou<\/a>&nbsp;aurait d\u00fb obtenir la majorit\u00e9, avec au moins 289 voix sur les 577 d\u00e9put\u00e9s que compte l\u2019Assembl\u00e9e nationale.<\/p>\n\n\n\n<p class=\"\">Mais ce n\u2019est donc pas le cas. Le gouvernement de Fran\u00e7ois Bayrou va donc donner sa d\u00e9mission, comme&nbsp;<a href=\"https:\/\/www.legifrance.gouv.fr\/loda\/article_lc\/LEGIARTI000006527530\/1999-07-09\">l\u2019indique l\u2019article&nbsp;50 de la Constitution<\/a>, de la m\u00eame mani\u00e8re qu\u2019il devrait le faire apr\u00e8s une motion de censure.<\/p>\n\n\n\n<p class=\"\">Ce r\u00e9sultat&nbsp;<a href=\"https:\/\/actu.fr\/politique\/vote-de-confiance-pourquoi-ca-ne-sent-pas-bon-du-tout-pour-francois-bayrou-et-son-gouvernement_63076484.html\">n\u2019est pas une surprise<\/a>. Apr\u00e8s l\u2019annonce du vote de confiance, la France Insoumise, le Rassemblement National, le Parti socialiste, les communistes et les \u00e9cologistes avaient annonc\u00e9 leur intention de voter contre.<\/p>\n\n\n\n<p class=\"\">Les neuf mois \u00e0 Matignon de l\u2019\u00e9dile de Pau ont \u00e9t\u00e9 marqu\u00e9s par\u00a0<a href=\"https:\/\/actu.fr\/faits-divers\/betharram-francois-bayrou-en-cause-monstruosites-les-conclusions-de-la-commission-d-enquete_62854930.html\">l\u2019affaire B\u00e9tharram<\/a>, un conclave rat\u00e9 sur les retraites, et peu de projets de loi marquants.\u00a0Et maintenant\u2009?<\/p>\n\n\n\n<p class=\"\">D\u00e9sormais, Emmanuel Macron est en charge de nommer un nouveau Premier ministre, le troisi\u00e8me depuis qu\u2019aucune majorit\u00e9 ne s\u2019est d\u00e9gag\u00e9e \u00e0 l\u2019Assembl\u00e9e nationale apr\u00e8s la dissolution, en juin 2024.Pour le moment, aucune personnalit\u00e9 ne ressort clairement, bien que plusieurs noms circulent pour Matignon\u2009: les ministres S\u00e9bastien Lecornu (Arm\u00e9es),&nbsp;<a href=\"https:\/\/actu.fr\/tag\/gerald-darmanin\">G\u00e9rald Darmanin<\/a>&nbsp;(Justice), Catherine Vautrin (Travail et Sant\u00e9), \u00c9ric Lombard (\u00c9conomie), le pr\u00e9sident LR des Hauts-de-France Xavier Bertrand, l\u2019ancien chef de la diplomatie et ex-socialiste Jean-Yves Le Drian\u2026<\/p>\n\n\n\n<p class=\"\">Dans la course au successeur, le PS s\u2019est plac\u00e9 au centre du jeu, Olivier Faure se d\u00e9clarant&nbsp;<strong>\u00ab\u2009pr\u00eat\u2009\u00bb pour Matignon<\/strong>. Mais si&nbsp;<a href=\"https:\/\/actu.fr\/tag\/emmanuel-macron\">Emmanuel Macron<\/a>&nbsp;a demand\u00e9 aux chefs du camp gouvernemental de \u00ab\u2009travailler\u2009\u00bb avec les socialistes, peu dans son entourage pensent qu\u2019il nommera le premier secr\u00e9taire du Parti socialiste, qui rejette l\u2019id\u00e9e d\u2019un gouvernement \u00ab\u2009commun\u2009\u00bb avec des macronistes.<\/p>\n\n\n\n<p class=\"\">Quant \u00e0 une&nbsp;<strong>nouvelle dissolution<\/strong>, Emmanuel Macron a plusieurs fois assur\u00e9 vouloir l\u2019\u00e9viter. Dans le cas contraire, il disposerait d\u2019un d\u00e9lai compris entre 20 et 40&nbsp;jours pour organiser les \u00e9lections l\u00e9gislatives. Une solution pl\u00e9biscit\u00e9e par le RN, qui pense pouvoir les emporter.<\/p>\n\n\n\n<p class=\"\">La France insoumise r\u00e9clame pour sa part la d\u00e9mission d\u2019Emmanuel Macron ou&nbsp;<a href=\"https:\/\/actu.fr\/politique\/destitution-d-emmanuel-macron-c-est-quoi-cette-procedure-voulue-par-lfi-pour-faire-tomber-le-president_63077263.html\">sa destitution<\/a>, ses d\u00e9put\u00e9s devant d\u00e9poser une motion en ce sens.<\/p>\n","protected":false},"excerpt":{"rendered":"<p>C\u2019\u00e9tait un vote attendu depuis son annonce\u00a0le 25 ao\u00fbt 2025, mais sans surprise quant \u00e0 son issue. Ce lundi 8\u00a0septembre 2025, les d\u00e9put\u00e9s\u00a0n\u2019ont pas accord\u00e9 leur confiance\u00a0au gouvernement de Fran\u00e7ois Bayrou. L\u2019\u00e9dile de Pau doit donc quitter Matignon avec l\u2019ensemble des membres de son gouvernement.XX voix pour Apr\u00e8s une nouvelle d\u00e9claration de politique g\u00e9n\u00e9rale et [&hellip;]<\/p>\n","protected":false},"author":2,"featured_media":37952,"comment_status":"open","ping_status":"open","sticky":false,"template":"","format":"standard","meta":{"_jetpack_memberships_contains_paid_content":false,"footnotes":"","jetpack_publicize_message":"","jetpack_publicize_feature_enabled":true,"jetpack_social_post_already_shared":true,"jetpack_social_options":{"image_generator_settings":{"template":"highway","default_image_id":0,"font":"","enabled":true,"token":"eyJpbWciOiJodHRwczpcL1wvd3d3LmljZWFnZXR2LmNvbVwvcmFkaW9zaXRlXC93cC1jb250ZW50XC91cGxvYWRzXC8yMDI1XC8wOVwvQ2FwdHVyZS1kZWNyYW4tMjAyNS0wOS0wOC0xOTA0MDEucG5nIiwidHh0IjoiVm90ZSBkZSBjb25maWFuY2UgOiBzYW5zIHN1cnByaXNlLCBGcmFuXHUwMGU3b2lzIEJheXJvdSBzZSBmYWl0IGJhbGF5ZXIgcGFyIGxlcyBkXHUwMGU5cHV0XHUwMGU5cyBldCBwcmVuZCBsYSBwb3J0ZSIsInRlbXBsYXRlIjoiaGlnaHdheSIsImZvbnQiOiIiLCJibG9nX2lkIjoxMTEwMTY0NjF9.Z5ewRxsbGrIiUIba2YoPH4wm4uoA_ndgrcQNY8Eup7IMQ"},"version":2},"_wpas_customize_per_network":false},"categories":[405],"tags":[],"class_list":["post-37951","post","type-post","status-publish","format-standard","has-post-thumbnail","hentry","category-actu-france-monde"],"jetpack_publicize_connections":[],"jetpack_featured_media_url":"https:\/\/i0.wp.com\/www.iceagetv.com\/radiosite\/wp-content\/uploads\/2025\/09\/Capture-decran-2025-09-08-190401.png?fit=783%2C501&ssl=1","jetpack_sharing_enabled":true,"_links":{"self":[{"href":"https:\/\/www.iceagetv.com\/radiosite\/wp-json\/wp\/v2\/posts\/37951","targetHints":{"allow":["GET"]}}],"collection":[{"href":"https:\/\/www.iceagetv.com\/radiosite\/wp-json\/wp\/v2\/posts"}],"about":[{"href":"https:\/\/www.iceagetv.com\/radiosite\/wp-json\/wp\/v2\/types\/post"}],"author":[{"embeddable":true,"href":"https:\/\/www.iceagetv.com\/radiosite\/wp-json\/wp\/v2\/users\/2"}],"replies":[{"embeddable":true,"href":"https:\/\/www.iceagetv.com\/radiosite\/wp-json\/wp\/v2\/comments?post=37951"}],"version-history":[{"count":1,"href":"https:\/\/www.iceagetv.com\/radiosite\/wp-json\/wp\/v2\/posts\/37951\/revisions"}],"predecessor-version":[{"id":37953,"href":"https:\/\/www.iceagetv.com\/radiosite\/wp-json\/wp\/v2\/posts\/37951\/revisions\/37953"}],"wp:featuredmedia":[{"embeddable":true,"href":"https:\/\/www.iceagetv.com\/radiosite\/wp-json\/wp\/v2\/media\/37952"}],"wp:attachment":[{"href":"https:\/\/www.iceagetv.com\/radiosite\/wp-json\/wp\/v2\/media?parent=37951"}],"wp:term":[{"taxonomy":"category","embeddable":true,"href":"https:\/\/www.iceagetv.com\/radiosite\/wp-json\/wp\/v2\/categories?post=37951"},{"taxonomy":"post_tag","embeddable":true,"href":"https:\/\/www.iceagetv.com\/radiosite\/wp-json\/wp\/v2\/tags?post=37951"}],"curies":[{"name":"wp","href":"https:\/\/api.w.org\/{rel}","templated":true}]}}