{"id":37967,"date":"2025-09-09T16:22:17","date_gmt":"2025-09-09T14:22:17","guid":{"rendered":"https:\/\/www.iceagetv.com\/radiosite\/?p=37967"},"modified":"2025-09-09T16:22:22","modified_gmt":"2025-09-09T14:22:22","slug":"greve-du-10-septembre-les-accueils-periscolaires-fortement-perturbes","status":"publish","type":"post","link":"https:\/\/www.iceagetv.com\/radiosite\/greve-du-10-septembre-les-accueils-periscolaires-fortement-perturbes\/","title":{"rendered":"Gr\u00e8ve du 10 septembre : les accueils p\u00e9riscolaires fortement perturb\u00e9s"},"content":{"rendered":"\n<p class=\"\">M\u00eame si ce 10 septembre tombe un mercredi \u2013 ce ne sera donc pas un jour d\u2019\u00e9cole dans de nombreuses communes -, la mobilisation, lanc\u00e9e en contestation des mesures \u00e9conomiques du gouvernement Bayrou, devrait toucher massivement l&rsquo;\u00c9ducation nationale, notamment en \u00cele-de-France. Plusieurs syndicats de l\u2019enseignement appellent en effet \u00e0 la gr\u00e8ve. C\u2019est le cas de SUD-\u00c9ducation, de la CGT-\u00c9duc&rsquo;action, du SNES-FSU et de quelques f\u00e9d\u00e9rations du FSU-SNUipp.Quels \u00e9tablissements seront concern\u00e9s ?Les \u00e9coles primaires (maternelles et \u00e9l\u00e9mentaires) pourront pr\u00e9venir les familles \u00e0 l&rsquo;avance, car elles connaissent les enseignants gr\u00e9vistes. Certaines en \u00cele-de-France ont d&rsquo;ailleurs d\u00e9j\u00e0 pr\u00e9cis\u00e9 les structures qui ne fonctionneront pas. Citons par exemple Choisy-le-Roi, o\u00f9 les centres de loisirs suivants : Prairie, Paul Langevin, Victor Hugo, Calypso, Gondoles, seront exceptionnellement ferm\u00e9s. \u00c0 Villeneuve-la-Garenne, la ville organise un service minimum d\u2019accueil dans les accueils de loisirs. Tandis qu&rsquo;\u00e0 Maisons-Alfort, la ville maintient l\u2019accueil de tous les enfants \u00ab\u00a0dans les meilleures conditions possibles en adaptant les lieux d\u2019accueil, les regroupements, les taux d\u2019encadrement et la restauration\u00a0\u00bb ce jour-l\u00e0. En r\u00e9gions, la mairie de Niort annonce des perturbations dans les \u00e9coles de la ville. L&rsquo;\u00e9cole maternelle Jean Zay sera ferm\u00e9e, pour d&rsquo;autres ce sont les services de restauration ou de garderie qui ne seront pas assur\u00e9s. M\u00eame chose \u00e0 Narbonne o\u00f9 plusieurs accueils de loisirs resteront ferm\u00e9s : Jaur\u00e8s, Voltaire, Bert, Sol et Fabre d\u2019\u00c9glantine.En revanche, les coll\u00e8ges et lyc\u00e9es ne pourront pas toujours donner cette information pr\u00e9alablement, rendant la situation plus incertaine pour les parents d&rsquo;\u00e9l\u00e8ves. Certains ont toutefois pris les devants comme le lyc\u00e9e Lavoisier de Mayenne qui informe que son internat sera ferm\u00e9 \u00e0 partir de ce mardi apr\u00e8s les cours jusqu&rsquo;au jeudi 11 septembre.Les restaurants scolaires impact\u00e9sLa restauration est aussi dans le viseur des gr\u00e9vistes. Les g\u00e9ants de la restauration collective Elior et Sodexo sont ainsi concern\u00e9s par cette journ\u00e9e de mobilisation, ce qui pourrait impacter les cantines scolaires. <\/p>\n","protected":false},"excerpt":{"rendered":"<p>M\u00eame si ce 10 septembre tombe un mercredi \u2013 ce ne sera donc pas un jour d\u2019\u00e9cole dans de nombreuses communes -, la mobilisation, lanc\u00e9e en contestation des mesures \u00e9conomiques du gouvernement Bayrou, devrait toucher massivement l&rsquo;\u00c9ducation nationale, notamment en \u00cele-de-France. Plusieurs syndicats de l\u2019enseignement appellent en effet \u00e0 la gr\u00e8ve. C\u2019est le cas de [&hellip;]<\/p>\n","protected":false},"author":2,"featured_media":37969,"comment_status":"open","ping_status":"open","sticky":false,"template":"","format":"standard","meta":{"_jetpack_memberships_contains_paid_content":false,"footnotes":"","jetpack_publicize_message":"","jetpack_publicize_feature_enabled":true,"jetpack_social_post_already_shared":true,"jetpack_social_options":{"image_generator_settings":{"template":"highway","default_image_id":0,"font":"","enabled":true,"token":"eyJpbWciOiJodHRwczpcL1wvd3d3LmljZWFnZXR2LmNvbVwvcmFkaW9zaXRlXC93cC1jb250ZW50XC91cGxvYWRzXC8yMDI1XC8wOVwvU2NyZWVuc2hvdF8yMDI1MDkwOV8xNjIxMTMtMTAyNHg3NjguanBnIiwidHh0IjoiR3JcdTAwZTh2ZSBkdSAxMCBzZXB0ZW1icmUgOiBsZXMgYWNjdWVpbHMgcFx1MDBlOXJpc2NvbGFpcmVzIGZvcnRlbWVudCBwZXJ0dXJiXHUwMGU5cyIsInRlbXBsYXRlIjoiaGlnaHdheSIsImZvbnQiOiIiLCJibG9nX2lkIjoxMTEwMTY0NjF9.2Hb40WzzPiRsb-tjJSL2zpO8GyUPGsZuY-kg1wSWi7sMQ"},"version":2},"_wpas_customize_per_network":false},"categories":[405],"tags":[],"class_list":["post-37967","post","type-post","status-publish","format-standard","has-post-thumbnail","hentry","category-actu-france-monde"],"jetpack_publicize_connections":[],"jetpack_featured_media_url":"https:\/\/i0.wp.com\/www.iceagetv.com\/radiosite\/wp-content\/uploads\/2025\/09\/Screenshot_20250909_162113.jpg?fit=1080%2C810&ssl=1","jetpack_sharing_enabled":true,"_links":{"self":[{"href":"https:\/\/www.iceagetv.com\/radiosite\/wp-json\/wp\/v2\/posts\/37967","targetHints":{"allow":["GET"]}}],"collection":[{"href":"https:\/\/www.iceagetv.com\/radiosite\/wp-json\/wp\/v2\/posts"}],"about":[{"href":"https:\/\/www.iceagetv.com\/radiosite\/wp-json\/wp\/v2\/types\/post"}],"author":[{"embeddable":true,"href":"https:\/\/www.iceagetv.com\/radiosite\/wp-json\/wp\/v2\/users\/2"}],"replies":[{"embeddable":true,"href":"https:\/\/www.iceagetv.com\/radiosite\/wp-json\/wp\/v2\/comments?post=37967"}],"version-history":[{"count":1,"href":"https:\/\/www.iceagetv.com\/radiosite\/wp-json\/wp\/v2\/posts\/37967\/revisions"}],"predecessor-version":[{"id":37970,"href":"https:\/\/www.iceagetv.com\/radiosite\/wp-json\/wp\/v2\/posts\/37967\/revisions\/37970"}],"wp:featuredmedia":[{"embeddable":true,"href":"https:\/\/www.iceagetv.com\/radiosite\/wp-json\/wp\/v2\/media\/37969"}],"wp:attachment":[{"href":"https:\/\/www.iceagetv.com\/radiosite\/wp-json\/wp\/v2\/media?parent=37967"}],"wp:term":[{"taxonomy":"category","embeddable":true,"href":"https:\/\/www.iceagetv.com\/radiosite\/wp-json\/wp\/v2\/categories?post=37967"},{"taxonomy":"post_tag","embeddable":true,"href":"https:\/\/www.iceagetv.com\/radiosite\/wp-json\/wp\/v2\/tags?post=37967"}],"curies":[{"name":"wp","href":"https:\/\/api.w.org\/{rel}","templated":true}]}}