{"id":37972,"date":"2025-09-09T20:04:59","date_gmt":"2025-09-09T18:04:59","guid":{"rendered":"https:\/\/www.iceagetv.com\/radiosite\/?p=37972"},"modified":"2025-09-09T20:05:01","modified_gmt":"2025-09-09T18:05:01","slug":"cette-fois-emmanuel-macron-nhesite-pas-sebastien-lecornu-propulse-a-matignon-pour-tenter-de-gouverner","status":"publish","type":"post","link":"https:\/\/www.iceagetv.com\/radiosite\/cette-fois-emmanuel-macron-nhesite-pas-sebastien-lecornu-propulse-a-matignon-pour-tenter-de-gouverner\/","title":{"rendered":"Cette fois, Emmanuel Macron n&rsquo;h\u00e9site pas : S\u00e9bastien Lecornu propuls\u00e9 \u00e0 Matignon pour tenter de gouverner"},"content":{"rendered":"\n<p class=\"\">51 jours pour nommer Michel Barnier, 8 pour Fran\u00e7ois Bayrou et \u00e0 peine plus de 24 heures pour offrir un bail \u00e0 dur\u00e9e (tr\u00e8s) ind\u00e9termin\u00e9e \u00e0&nbsp;<strong><a href=\"https:\/\/actu.fr\/tag\/sebastien-lecornu\">S\u00e9bastien Lecornu<\/a>&nbsp;\u00e0 l\u2019h\u00f4tel de Matignon<\/strong>.<\/p>\n\n\n\n<p class=\"\"><strong>Emmanuel Macron a fait le choix de la continuit\u00e9<\/strong>&nbsp;en nommant l\u2019ancien ministre des Arm\u00e9es en tant que nouveau Premier ministre ce mardi 9&nbsp;septembre 2025.&nbsp;<a href=\"https:\/\/actu.fr\/normandie\/vernon_27681\/sebastien-lecornu-je-suis-autoritaire-mais-est-ce-que-cest-un-defaut_10687720.html\">L\u2019ex-pr\u00e9sident du conseil d\u00e9partemental de l\u2019Eure<\/a>&nbsp;aura la lourde t\u00e2che de former un gouvernement d\u2019\u00e9quilibre entre les diff\u00e9rentes forces politiques pour avoir une assise stable au Parlement.<\/p>\n\n\n\n<p class=\"\">Mais cette premi\u00e8re mission ne sera que la premi\u00e8re de travaux hercul\u00e9ens devant aboutir&nbsp;<strong>\u00e0 l\u2019adoption d\u2019un budget<\/strong>, en \u00e9vitant la censure donc. Certains s\u2019y sont essay\u00e9s avec plus ou moins de succ\u00e8s.<\/p>\n","protected":false},"excerpt":{"rendered":"<p>51 jours pour nommer Michel Barnier, 8 pour Fran\u00e7ois Bayrou et \u00e0 peine plus de 24 heures pour offrir un bail \u00e0 dur\u00e9e (tr\u00e8s) ind\u00e9termin\u00e9e \u00e0&nbsp;S\u00e9bastien Lecornu&nbsp;\u00e0 l\u2019h\u00f4tel de Matignon. Emmanuel Macron a fait le choix de la continuit\u00e9&nbsp;en nommant l\u2019ancien ministre des Arm\u00e9es en tant que nouveau Premier ministre ce mardi 9&nbsp;septembre 2025.&nbsp;L\u2019ex-pr\u00e9sident du [&hellip;]<\/p>\n","protected":false},"author":2,"featured_media":37973,"comment_status":"open","ping_status":"open","sticky":false,"template":"","format":"standard","meta":{"_jetpack_memberships_contains_paid_content":false,"footnotes":"","jetpack_publicize_message":"","jetpack_publicize_feature_enabled":true,"jetpack_social_post_already_shared":true,"jetpack_social_options":{"image_generator_settings":{"template":"highway","default_image_id":0,"font":"","enabled":true,"token":"eyJpbWciOiJodHRwczpcL1wvd3d3LmljZWFnZXR2LmNvbVwvcmFkaW9zaXRlXC93cC1jb250ZW50XC91cGxvYWRzXC8yMDI1XC8wOVwvQ2FwdHVyZS1kZWNyYW4tMjAyNS0wOS0wOS0yMDA0MTUucG5nIiwidHh0IjoiQ2V0dGUgZm9pcywgRW1tYW51ZWwgTWFjcm9uIG4mIzgyMTc7aFx1MDBlOXNpdGUgcGFzIDogU1x1MDBlOWJhc3RpZW4gTGVjb3JudSBwcm9wdWxzXHUwMGU5IFx1MDBlMCBNYXRpZ25vbiBwb3VyIHRlbnRlciBkZSBnb3V2ZXJuZXIiLCJ0ZW1wbGF0ZSI6ImhpZ2h3YXkiLCJmb250IjoiIiwiYmxvZ19pZCI6MTExMDE2NDYxfQ.w90FxejOjebyy0fss0VzpYBZ74L0SvccpZG0SLUIgtMMQ"},"version":2},"_wpas_customize_per_network":false},"categories":[405],"tags":[],"class_list":["post-37972","post","type-post","status-publish","format-standard","has-post-thumbnail","hentry","category-actu-france-monde"],"jetpack_publicize_connections":[],"jetpack_featured_media_url":"https:\/\/i0.wp.com\/www.iceagetv.com\/radiosite\/wp-content\/uploads\/2025\/09\/Capture-decran-2025-09-09-200415.png?fit=830%2C497&ssl=1","jetpack_sharing_enabled":true,"_links":{"self":[{"href":"https:\/\/www.iceagetv.com\/radiosite\/wp-json\/wp\/v2\/posts\/37972","targetHints":{"allow":["GET"]}}],"collection":[{"href":"https:\/\/www.iceagetv.com\/radiosite\/wp-json\/wp\/v2\/posts"}],"about":[{"href":"https:\/\/www.iceagetv.com\/radiosite\/wp-json\/wp\/v2\/types\/post"}],"author":[{"embeddable":true,"href":"https:\/\/www.iceagetv.com\/radiosite\/wp-json\/wp\/v2\/users\/2"}],"replies":[{"embeddable":true,"href":"https:\/\/www.iceagetv.com\/radiosite\/wp-json\/wp\/v2\/comments?post=37972"}],"version-history":[{"count":1,"href":"https:\/\/www.iceagetv.com\/radiosite\/wp-json\/wp\/v2\/posts\/37972\/revisions"}],"predecessor-version":[{"id":37974,"href":"https:\/\/www.iceagetv.com\/radiosite\/wp-json\/wp\/v2\/posts\/37972\/revisions\/37974"}],"wp:featuredmedia":[{"embeddable":true,"href":"https:\/\/www.iceagetv.com\/radiosite\/wp-json\/wp\/v2\/media\/37973"}],"wp:attachment":[{"href":"https:\/\/www.iceagetv.com\/radiosite\/wp-json\/wp\/v2\/media?parent=37972"}],"wp:term":[{"taxonomy":"category","embeddable":true,"href":"https:\/\/www.iceagetv.com\/radiosite\/wp-json\/wp\/v2\/categories?post=37972"},{"taxonomy":"post_tag","embeddable":true,"href":"https:\/\/www.iceagetv.com\/radiosite\/wp-json\/wp\/v2\/tags?post=37972"}],"curies":[{"name":"wp","href":"https:\/\/api.w.org\/{rel}","templated":true}]}}