{"id":37988,"date":"2025-09-10T11:45:52","date_gmt":"2025-09-10T09:45:52","guid":{"rendered":"https:\/\/www.iceagetv.com\/radiosite\/?p=37988"},"modified":"2025-09-10T11:45:55","modified_gmt":"2025-09-10T09:45:55","slug":"blocages-du-10-septembre-de-rennes-a-paris-le-point-sur-les-mobilisations-en-cours-un-peu-partout-en-france","status":"publish","type":"post","link":"https:\/\/www.iceagetv.com\/radiosite\/blocages-du-10-septembre-de-rennes-a-paris-le-point-sur-les-mobilisations-en-cours-un-peu-partout-en-france\/","title":{"rendered":"Blocages du 10 septembre\u00a0: de Rennes \u00e0 Paris, le point sur les mobilisations en cours un peu partout en France"},"content":{"rendered":"\n<p class=\"\">Blocages du 10 septembre\u00a0: de Rennes \u00e0 Paris, le point sur les mobilisations en cours un peu partout en FranceLa col\u00e8re sociale monte en France. La&nbsp;<a href=\"https:\/\/www.lefigaro.fr\/social\/direct-bloquons-tout-10-septembre-mouvement-greves-manifestations-perturbations-transports-ecole-20250910\" target=\"_blank\" rel=\"noreferrer noopener\">journ\u00e9e de mobilisation du 10 septembre<\/a>&nbsp;a d\u00e9but\u00e9 t\u00f4t ce mercredi matin, avec le blocage du p\u00e9riph\u00e9rique parisien et de quelques lyc\u00e9es, du march\u00e9 de Rungis et de certains axes routiers en r\u00e9gion.&nbsp;<em>Le Figaro<\/em>&nbsp;fait un point de situation sur les perturbations ce mercredi matin.<\/p>\n\n\n\n<h2 class=\"wp-block-heading\" id=\"piquets-de-greve-sur-le-peripherique-et-lycees-bloques-a-paris\">Piquets de gr\u00e8ve sur le p\u00e9riph\u00e9rique et lyc\u00e9es bloqu\u00e9s \u00e0 Paris<\/h2>\n\n\n\n<p class=\"\">\u00c0 Paris et dans sa r\u00e9gion, plusieurs manifestations \u00e9taient \u00e0 noter, entre le\u00a0<strong>blocage d\u2019un d\u00e9p\u00f4t de bus RATP\u00a0<\/strong>et plusieurs\u00a0<strong>piquets de gr\u00e8ve sur le p\u00e9riph\u00e9rique<\/strong>\u00a0porte de la Chapelle, porte de Bagnolet et porte de Montreuil notamment, avec des feux allum\u00e9s. Selon des chiffres transmis par la pr\u00e9fecture de police de Paris,\u00a0<strong>132 personnes ont \u00e9t\u00e9 interpell\u00e9es<\/strong>\u00a0dans l\u2019agglom\u00e9ration parisienne.Plusieurs&nbsp;<strong>lyc\u00e9es parisiens sont bloqu\u00e9s<\/strong>&nbsp;par des \u00e9l\u00e8ves gr\u00e9vistes, notamment les \u00e9tablissements H\u00e9l\u00e8ne Boucher (20<sup>e<\/sup>), Victor Hugo (3<sup>e<\/sup>), Henri IV (5<sup>e<\/sup>) ou encore Lamartine (9<sup>e<\/sup>).<\/p>\n\n\n\n<p class=\"\">Aux abords de la&nbsp;<strong>gare du Nord<\/strong>, la situation s\u2019est l\u00e9g\u00e8rement tendue ce mercredi matin. Les entr\u00e9es du hall 1 de la gare sont bloqu\u00e9es par les forces de l\u2019ordre, emp\u00eachant plusieurs centaines de manifestants d\u2019y p\u00e9n\u00e9trer. D\u2019importants moyens policiers ont \u00e9t\u00e9 mobilis\u00e9s sur place d\u00e8s mardi soir. Dans les transports en commun parisiens, aucune perturbation majeure n\u2019est \u00e0 d\u00e9plorer.<\/p>\n\n\n\n<h2 class=\"wp-block-heading\" id=\"des-manifestations-un-peu-partout-en-france-rennes-en-premiere-ligne\">Des manifestations un peu partout en France, Rennes en premi\u00e8re ligne<\/h2>\n\n\n\n<p class=\"\">Dans le reste du pays, des blocages sont \u00e9galement constat\u00e9s, comme \u00e0 Marseille, Lyon, Bordeaux et surtout Rennes, o\u00f9 l\u2019appel \u00e0 la mobilisation est annonc\u00e9 comme particuli\u00e8rement suivi.<\/p>\n\n\n\n<p class=\"\">\u00c0&nbsp;<strong>Rennes<\/strong>, sur la rocade Sud, la situation s\u2019est tendue apr\u00e8s l\u2019incendie d\u2019un bus. Un pont a peut-\u00eatre \u00e9t\u00e9 fragilis\u00e9 au moment de l\u2019explosion de ce bus, et des pompiers ont \u00e9t\u00e9 pris \u00e0 partie, selon la police nationale. Quelques centaines de manifestants, majoritairement des \u00e9tudiants, ont install\u00e9 des enceintes sur la route. Des tags \u00abFree Palestine and Congo\u00bb ont \u00e9t\u00e9 inscrits sur le sol.<\/p>\n\n\n\n<p class=\"\">\u00c0\u00a0<strong>Marseille<\/strong>, les manifestants se sont donn\u00e9 rendez-vous sur le rond-point de l\u2019Europe, mais aussi sur les boulevards Chave et Sakakini, pr\u00e8s de l\u2019h\u00f4pital de la Timone, sur un axe routier tr\u00e8s passant, dans le but de bloquer la circulation.\u00c0&nbsp;<strong>Lyon<\/strong>, un groupe d\u2019une centaine de personnes s\u2019est dirig\u00e9 du quartier Perrache vers ceux de la Guilloti\u00e8re et Part-Dieu, o\u00f9 les forces de l\u2019ordre ont fait usage de lacrymog\u00e8nes. Cours Gambetta, les banques et agences d\u2019int\u00e9rim habituellement pris pour cible ont barricad\u00e9 leur vitrine, comme certains commerces du centre-ville.<\/p>\n\n\n\n<p class=\"\">\u00c0\u00a0<strong>Nantes<\/strong>, vigilance renforc\u00e9e dans l\u2019hypercentre, apr\u00e8s des \u00e9chauffour\u00e9es avec des tentatives d\u2019installation de barricades enflamm\u00e9es autour du ch\u00e2teau des ducs et de la rue de Strasbourg. Un agent de s\u00e9curit\u00e9 a \u00e9t\u00e9 post\u00e9 sur le pont d\u2019acc\u00e8s au ch\u00e2teau, d\u2019habitude libre d\u2019acc\u00e8s. Des v\u00e9hicules du Service d\u00e9partemental d\u2019incendie et de secours (Sdis)<em>\u00a0<\/em>sont post\u00e9s aux abords. Des commer\u00e7ants qui ne s\u2019\u00e9taient pas barricad\u00e9s mardi soir installent leurs dispositifs de protection.154 actions, 4000 manifestants et 192 interpellations<\/p>\n\n\n\n<p class=\"\">Au total,&nbsp;<strong>154 actions<\/strong>&nbsp;en zone \u00abgendarmerie nationale\u00bb pour un volume de manifestants estim\u00e9 \u00e0 plus de 4000 personnes ont pour l\u2019heure \u00e9t\u00e9 d\u00e9nombr\u00e9es, ainsi que&nbsp;<strong>18 actions de blocage d\u2019axes<\/strong>&nbsp;et&nbsp;<strong>119 rassemblements<\/strong>. Et les autorit\u00e9s ont proc\u00e9d\u00e9 \u00e0&nbsp;<strong>48 actions de d\u00e9blocage<\/strong>. Au total,&nbsp;<strong>192 personnes ont \u00e9t\u00e9 interpell\u00e9es<\/strong>&nbsp;en France.<\/p>\n\n\n\n<p class=\"\">Parmi les faits importants ce matin, deux personnes ont \u00e9t\u00e9 interpell\u00e9es lors de la vague de refoulement sur l\u2019A10 au niveau du p\u00e9age de Poitiers Sud. Une dizaine de personnes \u00e9taient aussi en train de bloquer l\u2019A20 dans le sens sud vers nord au niveau de Saint Hilaire Bonneval (6 tracteurs et 10 VL).Peu de perturbations dans les transports<\/p>\n\n\n\n<p class=\"\">Sur le<strong>\u00a0r\u00e9seau ferr\u00e9<\/strong>\u00a0<strong>national<\/strong>,\u00a0<em>\u00ables niveaux de gr\u00e9vistes et les trafics sont globalement conformes aux pr\u00e9visions\u00bb<\/em>, a annonc\u00e9 le minist\u00e8re des Transports. Des\u00a0<em>\u00abincendies volontaires d\u2019art\u00e8res de c\u00e2bles\u00bb<\/em>\u00a0ont \u00e9t\u00e9 commis, \u00e0 Colomiers, sur la ligne Toulouse-Auch, ou entre Marmande et Agen. De m\u00eame, une grille d\u2019acc\u00e8s \u00e0 une gare a \u00e9t\u00e9 cadenass\u00e9e, et un arbre a \u00e9t\u00e9 d\u00e9pos\u00e9\u00a0<em>\u00absur la voie entre Roanne \u00e0 Saint-Germain-au-Mont-d\u2019Or\u00bb<\/em>.Dans&nbsp;<strong>l\u2019a\u00e9rien<\/strong>, les acc\u00e8s aux a\u00e9roports de Nantes, Toulouse et La R\u00e9union sont perturb\u00e9s par des manifestations. Sur le terrain,&nbsp;<em>\u00abune mont\u00e9e progressive des retards est attendue au cours de la matin\u00e9e\u00bb<\/em>, et un&nbsp;<em>\u00abfort impact\u00bb<\/em>&nbsp;est attendu sur les vols&nbsp;<em>\u00ab\u00e0 destination de Nice, Marseille, Lyon et de la Corse dans la soir\u00e9e\u00bb<\/em>.<\/p>\n\n\n\n<p class=\"\">Enfin, sur le&nbsp;<strong>r\u00e9seau routier<\/strong>, des mobilisations perturbent sporadiquement des axes, autour de Poitiers, Aix-en-Provence, Toulouse, Rennes ou Nantes.<\/p>\n","protected":false},"excerpt":{"rendered":"<p>Blocages du 10 septembre\u00a0: de Rennes \u00e0 Paris, le point sur les mobilisations en cours un peu partout en FranceLa col\u00e8re sociale monte en France. La&nbsp;journ\u00e9e de mobilisation du 10 septembre&nbsp;a d\u00e9but\u00e9 t\u00f4t ce mercredi matin, avec le blocage du p\u00e9riph\u00e9rique parisien et de quelques lyc\u00e9es, du march\u00e9 de Rungis et de certains axes routiers [&hellip;]<\/p>\n","protected":false},"author":2,"featured_media":37990,"comment_status":"open","ping_status":"open","sticky":false,"template":"","format":"standard","meta":{"_jetpack_memberships_contains_paid_content":false,"footnotes":"","jetpack_publicize_message":"","jetpack_publicize_feature_enabled":true,"jetpack_social_post_already_shared":true,"jetpack_social_options":{"image_generator_settings":{"template":"highway","default_image_id":0,"font":"","enabled":true,"token":"eyJpbWciOiJodHRwczpcL1wvd3d3LmljZWFnZXR2LmNvbVwvcmFkaW9zaXRlXC93cC1jb250ZW50XC91cGxvYWRzXC8yMDI1XC8wOVwvQ2FwdHVyZS1kZWNyYW4tMjAyNS0wOS0xMC0xMTQ1MDkucG5nIiwidHh0IjoiQmxvY2FnZXMgZHUgMTAgc2VwdGVtYnJlXHUwMGEwOiBkZSBSZW5uZXMgXHUwMGUwIFBhcmlzLCBsZSBwb2ludCBzdXIgbGVzIG1vYmlsaXNhdGlvbnMgZW4gY291cnMgdW4gcGV1IHBhcnRvdXQgZW4gRnJhbmNlIiwidGVtcGxhdGUiOiJoaWdod2F5IiwiZm9udCI6IiIsImJsb2dfaWQiOjExMTAxNjQ2MX0.CDulibvAfy_ZeYIUnvL-qeBAo5kDqku9IhckUD2RSZkMQ"},"version":2},"_wpas_customize_per_network":false},"categories":[405],"tags":[],"class_list":["post-37988","post","type-post","status-publish","format-standard","has-post-thumbnail","hentry","category-actu-france-monde"],"jetpack_publicize_connections":[],"jetpack_featured_media_url":"https:\/\/i0.wp.com\/www.iceagetv.com\/radiosite\/wp-content\/uploads\/2025\/09\/Capture-decran-2025-09-10-114509.png?fit=692%2C380&ssl=1","jetpack_sharing_enabled":true,"_links":{"self":[{"href":"https:\/\/www.iceagetv.com\/radiosite\/wp-json\/wp\/v2\/posts\/37988","targetHints":{"allow":["GET"]}}],"collection":[{"href":"https:\/\/www.iceagetv.com\/radiosite\/wp-json\/wp\/v2\/posts"}],"about":[{"href":"https:\/\/www.iceagetv.com\/radiosite\/wp-json\/wp\/v2\/types\/post"}],"author":[{"embeddable":true,"href":"https:\/\/www.iceagetv.com\/radiosite\/wp-json\/wp\/v2\/users\/2"}],"replies":[{"embeddable":true,"href":"https:\/\/www.iceagetv.com\/radiosite\/wp-json\/wp\/v2\/comments?post=37988"}],"version-history":[{"count":1,"href":"https:\/\/www.iceagetv.com\/radiosite\/wp-json\/wp\/v2\/posts\/37988\/revisions"}],"predecessor-version":[{"id":37991,"href":"https:\/\/www.iceagetv.com\/radiosite\/wp-json\/wp\/v2\/posts\/37988\/revisions\/37991"}],"wp:featuredmedia":[{"embeddable":true,"href":"https:\/\/www.iceagetv.com\/radiosite\/wp-json\/wp\/v2\/media\/37990"}],"wp:attachment":[{"href":"https:\/\/www.iceagetv.com\/radiosite\/wp-json\/wp\/v2\/media?parent=37988"}],"wp:term":[{"taxonomy":"category","embeddable":true,"href":"https:\/\/www.iceagetv.com\/radiosite\/wp-json\/wp\/v2\/categories?post=37988"},{"taxonomy":"post_tag","embeddable":true,"href":"https:\/\/www.iceagetv.com\/radiosite\/wp-json\/wp\/v2\/tags?post=37988"}],"curies":[{"name":"wp","href":"https:\/\/api.w.org\/{rel}","templated":true}]}}