{"id":37993,"date":"2025-09-10T16:16:48","date_gmt":"2025-09-10T14:16:48","guid":{"rendered":"https:\/\/www.iceagetv.com\/radiosite\/?p=37993"},"modified":"2025-09-10T16:16:52","modified_gmt":"2025-09-10T14:16:52","slug":"antibes-une-attaque-au-couteau-dans-un-lycee-fait-au-moins-deux-blesses-lassaillant-interpelle","status":"publish","type":"post","link":"https:\/\/www.iceagetv.com\/radiosite\/antibes-une-attaque-au-couteau-dans-un-lycee-fait-au-moins-deux-blesses-lassaillant-interpelle\/","title":{"rendered":"Antibes\u00a0: une attaque au couteau dans un lyc\u00e9e fait au moins deux bless\u00e9s, l\u2019assaillant interpell\u00e9"},"content":{"rendered":"\n<p class=\"\">Parmi les victimes, une enseignante, qui a \u00e9t\u00e9 gravement bless\u00e9e mais dont le pronostic vital n\u2019est pas engag\u00e9. Annie Genevard, ministre de l\u2019Agriculture et de la Souverainet\u00e9 alimentaire se rend sur place.<a href=\"https:\/\/www.lefigaro.fr\/faits-divers\/antibes-une-attaque-au-couteau-dans-un-lycee-fait-deux-blesses-20250910#fig-a11y-skip-main-pave_atf\">Passer la publicit\u00e9<\/a><\/p>\n\n\n\n<p class=\"\">Un individu a fait irruption dans le lyc\u00e9e horticole\u00a0<a href=\"http:\/\/www.lefigaro.fr\/nice\/antibes-portes-disparus-deux-enfants-de-8-ans-retrouves-morts-dans-une-piscine-20250805\">d\u2019Antibes<\/a>\u00a0(Alpes-Maritimes) et a bless\u00e9 au moins deux personnes avant d\u2019\u00eatre interpell\u00e9, a-t-on appris de source polici\u00e8re. Une professeure d\u2019anglais d\u2019une cinquantaine d\u2019ann\u00e9es a \u00e9t\u00e9 gravement touch\u00e9e mais son pronostic vital n\u2019est pas engag\u00e9, nous pr\u00e9cise-t-on. L\u2019autre victime est une \u00e9l\u00e8ve, plus l\u00e9g\u00e8rement bless\u00e9e.Le maire de la ville,\u00a0<a href=\"http:\/\/www.lefigaro.fr\/politique\/jean-leonetti-avec-la-nouvelle-loi-sur-la-fin-de-vie-tous-les-verrous-sauteront-tot-ou-tard-20250418\">Jean Leonetti<\/a>, a annonc\u00e9 sur son compte X qu\u2019une troisi\u00e8me personne avait aussi \u00e9t\u00e9 bless\u00e9e sans gravit\u00e9. \u00ab<em>L\u2019auteur a pu \u00eatre ma\u00eetris\u00e9 gr\u00e2ce au sang-froid remarquable du chef d\u2019\u00e9tablissement et des \u00e9quipes pr\u00e9sentes<\/em>\u00bb, a-t-il indiqu\u00e9 en condamnant\u00a0<em>\u00abcette agression brutale qui malheureusement n\u2019\u00e9pargne aucun territoire de notre pays\u00bb<\/em>.Annie Genevard, ministre de l\u2019Agriculture et de la Souverainet\u00e9 alimentaire se rend sur place. Les deux victimes ont selon elle \u00e9t\u00e9&nbsp;<em>\u00absauvagement\u00bb<\/em>&nbsp;attaqu\u00e9es.&nbsp;<em>\u00abL\u2019\u00e9cole doit rester un sanctuaire r\u00e9publicain&nbsp;: la violence n\u2019y a aucune place et ne sera jamais tol\u00e9r\u00e9e\u00bb<\/em>, a-t-elle r\u00e9agi.<\/p>\n\n\n\n<h2 class=\"wp-block-heading\" id=\"subhead-217b49ac-cf52-4524-9a22-85b22d6516f9\">\u00abCrime terrible et inacceptable\u00bb<\/h2>\n\n\n\n<p class=\"\">L\u2019assaillant serait un ancien \u00e9l\u00e8ve de l\u2019\u00e9tablissement, le campus Vert d\u2019Azur.&nbsp;<em>\u00abUne professeur a \u00e9t\u00e9 attaqu\u00e9e au couteau par un ancien \u00e9l\u00e8ve\u00bb<\/em>, a indiqu\u00e9 le pr\u00e9sident de la r\u00e9gion, Renaud Muselier.&nbsp;<em>\u00abCe crime terrible est incompr\u00e9hensible est inacceptable\u00bb<\/em>, a-t-il poursuivi, en apportant son soutien aux professeurs et&nbsp;<em>\u00ab\u00e0 tous ceux qui portent l\u2019autorit\u00e9 en France\u00bb<\/em>.<\/p>\n\n\n\n<p class=\"\"><em>\u00abJ\u2019exprime tout mon soutien aux victimes et \u00e0 leurs proches. Je remercie les policiers et les pompiers pour leur r\u00e9activit\u00e9 et leur professionnalisme exemplaires\u00bb<\/em>, a ajout\u00e9 Jean Leonetti, maire Les R\u00e9publicains d\u2019Antibes.<\/p>\n\n\n\n<p class=\"\">Plusieurs coll\u00e8ges ou lyc\u00e9es ont \u00e9t\u00e9 touch\u00e9s ces derniers mois par des&nbsp;<a href=\"http:\/\/www.lefigaro.fr\/marseille\/attaque-au-couteau-a-marseille-un-periple-criminel-d-une-dizaine-de-minutes-selon-le-procureur-de-la-republique-20250903\">attaques au couteau<\/a>. La semaine derni\u00e8re, un enseignant a \u00e9t\u00e9 l\u00e9g\u00e8rement bless\u00e9 par un de ses coll\u00e8gues, qui lui a port\u00e9 deux coups de couteau lors d\u2019une altercation dans la salle des professeurs&nbsp;<a href=\"http:\/\/www.lefigaro.fr\/faits-divers\/martigues-un-enseignant-legerement-blesse-par-l-un-de-ses-collegues-porteur-d-un-couteau-en-salle-des-professeurs-20250903\">d\u2019un lyc\u00e9e de Martigues<\/a>&nbsp;(Bouches-du-Rh\u00f4ne). En juin, un coll\u00e9gien de 14 ans avait&nbsp;<a href=\"http:\/\/www.lefigaro.fr\/flash-actu\/on-n-arrivera-jamais-a-oublier-drapeaux-en-berne-et-hommages-a-nogent-apres-le-meurtre-d-une-surveillante-de-college-20250611\">tu\u00e9 une surveillante<\/a>, \u00e9galement \u00e0 coups de couteau, \u00e0 Nogent (Haute-Marne). Et en avril, un lyc\u00e9en a tu\u00e9 une adolescente de 15 ans et bless\u00e9 trois autres personnes dans&nbsp;<a href=\"http:\/\/www.lefigaro.fr\/actualite-france\/attaque-au-couteau-dans-un-lycee-de-nantes-la-police-dans-les-meandres-de-la-piste-ideologique-20250505\">un lyc\u00e9e de Nantes<\/a>.<\/p>\n","protected":false},"excerpt":{"rendered":"<p>Parmi les victimes, une enseignante, qui a \u00e9t\u00e9 gravement bless\u00e9e mais dont le pronostic vital n\u2019est pas engag\u00e9. Annie Genevard, ministre de l\u2019Agriculture et de la Souverainet\u00e9 alimentaire se rend sur place.Passer la publicit\u00e9 Un individu a fait irruption dans le lyc\u00e9e horticole\u00a0d\u2019Antibes\u00a0(Alpes-Maritimes) et a bless\u00e9 au moins deux personnes avant d\u2019\u00eatre interpell\u00e9, a-t-on appris [&hellip;]<\/p>\n","protected":false},"author":2,"featured_media":37995,"comment_status":"open","ping_status":"open","sticky":false,"template":"","format":"standard","meta":{"_jetpack_memberships_contains_paid_content":false,"footnotes":"","jetpack_publicize_message":"","jetpack_publicize_feature_enabled":true,"jetpack_social_post_already_shared":true,"jetpack_social_options":{"image_generator_settings":{"template":"highway","default_image_id":0,"font":"","enabled":true,"token":"eyJpbWciOiJodHRwczpcL1wvd3d3LmljZWFnZXR2LmNvbVwvcmFkaW9zaXRlXC93cC1jb250ZW50XC91cGxvYWRzXC8yMDI1XC8wOVwvQ2FwdHVyZS1kZWNyYW4tMjAyNS0wOS0xMC0xNjE2MTQucG5nIiwidHh0IjoiQW50aWJlc1x1MDBhMDogdW5lIGF0dGFxdWUgYXUgY291dGVhdSBkYW5zIHVuIGx5Y1x1MDBlOWUgZmFpdCBhdSBtb2lucyBkZXV4IGJsZXNzXHUwMGU5cywgbFx1MjAxOWFzc2FpbGxhbnQgaW50ZXJwZWxsXHUwMGU5IiwidGVtcGxhdGUiOiJoaWdod2F5IiwiZm9udCI6IiIsImJsb2dfaWQiOjExMTAxNjQ2MX0.AS5MVH8ptd8jTN3JwBZbYVDOZhh13EDZplswk2dKD_8MQ"},"version":2},"_wpas_customize_per_network":false},"categories":[405],"tags":[],"class_list":["post-37993","post","type-post","status-publish","format-standard","has-post-thumbnail","hentry","category-actu-france-monde"],"jetpack_publicize_connections":[],"jetpack_featured_media_url":"https:\/\/i0.wp.com\/www.iceagetv.com\/radiosite\/wp-content\/uploads\/2025\/09\/Capture-decran-2025-09-10-161614.png?fit=563%2C267&ssl=1","jetpack_sharing_enabled":true,"_links":{"self":[{"href":"https:\/\/www.iceagetv.com\/radiosite\/wp-json\/wp\/v2\/posts\/37993","targetHints":{"allow":["GET"]}}],"collection":[{"href":"https:\/\/www.iceagetv.com\/radiosite\/wp-json\/wp\/v2\/posts"}],"about":[{"href":"https:\/\/www.iceagetv.com\/radiosite\/wp-json\/wp\/v2\/types\/post"}],"author":[{"embeddable":true,"href":"https:\/\/www.iceagetv.com\/radiosite\/wp-json\/wp\/v2\/users\/2"}],"replies":[{"embeddable":true,"href":"https:\/\/www.iceagetv.com\/radiosite\/wp-json\/wp\/v2\/comments?post=37993"}],"version-history":[{"count":1,"href":"https:\/\/www.iceagetv.com\/radiosite\/wp-json\/wp\/v2\/posts\/37993\/revisions"}],"predecessor-version":[{"id":37996,"href":"https:\/\/www.iceagetv.com\/radiosite\/wp-json\/wp\/v2\/posts\/37993\/revisions\/37996"}],"wp:featuredmedia":[{"embeddable":true,"href":"https:\/\/www.iceagetv.com\/radiosite\/wp-json\/wp\/v2\/media\/37995"}],"wp:attachment":[{"href":"https:\/\/www.iceagetv.com\/radiosite\/wp-json\/wp\/v2\/media?parent=37993"}],"wp:term":[{"taxonomy":"category","embeddable":true,"href":"https:\/\/www.iceagetv.com\/radiosite\/wp-json\/wp\/v2\/categories?post=37993"},{"taxonomy":"post_tag","embeddable":true,"href":"https:\/\/www.iceagetv.com\/radiosite\/wp-json\/wp\/v2\/tags?post=37993"}],"curies":[{"name":"wp","href":"https:\/\/api.w.org\/{rel}","templated":true}]}}