{"id":37998,"date":"2025-09-10T17:01:23","date_gmt":"2025-09-10T15:01:23","guid":{"rendered":"https:\/\/www.iceagetv.com\/radiosite\/?p=37998"},"modified":"2025-09-10T17:01:27","modified_gmt":"2025-09-10T15:01:27","slug":"la-greve-du-paiement-par-carte-aura-t-elle-vraiment-lieu-selon-un-sondage-35-des-francais-ne-sortiront-pas-leur-cb-ce-mercredi","status":"publish","type":"post","link":"https:\/\/www.iceagetv.com\/radiosite\/la-greve-du-paiement-par-carte-aura-t-elle-vraiment-lieu-selon-un-sondage-35-des-francais-ne-sortiront-pas-leur-cb-ce-mercredi\/","title":{"rendered":"La gr\u00e8ve du paiement par carte aura-t-elle vraiment lieu? Selon un sondage, 35% des Fran\u00e7ais ne sortiront pas leur CB ce mercredi"},"content":{"rendered":"\n<p class=\"\">Dans un sondage command\u00e9 par le site MoneyVox, plus d&rsquo;un Fran\u00e7ais sur trois assure qu&rsquo;il ne paiera pas par carte ce mercredi 10 septembre dans le cadre du mouvement \u00ab\u00a0Bloquons tout\u00a0\u00bb.<\/p>\n\n\n\n<p class=\"\">La gr\u00e8ve du paiement par carte aura-t-elle lieu? L&rsquo;initiative est soutenue par certains commer\u00e7ants dont des restaurateurs&nbsp;<a href=\"https:\/\/www.bfmtv.com\/economie\/entreprises\/appels-a-payer-en-cash-le-10-septembre-quelles-sont-ces-commissions-payees-par-les-commercants-auxquelles-veulent-s-attaquer-les-participants-au-mouvement-bloquons-tout_AN-202509080690.html\">et est surtout largement relay\u00e9e sur les r\u00e9seaux sociaux<\/a>&nbsp;dans le cadre du mouvement \u00ab\u00a0Bloquons tout\u00a0\u00bb du 10 septembre.<\/p>\n\n\n\n<blockquote class=\"wp-block-quote is-layout-flow wp-block-quote-is-layout-flow\">\n<p class=\"\">\u00ab\u00a0Dites non au tracking, aux commissions bancaires, \u00e0 la surveillance num\u00e9rique\u00a0\u00bb, enjoint l&rsquo;une des publications visibles sur Facebook.<\/p>\n<\/blockquote>\n\n\n\n<p class=\"\">Le mouvement vise \u00e0 mettre le pays \u00e0 l\u2019arr\u00eat, au moins le temps d\u2019une journ\u00e9e, et cela ne passera pas seulement par des gr\u00e8ves chez Amazon ou dans des raffineries Totalenergies mais aussi par une r\u00e9duction de la consommation et du paiement exclusivement en cash. C&rsquo;est en tout cas ce que souhaitent les promoteurs de cette \u00ab\u00a0gr\u00e8ve de la CB\u00a0\u00bb.<\/p>\n\n\n\n<p class=\"\">Le but est de priver les banques de leurs commissions. Selon les d\u00e9fenseurs du mouvement \u00ab\u00a0Bloquons tout\u00a0\u00bb, jusqu&rsquo;\u00e0 6 milliards d&rsquo;euros de commissions pourraient \u00eatre perdus par les banques si 10 millions de Fran\u00e7ais arr\u00eataient pendant un mois de r\u00e9gler par carte bancaire. Un chiffre difficilement v\u00e9rifiable. Et il para\u00eet de plus hautement improbable que 10 millions de Fran\u00e7ais se privent de leur mode de paiement pr\u00e9f\u00e9r\u00e9 durant un long mois.<\/p>\n\n\n\n<p class=\"\">Malgr\u00e9 tout, MoneyVox a souhait\u00e9&nbsp;r\u00e9aliser&nbsp;un sondage exclusif avec YouGov* afin de savoir si les Fran\u00e7ais comptaient soutenir cette initiative. D&rsquo;abord, une majorit\u00e9 d&rsquo;entre eux ont entendu parler de cette gr\u00e8ve. 62% des personnes interrog\u00e9es sont au courant de cette initiative&nbsp;contre 36%. En parall\u00e8le, \u00e0 la question \u00ab\u00a0envisagez-vous de ne pas utiliser votre carte bancaire le 10 septembre?\u00a0\u00bb le r\u00e9sultat de r\u00e9ponses positives est \u00e9tonnamment \u00e9lev\u00e9 avec 35% de r\u00e9pondants qui assure que \u00ab\u00a0oui\u00a0\u00bb et 27% qui ne savent pas encore.<\/p>\n\n\n\n<h2 class=\"wp-block-heading\" id=\"32f6h\">43% disent vouloir limiter les achats<\/h2>\n\n\n\n<blockquote class=\"wp-block-quote is-layout-flow wp-block-quote-is-layout-flow\">\n<p class=\"\">\u00ab\u00a0Ce chiffre de 35% est important et rappelle l\u2019appel au retrait de son argent des banques qu\u2019avait lanc\u00e9, sans grand succ\u00e8s, Eric Cantona il y a 15 ans, observe Maxime Chipoy, pr\u00e9sident&nbsp;de MoneyVox. Avec une diff\u00e9rence de taille: le boycott d\u2019un jour des paiements CB ne fera que les d\u00e9caler, sans grande cons\u00e9quence \u00e9conomique, l\u00e0 o\u00f9 des&nbsp;retraits&nbsp;massifs&nbsp;auraient eu plus de cons\u00e9quences n\u00e9gatives,&nbsp;et surtout pour les clients.\u00a0\u00bb<\/p>\n<\/blockquote>\n\n\n\n<p class=\"\">Si la gr\u00e8ve est une d\u00e9cision tr\u00e8s radicale, une part tout de m\u00eame tr\u00e8s importante (43%) des r\u00e9pondants pensent qu&rsquo;ils vont volontairement limiter leurs achats ce jour-l\u00e0 en soutien au mouvement&nbsp;&#8211; et parmi eux, une majorit\u00e9 de CSP &#8211; (51%) contre 36% qui ne semblent pas vouloir changer leurs habitudes.<\/p>\n\n\n\n<p class=\"\">Est-ce que ce mouvement sera dans les faits tr\u00e8s suivi? Ce sondage montre en tout cas qu&rsquo;il y a une part importante de sympathisants dans la population fran\u00e7aise. Ce qui surprend l&rsquo;auteur de l&rsquo;\u00e9tude. \u00ab\u00a0Ce souhait de p\u00e9naliser les banques est assez \u00e9tonnant&nbsp;alors m\u00eame que les relations entre banquiers et clients se sont en effet beaucoup apais\u00e9es ces derni\u00e8res ann\u00e9es, gr\u00e2ce \u00e0&nbsp;<a href=\"https:\/\/www.bfmtv.com\/economie\/replay-emissions\/good-morning-market\/video-88-millions-d-euros-credit-agricole-accepte-de-payer-une-amende-pour-regler-son-litige-dans-l-affaire-dite-cum-cum_VN-202509090229.html\">l\u2019absence de scandales bancaires<\/a>&nbsp;et \u00e0 un encadrement croissant par les pouvoirs publics des \u00ab\u00a0irritants\u00a0\u00bb, comme les frais d\u2019incidents&nbsp;ou de d\u00e9couverts\u00a0\u00bb, estime Maxime Chipoy.<\/p>\n\n\n\n<p class=\"\"><em>*L&rsquo;enqu\u00eate a \u00e9t\u00e9 r\u00e9alis\u00e9e sur 1.029 personnes repr\u00e9sentatives de la population nationale fran\u00e7aise \u00e2g\u00e9e de 18 ans et plus. Le sondage a \u00e9t\u00e9 effectu\u00e9 en ligne, sur le panel propri\u00e9taire YouGov France, du 5 au 8 septembre 2025.<\/em><\/p>\n","protected":false},"excerpt":{"rendered":"<p>Dans un sondage command\u00e9 par le site MoneyVox, plus d&rsquo;un Fran\u00e7ais sur trois assure qu&rsquo;il ne paiera pas par carte ce mercredi 10 septembre dans le cadre du mouvement \u00ab\u00a0Bloquons tout\u00a0\u00bb. La gr\u00e8ve du paiement par carte aura-t-elle lieu? L&rsquo;initiative est soutenue par certains commer\u00e7ants dont des restaurateurs&nbsp;et est surtout largement relay\u00e9e sur les r\u00e9seaux [&hellip;]<\/p>\n","protected":false},"author":2,"featured_media":37999,"comment_status":"open","ping_status":"open","sticky":false,"template":"","format":"standard","meta":{"_jetpack_memberships_contains_paid_content":false,"footnotes":"","jetpack_publicize_message":"","jetpack_publicize_feature_enabled":true,"jetpack_social_post_already_shared":true,"jetpack_social_options":{"image_generator_settings":{"template":"highway","default_image_id":0,"font":"","enabled":true,"token":"eyJpbWciOiJodHRwczpcL1wvd3d3LmljZWFnZXR2LmNvbVwvcmFkaW9zaXRlXC93cC1jb250ZW50XC91cGxvYWRzXC8yMDI1XC8wOVwvQ2FwdHVyZS1kZWNyYW4tMjAyNS0wOS0xMC0xNzAwNTIucG5nIiwidHh0IjoiTGEgZ3JcdTAwZTh2ZSBkdSBwYWllbWVudCBwYXIgY2FydGUgYXVyYS10LWVsbGUgdnJhaW1lbnQgbGlldT8gU2Vsb24gdW4gc29uZGFnZSwgMzUlIGRlcyBGcmFuXHUwMGU3YWlzIG5lIHNvcnRpcm9udCBwYXMgbGV1ciBDQiBjZSBtZXJjcmVkaSIsInRlbXBsYXRlIjoiaGlnaHdheSIsImZvbnQiOiIiLCJibG9nX2lkIjoxMTEwMTY0NjF9.3TdW4gOrEvl8PfBWYAbe75UbHMuQHT-lwhs-dAUm5j4MQ"},"version":2},"_wpas_customize_per_network":false},"categories":[405],"tags":[],"class_list":["post-37998","post","type-post","status-publish","format-standard","has-post-thumbnail","hentry","category-actu-france-monde"],"jetpack_publicize_connections":[],"jetpack_featured_media_url":"https:\/\/i0.wp.com\/www.iceagetv.com\/radiosite\/wp-content\/uploads\/2025\/09\/Capture-decran-2025-09-10-170052.png?fit=447%2C300&ssl=1","jetpack_sharing_enabled":true,"_links":{"self":[{"href":"https:\/\/www.iceagetv.com\/radiosite\/wp-json\/wp\/v2\/posts\/37998","targetHints":{"allow":["GET"]}}],"collection":[{"href":"https:\/\/www.iceagetv.com\/radiosite\/wp-json\/wp\/v2\/posts"}],"about":[{"href":"https:\/\/www.iceagetv.com\/radiosite\/wp-json\/wp\/v2\/types\/post"}],"author":[{"embeddable":true,"href":"https:\/\/www.iceagetv.com\/radiosite\/wp-json\/wp\/v2\/users\/2"}],"replies":[{"embeddable":true,"href":"https:\/\/www.iceagetv.com\/radiosite\/wp-json\/wp\/v2\/comments?post=37998"}],"version-history":[{"count":1,"href":"https:\/\/www.iceagetv.com\/radiosite\/wp-json\/wp\/v2\/posts\/37998\/revisions"}],"predecessor-version":[{"id":38000,"href":"https:\/\/www.iceagetv.com\/radiosite\/wp-json\/wp\/v2\/posts\/37998\/revisions\/38000"}],"wp:featuredmedia":[{"embeddable":true,"href":"https:\/\/www.iceagetv.com\/radiosite\/wp-json\/wp\/v2\/media\/37999"}],"wp:attachment":[{"href":"https:\/\/www.iceagetv.com\/radiosite\/wp-json\/wp\/v2\/media?parent=37998"}],"wp:term":[{"taxonomy":"category","embeddable":true,"href":"https:\/\/www.iceagetv.com\/radiosite\/wp-json\/wp\/v2\/categories?post=37998"},{"taxonomy":"post_tag","embeddable":true,"href":"https:\/\/www.iceagetv.com\/radiosite\/wp-json\/wp\/v2\/tags?post=37998"}],"curies":[{"name":"wp","href":"https:\/\/api.w.org\/{rel}","templated":true}]}}