{"id":38044,"date":"2025-09-11T08:36:06","date_gmt":"2025-09-11T06:36:06","guid":{"rendered":"https:\/\/www.iceagetv.com\/radiosite\/?p=38044"},"modified":"2025-09-11T08:36:11","modified_gmt":"2025-09-11T06:36:11","slug":"meurtre-de-charlie-kirk-chasse-a-lhomme-en-cours-aux-usa-pour-retrouver-le-tireur-que-sait-on-ce-matin-sur-cet-assassinat-qui-bouleverse-les-usa","status":"publish","type":"post","link":"https:\/\/www.iceagetv.com\/radiosite\/meurtre-de-charlie-kirk-chasse-a-lhomme-en-cours-aux-usa-pour-retrouver-le-tireur-que-sait-on-ce-matin-sur-cet-assassinat-qui-bouleverse-les-usa\/","title":{"rendered":"Meurtre de Charlie Kirk &#8211; Chasse \u00e0 l&rsquo;homme en cours aux USA pour retrouver le tireur &#8211; Que sait-on ce matin sur cet assassinat qui bouleverse les USA"},"content":{"rendered":"\n<p class=\"\"><strong>Les autorit\u00e9s am\u00e9ricaines ont lanc\u00e9 une chasse \u00e0 l&rsquo;homme pour retrouver le tueur pr\u00e9sum\u00e9 du jeune militant conservateur am\u00e9ricain Charlie Kirk<\/strong>, un fid\u00e8le alli\u00e9 du pr\u00e9sident Donald Trump, assassin\u00e9 par balle mercredi pendant une r\u00e9union publique sur le campus d&rsquo;une universit\u00e9 de l&rsquo;Utah. Le pr\u00e9sident Trump a d&rsquo;ores et d\u00e9j\u00e0 mis en cause \u00ab\u00a0la gauche radicale\u00a0\u00bb dans l&rsquo;assassinat de celui qu&rsquo;il a qualifi\u00e9 de \u00ab\u00a0martyr de la v\u00e9rit\u00e9 et de la libert\u00e9\u00a0\u00bb.<strong>A la t\u00eate du principal mouvement de jeunes conservateurs aux Etats-Unis qu&rsquo;il a cofond\u00e9 en 2012 \u00e0 l&rsquo;\u00e2ge de 18 ans, Charlie Kirk s&rsquo;exprimait \u00e0 la mi-journ\u00e9e sur le campus de l&rsquo;universit\u00e9 de la vall\u00e9e de l&rsquo;Utah, \u00e0 Orem, \u00e0 une soixantaine de kilom\u00e8tres au sud de Salt Lake City, dans l&rsquo;ouest des Etats-Unis.<\/strong><\/p>\n\n\n\n<p class=\"\">Simple tee-shirt blanc barr\u00e9 du mot \u00ab\u00a0Freedom\u00a0\u00bb (\u00ab\u00a0Libert\u00e9\u00a0\u00bb), pantalon fonc\u00e9, assis sur une chaise sous une tente blanche aux couleurs bleu et rouge de son \u00ab\u00a0American comeback tour\u00a0\u00bb, il r\u00e9pond aux questions d&rsquo;un public fourni, rassembl\u00e9 en ext\u00e9rieur.&nbsp;<\/p>\n\n\n\n<p class=\"\">Sa r\u00e9union publique du jour, la premi\u00e8re d&rsquo;une quinzaine de dates programm\u00e9es \u00e0 travers le pays jusqu&rsquo;\u00e0 fin octobre, est organis\u00e9e sous le slogan \u00ab\u00a0Prove me wrong\u00a0\u00bb (\u00ab\u00a0D\u00e9montrez-moi que j&rsquo;ai tort\u00a0\u00bb). \u00ab\u00a0Il y avait beaucoup de monde. Il est arriv\u00e9, il lan\u00e7ait des casquettes, il chauffait la foule\u00a0\u00bb, raconte l&rsquo;ancien parlementaire r\u00e9publicain Jason Chaffetz, pr\u00e9sent sur place, \u00e0 Fox News.<\/p>\n\n\n\n<p class=\"\">La d\u00e9tonation d&rsquo;un tir par arme \u00e0 feu retentit au moment pr\u00e9cis o\u00f9 Charlie Kirk est interrog\u00e9 sur les tueries de masse, selon des t\u00e9moins. Le militant de 31 ans s&rsquo;effondre sur son c\u00f4t\u00e9 gauche, touch\u00e9 par une balle. Du sang jaillit de son cou, montre une vid\u00e9o prise \u00e0 proche distance. Des cris de panique r\u00e9sonnent dans le public.<\/p>\n\n\n\n<p class=\"\">Gri\u00e8vement bless\u00e9, le podcasteur trentenaire est \u00e9vacu\u00e9 des lieux par ses gardes du corps, sur un brancard pouss\u00e9 de fa\u00e7on pr\u00e9cipit\u00e9e. \u00ab\u00a0D\u00e8s que le tir a retenti, tout le monde s&rsquo;est jet\u00e9 \u00e0 terre et s&rsquo;est mis \u00e0 courir dans tous les sens en criant et en hurlant\u00a0\u00bb, relate Jason Chaffetz. A<\/p>\n\n\n\n<p class=\"\"><strong>Deux hommes ont \u00e9t\u00e9 bri\u00e8vement d\u00e9tenus puis rel\u00e2ch\u00e9s afin d&rsquo;\u00eatre interrog\u00e9s par les autorit\u00e9s, tandis que les recherches se poursuivent. Un homme, George Zinn, a \u00e9t\u00e9 inculp\u00e9 pour obstruction \u00e0 l&rsquo;enqu\u00eate. Selon les autorit\u00e9s, aucun des deux hommes n&rsquo;a \u00ab\u00a0actuellement de lien avec le tir\u00a0\u00bb.<\/strong><\/p>\n\n\n\n<p class=\"\">On a tir\u00e9 \u00ab\u00a0depuis un b\u00e2timent situ\u00e9 \u00e0 environ 180 m\u00e8tres\u00a0\u00bb de Charlie Kirk, d\u00e9taille l&rsquo;universit\u00e9. \u00ab\u00a0Le tir venait du campus, potentiellement d&rsquo;un toit\u00a0\u00bb, et le tireur portait des v\u00eatements sombres, pr\u00e9cisent plus tard les autorit\u00e9s locales.<\/p>\n\n\n\n<p class=\"\">La mort de Charlie Kirk est annonc\u00e9e en fin d&rsquo;apr\u00e8s-midi par Donald Trump lui-m\u00eame. \u00ab\u00a0Le grand et m\u00eame l\u00e9gendaire Charlie Kirk est mort\u00a0\u00bb, \u00e9crit-il.<\/p>\n\n\n\n<p class=\"\">De l&rsquo;autre c\u00f4t\u00e9 de l&rsquo;\u00e9chiquier politique, Kamala Harris, candidate malheureuse \u00e0 la pr\u00e9sidentielle am\u00e9ricaine de 2024, condamne l&rsquo;attaque en affirmant que \u00ab\u00a0la violence politique n&rsquo;a pas sa place en Am\u00e9rique\u00a0\u00bb, \u00e0 l&rsquo;unisson d&rsquo;autres figures d\u00e9mocrates et de la gauche: Joe Biden, Barack Obama, Bernie Sanders ou encore le gouverneur de Californie Gavin Newsom.<\/p>\n","protected":false},"excerpt":{"rendered":"<p>Les autorit\u00e9s am\u00e9ricaines ont lanc\u00e9 une chasse \u00e0 l&rsquo;homme pour retrouver le tueur pr\u00e9sum\u00e9 du jeune militant conservateur am\u00e9ricain Charlie Kirk, un fid\u00e8le alli\u00e9 du pr\u00e9sident Donald Trump, assassin\u00e9 par balle mercredi pendant une r\u00e9union publique sur le campus d&rsquo;une universit\u00e9 de l&rsquo;Utah. Le pr\u00e9sident Trump a d&rsquo;ores et d\u00e9j\u00e0 mis en cause \u00ab\u00a0la gauche [&hellip;]<\/p>\n","protected":false},"author":2,"featured_media":38046,"comment_status":"open","ping_status":"open","sticky":false,"template":"","format":"standard","meta":{"_jetpack_memberships_contains_paid_content":false,"footnotes":"","jetpack_publicize_message":"","jetpack_publicize_feature_enabled":true,"jetpack_social_post_already_shared":true,"jetpack_social_options":{"image_generator_settings":{"template":"highway","default_image_id":0,"font":"","enabled":true,"token":"eyJpbWciOiJodHRwczpcL1wvd3d3LmljZWFnZXR2LmNvbVwvcmFkaW9zaXRlXC93cC1jb250ZW50XC91cGxvYWRzXC8yMDI1XC8wOVwvQ2FwdHVyZS1kZWNyYW4tMjAyNS0wOS0xMS0wODM1MjcucG5nIiwidHh0IjoiTWV1cnRyZSBkZSBDaGFybGllIEtpcmsgJiM4MjExOyBDaGFzc2UgXHUwMGUwIGwmIzgyMTc7aG9tbWUgZW4gY291cnMgYXV4IFVTQSBwb3VyIHJldHJvdXZlciBsZSB0aXJldXIgJiM4MjExOyBRdWUgc2FpdC1vbiBjZSBtYXRpbiBzdXIgY2V0IGFzc2Fzc2luYXQgcXVpIGJvdWxldmVyc2UgbGVzIFVTQSIsInRlbXBsYXRlIjoiaGlnaHdheSIsImZvbnQiOiIiLCJibG9nX2lkIjoxMTEwMTY0NjF9.aBH1pii5VzThCIXU9t4ljVIuHWg-TbD2V_QtwmpvpDQMQ"},"version":2},"_wpas_customize_per_network":false},"categories":[405],"tags":[],"class_list":["post-38044","post","type-post","status-publish","format-standard","has-post-thumbnail","hentry","category-actu-france-monde"],"jetpack_publicize_connections":[],"jetpack_featured_media_url":"https:\/\/i0.wp.com\/www.iceagetv.com\/radiosite\/wp-content\/uploads\/2025\/09\/Capture-decran-2025-09-11-083527.png?fit=1021%2C407&ssl=1","jetpack_sharing_enabled":true,"_links":{"self":[{"href":"https:\/\/www.iceagetv.com\/radiosite\/wp-json\/wp\/v2\/posts\/38044","targetHints":{"allow":["GET"]}}],"collection":[{"href":"https:\/\/www.iceagetv.com\/radiosite\/wp-json\/wp\/v2\/posts"}],"about":[{"href":"https:\/\/www.iceagetv.com\/radiosite\/wp-json\/wp\/v2\/types\/post"}],"author":[{"embeddable":true,"href":"https:\/\/www.iceagetv.com\/radiosite\/wp-json\/wp\/v2\/users\/2"}],"replies":[{"embeddable":true,"href":"https:\/\/www.iceagetv.com\/radiosite\/wp-json\/wp\/v2\/comments?post=38044"}],"version-history":[{"count":1,"href":"https:\/\/www.iceagetv.com\/radiosite\/wp-json\/wp\/v2\/posts\/38044\/revisions"}],"predecessor-version":[{"id":38047,"href":"https:\/\/www.iceagetv.com\/radiosite\/wp-json\/wp\/v2\/posts\/38044\/revisions\/38047"}],"wp:featuredmedia":[{"embeddable":true,"href":"https:\/\/www.iceagetv.com\/radiosite\/wp-json\/wp\/v2\/media\/38046"}],"wp:attachment":[{"href":"https:\/\/www.iceagetv.com\/radiosite\/wp-json\/wp\/v2\/media?parent=38044"}],"wp:term":[{"taxonomy":"category","embeddable":true,"href":"https:\/\/www.iceagetv.com\/radiosite\/wp-json\/wp\/v2\/categories?post=38044"},{"taxonomy":"post_tag","embeddable":true,"href":"https:\/\/www.iceagetv.com\/radiosite\/wp-json\/wp\/v2\/tags?post=38044"}],"curies":[{"name":"wp","href":"https:\/\/api.w.org\/{rel}","templated":true}]}}